{"id":8887,"date":"2026-04-27T18:55:18","date_gmt":"2026-04-27T16:55:18","guid":{"rendered":"https:\/\/www.ffrum.at\/website\/wp1\/?p=8887"},"modified":"2026-04-27T18:55:18","modified_gmt":"2026-04-27T16:55:18","slug":"gesamtuebung-der-aktivmannschaft-freiwillige-feuerwehr-rum-24-april-2026","status":"publish","type":"post","link":"https:\/\/www.ffrum.at\/website\/wp1\/2026\/04\/27\/gesamtuebung-der-aktivmannschaft-freiwillige-feuerwehr-rum-24-april-2026\/","title":{"rendered":"Gesamt\u00fcbung der Aktivmannschaft  Freiwillige Feuerwehr Rum \u2013 24. April 2026"},"content":{"rendered":"<p>Am <strong>Freitag, den 24. April 2026<\/strong>, fand die <strong>4. Gesamt\u00fcbung der Aktivmannschaft der Freiwilligen Feuerwehr Rum<\/strong> statt. Insgesamt nahmen <strong>26 Mitglieder<\/strong> an der \u00dcbung teil.<\/p>\n<p>Die \u00dcbungsleitung \u00fcbernahmen <strong>Julian Huber, Josef Lamparter und Stefan Painer<\/strong>. Da unser Funkbeauftragter Julian Huber bereits in die Vorbereitung eingebunden war, lag ein wesentlicher Schwerpunkt dieser \u00dcbung auf den Themen <strong>Funk, Einsatzleitung und Lagef\u00fchrung<\/strong>.<\/p>\n<p>Es wurden 4 Gruppen gebildet. Eine Gruppe befand sich jeweils im Funkraum.<\/p>\n<p>&nbsp;<\/p>\n<p><strong>Station 1 \u2013 Funkraum, Einsatzleitsystem &amp; Lagef\u00fchrung<\/strong><\/p>\n<p><strong>\u00dcbungsleiter: Julian Huber<\/strong><\/p>\n<p>&nbsp;<\/p>\n<p>Dort wurden die Teilnehmer in wichtigen Bereichen der Einsatzorganisation geschult:<\/p>\n<ul>\n<li>Arbeiten mit dem <strong>Einsatzleitsystem<\/strong><\/li>\n<li>Nutzung verschiedener <strong>Tools am PC<\/strong><\/li>\n<li>Grundlagen und Abl\u00e4ufe der <strong>Lagef\u00fchrung<\/strong><\/li>\n<li>Funkdisziplin und strukturierte Kommunikation im Einsatzfall<\/li>\n<\/ul>\n<p>Diese Inhalte sind besonders bei gr\u00f6\u00dferen Eins\u00e4tzen von zentraler Bedeutung und bilden die Grundlage f\u00fcr eine geordnete Einsatzabwicklung.<\/p>\n<p>&nbsp;<\/p>\n<p><strong>S<\/strong><strong>tation 2 \u2013 Hydrantenkontrolle im Ortsgebiet<\/strong><\/p>\n<p><strong>\u00dcbungsleiter: Josef Lamparter und Stefan Painer<\/strong><\/p>\n<p>&nbsp;<\/p>\n<p>Die \u00fcbrigen drei Gruppen wurden im Wechsel per Funk zu verschiedenen Hydranten im gesamten Ortsgebiet entsandt. Dort wurde jeweils eine <strong>Funktionspr\u00fcfung durch Sp\u00fclen der Hydranten<\/strong> durchgef\u00fchrt.<\/p>\n<p>Im Zuge der \u00dcbung konnten insgesamt <strong>35 Hydranten \u00fcberpr\u00fcft<\/strong> werden.<\/p>\n<p>Dabei wurden:<\/p>\n<ul>\n<li>die Standorte der Hydranten gefestigt<\/li>\n<li>die Funktionsf\u00e4higkeit kontrolliert<\/li>\n<li>das Kartensystem aktualisiert<\/li>\n<li>nicht funktionsf\u00e4hige Hydranten bereits an die Gemeinde gemeldet<\/li>\n<\/ul>\n<p>Solche \u00dcbungen sind f\u00fcr die Feuerwehr von gro\u00dfer Bedeutung, da im Einsatzfall jeder Handgriff sitzen muss und die Wasserversorgung eine zentrale Rolle spielt.<\/p>\n<p>&nbsp;<\/p>\n<p><strong>Praxisnahe Ausbildung mit gro\u00dfem Mehrwert<\/strong><\/p>\n<p>Die Kombination aus Funkschulung, Lagef\u00fchrung und praktischer Hydrantenkontrolle machte diese Gesamt\u00fcbung besonders wertvoll. Neben dem technischen Wissen wurde auch die Orientierung im Ortsgebiet sowie die Kommunikation \u00fcber Funk intensiv be\u00fcbt.<\/p>\n<p>&nbsp;<\/p>\n<p><strong>Offizielle \u00dcbernahme in den Aktivstand<\/strong><\/p>\n<p>Im Anschluss an die \u00dcbung konnte <strong>Manuel Kostner<\/strong> offiziell in den <strong>Aktivstand der FF Rum<\/strong> \u00fcbernommen werden und darf ab sofort auch Eins\u00e4tze in unserer Gemeinschaft mitbew\u00e4ltigen.<\/p>\n<p>Dazu gratulieren wir herzlich und w\u00fcnschen allzeit eine gesunde R\u00fcckkehr von allen \u00dcbungen und Eins\u00e4tzen.<\/p>\n<p>&nbsp;<\/p>\n<p><strong>Kameradschaftlicher Ausklang<\/strong><\/p>\n<p>Im Rahmen der Nachbesprechung wurde die Mannschaft mit <strong>Radieschen vom Gutscherhof<\/strong>, garniert mit <strong>Speckk\u00f6stlichkeiten unseres \u00f6rtlichen Metzgers<\/strong>, bestens verw\u00f6hnt.<\/p>\n<p>Der Abend klang in kameradschaftlicher Runde gem\u00fctlich aus.<\/p>\n<p>Ein herzlicher Dank gilt allen \u00dcbungsleitern, Organisatoren und Helfern f\u00fcr die Vorbereitung und Durchf\u00fchrung dieser gelungenen und lehrreichen Gesamt\u00fcbung.<\/p>\n<div id='gallery-1' class='gallery galleryid-8887 gallery-columns-3 gallery-size-thumbnail'><figure class='gallery-item'>\n\t\t\t<div class='gallery-icon landscape'>\n\t\t\t\t<a href='https:\/\/www.ffrum.at\/website\/wp1\/2026\/04\/27\/gesamtuebung-der-aktivmannschaft-freiwillige-feuerwehr-rum-24-april-2026\/whatsapp-image-2026-04-27-at-18-19-45\/'><img loading=\"lazy\" width=\"150\" height=\"150\" src=\"https:\/\/www.ffrum.at\/website\/wp1\/wp-content\/uploads\/2026\/04\/WhatsApp-Image-2026-04-27-at-18.19.45-150x150.jpeg\" class=\"attachment-thumbnail size-thumbnail\" alt=\"WhatsApp Image 2026-04-27 at 18.19.45\" loading=\"lazy\" decoding=\"async\" \/><\/a>\n\t\t\t<\/div><\/figure><figure class='gallery-item'>\n\t\t\t<div class='gallery-icon portrait'>\n\t\t\t\t<a href='https:\/\/www.ffrum.at\/website\/wp1\/2026\/04\/27\/gesamtuebung-der-aktivmannschaft-freiwillige-feuerwehr-rum-24-april-2026\/whatsapp-image-2026-04-27-at-18-19-55\/'><img loading=\"lazy\" width=\"150\" height=\"150\" src=\"https:\/\/www.ffrum.at\/website\/wp1\/wp-content\/uploads\/2026\/04\/WhatsApp-Image-2026-04-27-at-18.19.55-150x150.jpeg\" class=\"attachment-thumbnail size-thumbnail\" alt=\"WhatsApp Image 2026-04-27 at 18.19.55\" loading=\"lazy\" decoding=\"async\" \/><\/a>\n\t\t\t<\/div><\/figure>\n\t\t<\/div>\n\n<p>Bericht: FF Rum<br \/>\nBilder: FF Rum<\/p>\n","protected":false},"excerpt":{"rendered":"<p>Am Freitag, den 24. April 2026, fand die 4. Gesamt\u00fcbung der Aktivmannschaft der Freiwilligen Feuerwehr&#8230;<\/p>\n","protected":false},"author":10,"featured_media":8889,"comment_status":"closed","ping_status":"open","sticky":false,"template":"","format":"standard","meta":{"footnotes":""},"categories":[1,11],"tags":[],"class_list":["post-8887","post","type-post","status-publish","format-standard","has-post-thumbnail","hentry","category-kameradschaft","category-uebungen"],"_links":{"self":[{"href":"https:\/\/www.ffrum.at\/website\/wp1\/wp-json\/wp\/v2\/posts\/8887","targetHints":{"allow":["GET"]}}],"collection":[{"href":"https:\/\/www.ffrum.at\/website\/wp1\/wp-json\/wp\/v2\/posts"}],"about":[{"href":"https:\/\/www.ffrum.at\/website\/wp1\/wp-json\/wp\/v2\/types\/post"}],"author":[{"embeddable":true,"href":"https:\/\/www.ffrum.at\/website\/wp1\/wp-json\/wp\/v2\/users\/10"}],"replies":[{"embeddable":true,"href":"https:\/\/www.ffrum.at\/website\/wp1\/wp-json\/wp\/v2\/comments?post=8887"}],"version-history":[{"count":2,"href":"https:\/\/www.ffrum.at\/website\/wp1\/wp-json\/wp\/v2\/posts\/8887\/revisions"}],"predecessor-version":[{"id":8893,"href":"https:\/\/www.ffrum.at\/website\/wp1\/wp-json\/wp\/v2\/posts\/8887\/revisions\/8893"}],"wp:featuredmedia":[{"embeddable":true,"href":"https:\/\/www.ffrum.at\/website\/wp1\/wp-json\/wp\/v2\/media\/8889"}],"wp:attachment":[{"href":"https:\/\/www.ffrum.at\/website\/wp1\/wp-json\/wp\/v2\/media?parent=8887"}],"wp:term":[{"taxonomy":"category","embeddable":true,"href":"https:\/\/www.ffrum.at\/website\/wp1\/wp-json\/wp\/v2\/categories?post=8887"},{"taxonomy":"post_tag","embeddable":true,"href":"https:\/\/www.ffrum.at\/website\/wp1\/wp-json\/wp\/v2\/tags?post=8887"}],"curies":[{"name":"wp","href":"https:\/\/api.w.org\/{rel}","templated":true}]}}