{"id":8752,"date":"2026-03-01T20:37:20","date_gmt":"2026-03-01T19:37:20","guid":{"rendered":"https:\/\/www.ffrum.at\/website\/wp1\/?p=8752"},"modified":"2026-03-01T20:37:20","modified_gmt":"2026-03-01T19:37:20","slug":"skiausflug-der-ff-rum-am-28-februar-2026-obergurgl","status":"publish","type":"post","link":"https:\/\/www.ffrum.at\/website\/wp1\/2026\/03\/01\/skiausflug-der-ff-rum-am-28-februar-2026-obergurgl\/","title":{"rendered":"Skiausflug der FF Rum am 28. Februar 2026 \u2013 Obergurgl"},"content":{"rendered":"<p>Am Samstag, den 28. Februar 2026, ging es f\u00fcr die Mitglieder der Freiwilligen Feuerwehr Rum zum Skiausflug ins Skigebiet nach Obergurgl.<\/p>\n<p>Bereits um 7:15 Uhr trafen wir uns beim Ger\u00e4tehaus in Rum. Jung und Alt \u2013 alle waren mit dabei \u2013 insgesamt 28 Mitglieder nahmen am Ausflug teil. P\u00fcnktlich um 7:30 Uhr starteten wir gemeinsam in Richtung \u00d6tztal.<\/p>\n<p>Um 9:45 Uhr konnten die Tagestickets abgeholt werden und es ging direkt auf die Piste. Bei traumhaft sch\u00f6nem Wetter und besten Pistenverh\u00e4ltnissen verbrachten wir in kleinen Gruppen einen unglaublich sch\u00f6nen Skitag. Immer wieder traf man sich zwischendurch auf den H\u00fctten oder an vereinbarten Treffpunkten \u2013 ganz im Zeichen der Kameradschaft.<\/p>\n<p>P\u00fcnktlich um 16:30 Uhr versammelten sich alle wieder beim Bus, bevor es weiter zur Branger Alm ging. Dort lie\u00dfen wir den gelungenen Skitag bei einem gemeinsamen Abendessen gem\u00fctlich ausklingen und st\u00e4rkten uns nach den sportlichen Stunden auf der Piste.<\/p>\n<p>Gegen 22:00 Uhr trafen wir schlie\u00dflich wieder beim Ger\u00e4tehaus ein.<\/p>\n<p>Ein rundum gelungener Skitag bei herrlichem Wetter, perfekten Bedingungen und bester Kameradschaft!<\/p>\n<p>Ein besonderer Dank gilt den Organisatoren Christian Lechner und Kurt Lamparter sowie unserem Kommandanten Romed Stocker f\u00fcr die Unterst\u00fctzung.<\/p>\n<p>Ebenso bedanken wir uns herzlich bei unserem Busfahrer Werner von L\u00fcftner Reisen, der nicht nur f\u00fcr eine sichere Fahrt sorgte, sondern uns auch bestens im Bus verpflegte.<\/p>\n<div id='gallery-1' class='gallery galleryid-8752 gallery-columns-3 gallery-size-thumbnail'><figure class='gallery-item'>\n\t\t\t<div class='gallery-icon landscape'>\n\t\t\t\t<a href='https:\/\/www.ffrum.at\/website\/wp1\/20260228_144019875_ios\/'><img loading=\"lazy\" width=\"150\" height=\"150\" src=\"https:\/\/www.ffrum.at\/website\/wp1\/wp-content\/uploads\/2026\/03\/20260228_144019875_iOS-150x150.jpeg\" class=\"attachment-thumbnail size-thumbnail\" alt=\"20260228_144019875_iOS\" loading=\"lazy\" decoding=\"async\" \/><\/a>\n\t\t\t<\/div><\/figure><figure class='gallery-item'>\n\t\t\t<div class='gallery-icon landscape'>\n\t\t\t\t<a href='https:\/\/www.ffrum.at\/website\/wp1\/20260228_124025526_ios\/'><img loading=\"lazy\" width=\"150\" height=\"150\" src=\"https:\/\/www.ffrum.at\/website\/wp1\/wp-content\/uploads\/2026\/03\/20260228_124025526_iOS-150x150.jpeg\" class=\"attachment-thumbnail size-thumbnail\" alt=\"20260228_124025526_iOS\" loading=\"lazy\" decoding=\"async\" \/><\/a>\n\t\t\t<\/div><\/figure><figure class='gallery-item'>\n\t\t\t<div class='gallery-icon landscape'>\n\t\t\t\t<a href='https:\/\/www.ffrum.at\/website\/wp1\/20260228_101349842_ios\/'><img loading=\"lazy\" width=\"150\" height=\"150\" src=\"https:\/\/www.ffrum.at\/website\/wp1\/wp-content\/uploads\/2026\/03\/20260228_101349842_iOS-150x150.jpeg\" class=\"attachment-thumbnail size-thumbnail\" alt=\"20260228_101349842_iOS\" loading=\"lazy\" decoding=\"async\" \/><\/a>\n\t\t\t<\/div><\/figure><figure class='gallery-item'>\n\t\t\t<div class='gallery-icon landscape'>\n\t\t\t\t<a href='https:\/\/www.ffrum.at\/website\/wp1\/20260228_090626914_ios\/'><img loading=\"lazy\" width=\"150\" height=\"150\" src=\"https:\/\/www.ffrum.at\/website\/wp1\/wp-content\/uploads\/2026\/03\/20260228_090626914_iOS-150x150.jpeg\" class=\"attachment-thumbnail size-thumbnail\" alt=\"20260228_090626914_iOS\" loading=\"lazy\" decoding=\"async\" \/><\/a>\n\t\t\t<\/div><\/figure><figure class='gallery-item'>\n\t\t\t<div class='gallery-icon landscape'>\n\t\t\t\t<a href='https:\/\/www.ffrum.at\/website\/wp1\/20260228_095236689_ios\/'><img loading=\"lazy\" width=\"150\" height=\"150\" src=\"https:\/\/www.ffrum.at\/website\/wp1\/wp-content\/uploads\/2026\/03\/20260228_095236689_iOS-150x150.jpeg\" class=\"attachment-thumbnail size-thumbnail\" alt=\"20260228_095236689_iOS\" loading=\"lazy\" decoding=\"async\" \/><\/a>\n\t\t\t<\/div><\/figure>\n\t\t<\/div>\n\n<p>Bilder: FF Rum<\/p>\n<p>Bericht: FF Rum<\/p>\n","protected":false},"excerpt":{"rendered":"<p>Am Samstag, den 28. Februar 2026, ging es f\u00fcr die Mitglieder der Freiwilligen Feuerwehr Rum&#8230;<\/p>\n","protected":false},"author":10,"featured_media":8757,"comment_status":"closed","ping_status":"open","sticky":false,"template":"","format":"standard","meta":{"footnotes":""},"categories":[1],"tags":[],"class_list":["post-8752","post","type-post","status-publish","format-standard","has-post-thumbnail","hentry","category-kameradschaft"],"_links":{"self":[{"href":"https:\/\/www.ffrum.at\/website\/wp1\/wp-json\/wp\/v2\/posts\/8752","targetHints":{"allow":["GET"]}}],"collection":[{"href":"https:\/\/www.ffrum.at\/website\/wp1\/wp-json\/wp\/v2\/posts"}],"about":[{"href":"https:\/\/www.ffrum.at\/website\/wp1\/wp-json\/wp\/v2\/types\/post"}],"author":[{"embeddable":true,"href":"https:\/\/www.ffrum.at\/website\/wp1\/wp-json\/wp\/v2\/users\/10"}],"replies":[{"embeddable":true,"href":"https:\/\/www.ffrum.at\/website\/wp1\/wp-json\/wp\/v2\/comments?post=8752"}],"version-history":[{"count":2,"href":"https:\/\/www.ffrum.at\/website\/wp1\/wp-json\/wp\/v2\/posts\/8752\/revisions"}],"predecessor-version":[{"id":8761,"href":"https:\/\/www.ffrum.at\/website\/wp1\/wp-json\/wp\/v2\/posts\/8752\/revisions\/8761"}],"wp:featuredmedia":[{"embeddable":true,"href":"https:\/\/www.ffrum.at\/website\/wp1\/wp-json\/wp\/v2\/media\/8757"}],"wp:attachment":[{"href":"https:\/\/www.ffrum.at\/website\/wp1\/wp-json\/wp\/v2\/media?parent=8752"}],"wp:term":[{"taxonomy":"category","embeddable":true,"href":"https:\/\/www.ffrum.at\/website\/wp1\/wp-json\/wp\/v2\/categories?post=8752"},{"taxonomy":"post_tag","embeddable":true,"href":"https:\/\/www.ffrum.at\/website\/wp1\/wp-json\/wp\/v2\/tags?post=8752"}],"curies":[{"name":"wp","href":"https:\/\/api.w.org\/{rel}","templated":true}]}}