{"id":8729,"date":"2026-02-20T15:53:37","date_gmt":"2026-02-20T14:53:37","guid":{"rendered":"https:\/\/www.ffrum.at\/website\/wp1\/?p=8729"},"modified":"2026-02-25T16:20:19","modified_gmt":"2026-02-25T15:20:19","slug":"erste-gesamtuebung-am-19-02-2026","status":"publish","type":"post","link":"https:\/\/www.ffrum.at\/website\/wp1\/2026\/02\/20\/erste-gesamtuebung-am-19-02-2026\/","title":{"rendered":"Erste Gesamt\u00fcbung am 19.02.2026"},"content":{"rendered":"<p>Die erste Gesamt\u00fcbung im Jahr 2026 der Freiwilligen Feuerwehr Rum fand am Donnerstag, den 19. Februar 2026, statt. Mit dieser \u00dcbung startete die Feuerwehr nicht nur in ein neues Ausbildungsjahr, sondern auch in eine neue Organisationsform des \u00dcbungsbetriebes.<\/p>\n<p>&nbsp;<\/p>\n<p><strong>Umstellung des \u00dcbungsbetriebes \u2013 Hintergrund und Ziele<\/strong><\/p>\n<p>Mit dem \u00dcbungsplan 2026 wurde eine wesentliche \u00c4nderung im Ablauf des \u00dcbungsbetriebes vorgestellt. In den vergangenen Jahren war der \u00dcbungsplan sehr dicht gestaltet. Eine Auswertung zeigte jedoch, dass klassische Gruppen\u00fcbungen zunehmend schwieriger sinnvoll durchzuf\u00fchren waren. Durchschnittlich nahmen rund zehn Mitglieder pro \u00dcbung teil \u2013 oftmals fehlten dabei entscheidende Funktionen wie Atemschutzger\u00e4tetr\u00e4ger oder Maschinisten. Auch f\u00fcr die Gruppenkommandanten wurde es immer herausfordernder, ausreichend Personal f\u00fcr qualitativ hochwertige \u00dcbungen zu organisieren.<\/p>\n<p>&nbsp;<\/p>\n<p><strong>Was \u00e4ndert sich konkret?<\/strong><\/p>\n<p>\u00b7 Alle \u00dcbungen stehen k\u00fcnftig der gesamten Aktivmannschaft offen.<\/p>\n<p>\u00b7 Pro \u00dcbung werden mehrere Gruppenkommandanten bzw. verantwortliche Funktionstr\u00e4ger f\u00fcr verschiedene Stationen eingeteilt.<\/p>\n<p>\u00b7 Neben Gesamt\u00fcbungen bleiben auch Schulungsabende, themenspezifische Ausbildungsabende oder Action\u00fcbungen m\u00f6glich.<\/p>\n<p>\u00b7 Spezialfunktionen wie Atemschutz, Funk, Technik oder Maschinisten werden gezielt eingebunden.<\/p>\n<p>&nbsp;<\/p>\n<p><strong>Ziele der Umstellung<\/strong><\/p>\n<p>Die neue Struktur bringt zahlreiche Vorteile:<\/p>\n<p>\u00b7 h\u00f6here Qualit\u00e4t und bessere Planbarkeit<\/p>\n<p>\u00b7 mehr Flexibilit\u00e4t in der Ausbildung<\/p>\n<p>\u00b7 st\u00e4rkere Durchmischung der Mannschaft<\/p>\n<p>\u00b7 gezielter Einsatz von Expertenwissen<\/p>\n<p>\u00b7 organisatorische Entlastung<\/p>\n<p>\u00b7 gleichm\u00e4\u00dfigere Teilnahme \u00fcber das Jahr<\/p>\n<p>\u00b7 St\u00e4rkung der Kameradschaft<\/p>\n<p>\u00b7 bessere Begleitung neuer Mitglieder (Buddy-System)<\/p>\n<p>Die Umstellung befindet sich aktuell in einer Testphase. Nach dem ersten Halbjahr wird bei der Mitgliederversammlung am 12. Juni 2026 gemeinsam evaluiert, wie der \u00dcbungsbetrieb im zweiten Halbjahr fortgef\u00fchrt wird.<\/p>\n<p>Bereits bei der Vorstellung des neuen Systems am 21. November 2025 fiel das Feedback \u00fcberwiegend positiv aus \u2013 es gab keine Gegenstimmen gegen einen Probebetrieb. Umso wichtiger ist es nun, diesen neuen Weg gemeinsam, konsequent und verl\u00e4sslich zu gehen.<\/p>\n<p>&nbsp;<\/p>\n<p><strong>Bericht zur 1. Gesamt\u00fcbung am 19. Februar 2026<\/strong><\/p>\n<p>An der ersten Gesamt\u00fcbung nahmen 31 Mitglieder teil \u2013 ein starkes Zeichen f\u00fcr den gelungenen Start in das neue \u00dcbungssystem.<\/p>\n<p>Die Mannschaft wurde auf drei Stationen aufgeteilt:<\/p>\n<p>&nbsp;<\/p>\n<p><strong>Station 1 \u2013 Be- und Entl\u00fcften<\/strong><\/p>\n<p>\u00dcbungsleiter: Zugskommandant Matthias Mair<\/p>\n<p>Schwerpunkt dieser Station war das richtige Be- und Entl\u00fcften von Objekten. Eine vernebelte Waschbox wurde zun\u00e4chst mittels \u00dcberdruckbel\u00fcfter entraucht. In einem zweiten Versuch wurde die Ventilation mithilfe eines Hohlstrahlrohres durchgef\u00fchrt, um den Rauch kontrolliert ins Freie zu dr\u00fccken.<\/p>\n<p>Abschlie\u00dfend wurde ein vernebelter Schacht realit\u00e4tsnah entl\u00fcftet \u2013 eine anspruchsvolle Aufgabe, die das taktische Vorgehen und das Zusammenspiel der Mannschaft forderte.<\/p>\n<p><strong>Station 2 \u2013 Fahrzeugkunde TLFA 3000-100<\/strong><\/p>\n<p>\u00dcbungsleiter: Kommandant Romed Stocker<\/p>\n<p>An dieser Station stand das neue TLFA 3000-100 im Mittelpunkt. Die Mitglieder erhielten eine intensive Einschulung auf das neue Fahrzeug, seine Ausstattung sowie taktische Einsatzm\u00f6glichkeiten. Neben der Ger\u00e4tekunde wurde besonderes Augenmerk auf die richtige Handhabung und Abl\u00e4ufe im Einsatz gelegt.<\/p>\n<p><strong>Station 3 \u2013 Atemschutz\u00fcbung im Brandcontainer<\/strong><\/p>\n<p>\u00dcbungsleiter: Gruppenkommandant Alexander Bartenbach<\/p>\n<p>F\u00fcr die Atemschutzger\u00e4tetr\u00e4ger wurde es besonders intensiv: Im Brandcontainer wurde unter realit\u00e4tsnahen Bedingungen ge\u00fcbt. Hitze, Rauch und eingeschr\u00e4nkte Sicht forderten die Trupps sowohl k\u00f6rperlich als auch taktisch. Ziel war es, das richtige Vorgehen im Innenangriff weiter zu festigen und Sicherheit im Einsatz zu gewinnen.<\/p>\n<p><strong>Kameradschaftlicher Ausklang<\/strong><\/p>\n<p>Im Anschluss an die \u00dcbung gab es eine gemeinsame St\u00e4rkung, bevor der Abend in kameradschaftlicher Atmosph\u00e4re ausklang.<\/p>\n<p>Ein besonderer Dank gilt den drei \u00dcbungsleitern f\u00fcr die Organisation und Durchf\u00fchrung dieser \u00e4u\u00dferst lehrreichen und spannenden ersten Gesamt\u00fcbung im Jahr 2026.<\/p>\n<p>Mit 31 teilnehmenden Mitgliedern und drei praxisnahen Stationen war diese \u00dcbung ein gelungener Auftakt f\u00fcr das neue Ausbildungssystem der Freiwilligen Feuerwehr Rum.<\/p>\n<p>&nbsp;<\/p>\n<p>Bericht: FF Rum<br \/>\nBilder: FF Rum<\/p>\n<div id='gallery-1' class='gallery galleryid-8729 gallery-columns-3 gallery-size-thumbnail'><figure class='gallery-item'>\n\t\t\t<div class='gallery-icon landscape'>\n\t\t\t\t<a href='https:\/\/www.ffrum.at\/website\/wp1\/20260219_193334768_ios\/'><img loading=\"lazy\" width=\"150\" height=\"150\" src=\"https:\/\/www.ffrum.at\/website\/wp1\/wp-content\/uploads\/2026\/02\/20260219_193334768_iOS-150x150.jpeg\" class=\"attachment-thumbnail size-thumbnail\" alt=\"20260219_193334768_iOS\" loading=\"lazy\" decoding=\"async\" \/><\/a>\n\t\t\t<\/div><\/figure><figure class='gallery-item'>\n\t\t\t<div class='gallery-icon landscape'>\n\t\t\t\t<a href='https:\/\/www.ffrum.at\/website\/wp1\/20260219_191148586_ios\/'><img loading=\"lazy\" width=\"150\" height=\"150\" src=\"https:\/\/www.ffrum.at\/website\/wp1\/wp-content\/uploads\/2026\/02\/20260219_191148586_iOS-150x150.jpeg\" class=\"attachment-thumbnail size-thumbnail\" alt=\"20260219_191148586_iOS\" loading=\"lazy\" decoding=\"async\" \/><\/a>\n\t\t\t<\/div><\/figure><figure class='gallery-item'>\n\t\t\t<div class='gallery-icon portrait'>\n\t\t\t\t<a href='https:\/\/www.ffrum.at\/website\/wp1\/20260219_190159381_ios\/'><img loading=\"lazy\" width=\"150\" height=\"150\" src=\"https:\/\/www.ffrum.at\/website\/wp1\/wp-content\/uploads\/2026\/02\/20260219_190159381_iOS-150x150.jpeg\" class=\"attachment-thumbnail size-thumbnail\" alt=\"20260219_190159381_iOS\" loading=\"lazy\" decoding=\"async\" \/><\/a>\n\t\t\t<\/div><\/figure><figure class='gallery-item'>\n\t\t\t<div class='gallery-icon landscape'>\n\t\t\t\t<a href='https:\/\/www.ffrum.at\/website\/wp1\/20260219_185118304_ios\/'><img loading=\"lazy\" width=\"150\" height=\"150\" src=\"https:\/\/www.ffrum.at\/website\/wp1\/wp-content\/uploads\/2026\/02\/20260219_185118304_iOS-150x150.jpeg\" class=\"attachment-thumbnail size-thumbnail\" alt=\"20260219_185118304_iOS\" loading=\"lazy\" decoding=\"async\" \/><\/a>\n\t\t\t<\/div><\/figure><figure class='gallery-item'>\n\t\t\t<div class='gallery-icon landscape'>\n\t\t\t\t<a href='https:\/\/www.ffrum.at\/website\/wp1\/20260219_184048474_ios\/'><img loading=\"lazy\" width=\"150\" height=\"150\" src=\"https:\/\/www.ffrum.at\/website\/wp1\/wp-content\/uploads\/2026\/02\/20260219_184048474_iOS-150x150.jpeg\" class=\"attachment-thumbnail size-thumbnail\" alt=\"20260219_184048474_iOS\" loading=\"lazy\" decoding=\"async\" \/><\/a>\n\t\t\t<\/div><\/figure><figure class='gallery-item'>\n\t\t\t<div class='gallery-icon landscape'>\n\t\t\t\t<a href='https:\/\/www.ffrum.at\/website\/wp1\/20260219_183259655_ios\/'><img loading=\"lazy\" width=\"150\" height=\"150\" src=\"https:\/\/www.ffrum.at\/website\/wp1\/wp-content\/uploads\/2026\/02\/20260219_183259655_iOS-150x150.jpeg\" class=\"attachment-thumbnail size-thumbnail\" alt=\"20260219_183259655_iOS\" loading=\"lazy\" decoding=\"async\" \/><\/a>\n\t\t\t<\/div><\/figure>\n\t\t<\/div>\n\n<p>&nbsp;<\/p>\n","protected":false},"excerpt":{"rendered":"<p>Die erste Gesamt\u00fcbung im Jahr 2026 der Freiwilligen Feuerwehr Rum fand am Donnerstag, den 19&#8230;.<\/p>\n","protected":false},"author":6,"featured_media":8737,"comment_status":"closed","ping_status":"open","sticky":false,"template":"","format":"standard","meta":{"footnotes":""},"categories":[11],"tags":[],"class_list":["post-8729","post","type-post","status-publish","format-standard","has-post-thumbnail","hentry","category-uebungen"],"_links":{"self":[{"href":"https:\/\/www.ffrum.at\/website\/wp1\/wp-json\/wp\/v2\/posts\/8729","targetHints":{"allow":["GET"]}}],"collection":[{"href":"https:\/\/www.ffrum.at\/website\/wp1\/wp-json\/wp\/v2\/posts"}],"about":[{"href":"https:\/\/www.ffrum.at\/website\/wp1\/wp-json\/wp\/v2\/types\/post"}],"author":[{"embeddable":true,"href":"https:\/\/www.ffrum.at\/website\/wp1\/wp-json\/wp\/v2\/users\/6"}],"replies":[{"embeddable":true,"href":"https:\/\/www.ffrum.at\/website\/wp1\/wp-json\/wp\/v2\/comments?post=8729"}],"version-history":[{"count":4,"href":"https:\/\/www.ffrum.at\/website\/wp1\/wp-json\/wp\/v2\/posts\/8729\/revisions"}],"predecessor-version":[{"id":8744,"href":"https:\/\/www.ffrum.at\/website\/wp1\/wp-json\/wp\/v2\/posts\/8729\/revisions\/8744"}],"wp:featuredmedia":[{"embeddable":true,"href":"https:\/\/www.ffrum.at\/website\/wp1\/wp-json\/wp\/v2\/media\/8737"}],"wp:attachment":[{"href":"https:\/\/www.ffrum.at\/website\/wp1\/wp-json\/wp\/v2\/media?parent=8729"}],"wp:term":[{"taxonomy":"category","embeddable":true,"href":"https:\/\/www.ffrum.at\/website\/wp1\/wp-json\/wp\/v2\/categories?post=8729"},{"taxonomy":"post_tag","embeddable":true,"href":"https:\/\/www.ffrum.at\/website\/wp1\/wp-json\/wp\/v2\/tags?post=8729"}],"curies":[{"name":"wp","href":"https:\/\/api.w.org\/{rel}","templated":true}]}}