{"id":8575,"date":"2025-12-28T18:29:34","date_gmt":"2025-12-28T17:29:34","guid":{"rendered":"https:\/\/www.ffrum.at\/website\/wp1\/?p=8575"},"modified":"2026-01-08T10:27:31","modified_gmt":"2026-01-08T09:27:31","slug":"im-einsatz-fuer-kinderweihnachtswuensche-und-lichter-der-freude-fuer-senioren-4","status":"publish","type":"post","link":"https:\/\/www.ffrum.at\/website\/wp1\/2025\/12\/28\/im-einsatz-fuer-kinderweihnachtswuensche-und-lichter-der-freude-fuer-senioren-4\/","title":{"rendered":"Im Einsatz f\u00fcr Kinderweihnachtsw\u00fcnsche und Lichter der Freude f\u00fcr Senioren"},"content":{"rendered":"<p><strong>DANKE f\u00fcr eure Spenden<\/strong><\/p>\n<p>Auch im Jahr 2025 organisierte die Freiwillige Feuerwehr Rum erneut die Aktion \u201eIm Einsatz f\u00fcr Kinderweihnachtsw\u00fcnsche und Lichter der Freude f\u00fcr Senioren\u201c, um Rumer Kindern und erstmals auch Seniorinnen und Senioren zu Weihnachten einen kleinen Herzenswunsch zu erf\u00fcllen. Gerade \u00e4ltere Menschen sind oft auf Unterst\u00fctzung angewiesen \u2013 daher wurde die Aktion in diesem Jahr bewusst erweitert.<\/p>\n<p>Familien sowie Seniorinnen und Senioren mit Unterst\u00fctzungsbedarf konnten sich bis 10. November 2025 bei der Gemeinde Rum f\u00fcr diese Aktion anmelden. Insgesamt wurden die Weihnachtsw\u00fcnsche von 13 Rumer Kindern und 3 Seniorinnen gemeldet.<\/p>\n<p>Mit gro\u00dfem Engagement machten sich die Helferinnen und Helfer der Freiwilligen Feuerwehr Rum daran, diese W\u00fcnsche zu erf\u00fcllen. Die Geschenke wurden am Montag, 15. Dezember 2025, stellvertretend an die Vizeb\u00fcrgermeisterin Sabine H\u00f6lbling \u00fcbergeben.<\/p>\n<p>Um die Privatsph\u00e4re der Betroffenen zu sch\u00fctzen, blieben alle Familien und Seniorinnen anonym. Die Geschenke konnten in der Woche vor Weihnachten im Gemeindeamt Rum bei Jenny Widmer abgeholt werden.<\/p>\n<p>Zur Finanzierung dieser Weihnachtsaktion fand am Montag, 22. Dezember 2025, von 18:00 bis 21:00 Uhr im Ger\u00e4tehaus der Freiwilligen Feuerwehr Rum ein weihnachtliches Beisammensein f\u00fcr die Bev\u00f6lkerung mit Friedenslichtausgabe statt. Punsch, Gl\u00fchwein und Kiachl sorgten f\u00fcr eine stimmungsvolle, vorweihnachtliche Atmosph\u00e4re. Zahlreiche Rumerinnen und Rumer folgten der Einladung und unterst\u00fctzten die Aktion mit gro\u00dfz\u00fcgigen Spenden.<\/p>\n<p>Ein herzliches DANKE gilt allen Spenderinnen und Spendern, die es m\u00f6glich gemacht haben, auch im Jahr 2025 wieder vielen Kindern und Senioren ein St\u00fcck Weihnachtsfreude zu schenken und die Aktion erfolgreich umzusetzen.<br \/>\nEin besonderes DANKE gilt au\u00dferdem Jenny Widmer vom Gemeindeamt Rum, die unter anderem f\u00fcr den Bereich Sozialhilfe zust\u00e4ndig ist und diese Aktion tatkr\u00e4ftig unterst\u00fctzt hat.<\/p>\n<div id='gallery-1' class='gallery galleryid-8575 gallery-columns-3 gallery-size-thumbnail'><figure class='gallery-item'>\n\t\t\t<div class='gallery-icon landscape'>\n\t\t\t\t<a href='https:\/\/www.ffrum.at\/website\/wp1\/2025\/12\/28\/im-einsatz-fuer-kinderweihnachtswuensche-und-lichter-der-freude-fuer-senioren-4\/20251222_180144362_ios\/'><img loading=\"lazy\" width=\"150\" height=\"150\" src=\"https:\/\/www.ffrum.at\/website\/wp1\/wp-content\/uploads\/2025\/12\/20251222_180144362_iOS-150x150.jpg\" class=\"attachment-thumbnail size-thumbnail\" alt=\"20251222_180144362_iOS\" loading=\"lazy\" decoding=\"async\" \/><\/a>\n\t\t\t<\/div><\/figure><figure class='gallery-item'>\n\t\t\t<div class='gallery-icon portrait'>\n\t\t\t\t<a href='https:\/\/www.ffrum.at\/website\/wp1\/2025\/12\/28\/im-einsatz-fuer-kinderweihnachtswuensche-und-lichter-der-freude-fuer-senioren-4\/20251222_180110998_ios\/'><img loading=\"lazy\" width=\"150\" height=\"150\" src=\"https:\/\/www.ffrum.at\/website\/wp1\/wp-content\/uploads\/2025\/12\/20251222_180110998_iOS-150x150.jpg\" class=\"attachment-thumbnail size-thumbnail\" alt=\"20251222_180110998_iOS\" loading=\"lazy\" decoding=\"async\" \/><\/a>\n\t\t\t<\/div><\/figure><figure class='gallery-item'>\n\t\t\t<div class='gallery-icon landscape'>\n\t\t\t\t<a href='https:\/\/www.ffrum.at\/website\/wp1\/2025\/12\/28\/im-einsatz-fuer-kinderweihnachtswuensche-und-lichter-der-freude-fuer-senioren-4\/20251222_173637448_ios\/'><img loading=\"lazy\" width=\"150\" height=\"150\" src=\"https:\/\/www.ffrum.at\/website\/wp1\/wp-content\/uploads\/2025\/12\/20251222_173637448_iOS-150x150.jpg\" class=\"attachment-thumbnail size-thumbnail\" alt=\"20251222_173637448_iOS\" loading=\"lazy\" decoding=\"async\" \/><\/a>\n\t\t\t<\/div><\/figure><figure class='gallery-item'>\n\t\t\t<div class='gallery-icon landscape'>\n\t\t\t\t<a href='https:\/\/www.ffrum.at\/website\/wp1\/2025\/12\/28\/im-einsatz-fuer-kinderweihnachtswuensche-und-lichter-der-freude-fuer-senioren-4\/20251222_172853249_ios\/'><img loading=\"lazy\" width=\"150\" height=\"150\" src=\"https:\/\/www.ffrum.at\/website\/wp1\/wp-content\/uploads\/2025\/12\/20251222_172853249_iOS-150x150.jpg\" class=\"attachment-thumbnail size-thumbnail\" alt=\"20251222_172853249_iOS\" loading=\"lazy\" decoding=\"async\" \/><\/a>\n\t\t\t<\/div><\/figure><figure class='gallery-item'>\n\t\t\t<div class='gallery-icon landscape'>\n\t\t\t\t<a href='https:\/\/www.ffrum.at\/website\/wp1\/2025\/12\/28\/im-einsatz-fuer-kinderweihnachtswuensche-und-lichter-der-freude-fuer-senioren-4\/20251222_163711772_ios\/'><img loading=\"lazy\" width=\"150\" height=\"150\" src=\"https:\/\/www.ffrum.at\/website\/wp1\/wp-content\/uploads\/2025\/12\/20251222_163711772_iOS-150x150.jpg\" class=\"attachment-thumbnail size-thumbnail\" alt=\"20251222_163711772_iOS\" loading=\"lazy\" decoding=\"async\" \/><\/a>\n\t\t\t<\/div><\/figure><figure class='gallery-item'>\n\t\t\t<div class='gallery-icon landscape'>\n\t\t\t\t<a href='https:\/\/www.ffrum.at\/website\/wp1\/2025\/12\/28\/im-einsatz-fuer-kinderweihnachtswuensche-und-lichter-der-freude-fuer-senioren-4\/20251222_163649654_ios\/'><img loading=\"lazy\" width=\"150\" height=\"150\" src=\"https:\/\/www.ffrum.at\/website\/wp1\/wp-content\/uploads\/2025\/12\/20251222_163649654_iOS-150x150.jpg\" class=\"attachment-thumbnail size-thumbnail\" alt=\"20251222_163649654_iOS\" loading=\"lazy\" decoding=\"async\" \/><\/a>\n\t\t\t<\/div><\/figure><figure class='gallery-item'>\n\t\t\t<div class='gallery-icon portrait'>\n\t\t\t\t<a href='https:\/\/www.ffrum.at\/website\/wp1\/2025\/12\/28\/im-einsatz-fuer-kinderweihnachtswuensche-und-lichter-der-freude-fuer-senioren-4\/20251222_163533878_ios\/'><img loading=\"lazy\" width=\"150\" height=\"150\" src=\"https:\/\/www.ffrum.at\/website\/wp1\/wp-content\/uploads\/2025\/12\/20251222_163533878_iOS-150x150.jpg\" class=\"attachment-thumbnail size-thumbnail\" alt=\"20251222_163533878_iOS\" loading=\"lazy\" decoding=\"async\" \/><\/a>\n\t\t\t<\/div><\/figure><figure class='gallery-item'>\n\t\t\t<div class='gallery-icon portrait'>\n\t\t\t\t<a href='https:\/\/www.ffrum.at\/website\/wp1\/2025\/12\/28\/im-einsatz-fuer-kinderweihnachtswuensche-und-lichter-der-freude-fuer-senioren-4\/20251222_162801844_ios\/'><img loading=\"lazy\" width=\"150\" height=\"150\" src=\"https:\/\/www.ffrum.at\/website\/wp1\/wp-content\/uploads\/2025\/12\/20251222_162801844_iOS-150x150.jpg\" class=\"attachment-thumbnail size-thumbnail\" alt=\"20251222_162801844_iOS\" loading=\"lazy\" decoding=\"async\" \/><\/a>\n\t\t\t<\/div><\/figure><figure class='gallery-item'>\n\t\t\t<div class='gallery-icon portrait'>\n\t\t\t\t<a href='https:\/\/www.ffrum.at\/website\/wp1\/2025\/12\/28\/im-einsatz-fuer-kinderweihnachtswuensche-und-lichter-der-freude-fuer-senioren-4\/20251222_162008785_ios\/'><img loading=\"lazy\" width=\"150\" height=\"150\" src=\"https:\/\/www.ffrum.at\/website\/wp1\/wp-content\/uploads\/2025\/12\/20251222_162008785_iOS-150x150.jpg\" class=\"attachment-thumbnail size-thumbnail\" alt=\"20251222_162008785_iOS\" loading=\"lazy\" decoding=\"async\" \/><\/a>\n\t\t\t<\/div><\/figure><figure class='gallery-item'>\n\t\t\t<div class='gallery-icon landscape'>\n\t\t\t\t<a href='https:\/\/www.ffrum.at\/website\/wp1\/2025\/12\/28\/im-einsatz-fuer-kinderweihnachtswuensche-und-lichter-der-freude-fuer-senioren-4\/20251222_161948845_ios\/'><img loading=\"lazy\" width=\"150\" height=\"150\" src=\"https:\/\/www.ffrum.at\/website\/wp1\/wp-content\/uploads\/2025\/12\/20251222_161948845_iOS-150x150.jpg\" class=\"attachment-thumbnail size-thumbnail\" alt=\"20251222_161948845_iOS\" loading=\"lazy\" decoding=\"async\" \/><\/a>\n\t\t\t<\/div><\/figure>\n\t\t<\/div>\n\n<p>Bericht: FF Rum<br \/>\nBilder FF Rum<\/p>\n","protected":false},"excerpt":{"rendered":"<p>DANKE f\u00fcr eure Spenden Auch im Jahr 2025 organisierte die Freiwillige Feuerwehr Rum erneut die&#8230;<\/p>\n","protected":false},"author":10,"featured_media":8581,"comment_status":"closed","ping_status":"open","sticky":false,"template":"","format":"standard","meta":{"footnotes":""},"categories":[50,1],"tags":[],"class_list":["post-8575","post","type-post","status-publish","format-standard","has-post-thumbnail","hentry","category-50","category-kameradschaft"],"_links":{"self":[{"href":"https:\/\/www.ffrum.at\/website\/wp1\/wp-json\/wp\/v2\/posts\/8575","targetHints":{"allow":["GET"]}}],"collection":[{"href":"https:\/\/www.ffrum.at\/website\/wp1\/wp-json\/wp\/v2\/posts"}],"about":[{"href":"https:\/\/www.ffrum.at\/website\/wp1\/wp-json\/wp\/v2\/types\/post"}],"author":[{"embeddable":true,"href":"https:\/\/www.ffrum.at\/website\/wp1\/wp-json\/wp\/v2\/users\/10"}],"replies":[{"embeddable":true,"href":"https:\/\/www.ffrum.at\/website\/wp1\/wp-json\/wp\/v2\/comments?post=8575"}],"version-history":[{"count":2,"href":"https:\/\/www.ffrum.at\/website\/wp1\/wp-json\/wp\/v2\/posts\/8575\/revisions"}],"predecessor-version":[{"id":8587,"href":"https:\/\/www.ffrum.at\/website\/wp1\/wp-json\/wp\/v2\/posts\/8575\/revisions\/8587"}],"wp:featuredmedia":[{"embeddable":true,"href":"https:\/\/www.ffrum.at\/website\/wp1\/wp-json\/wp\/v2\/media\/8581"}],"wp:attachment":[{"href":"https:\/\/www.ffrum.at\/website\/wp1\/wp-json\/wp\/v2\/media?parent=8575"}],"wp:term":[{"taxonomy":"category","embeddable":true,"href":"https:\/\/www.ffrum.at\/website\/wp1\/wp-json\/wp\/v2\/categories?post=8575"},{"taxonomy":"post_tag","embeddable":true,"href":"https:\/\/www.ffrum.at\/website\/wp1\/wp-json\/wp\/v2\/tags?post=8575"}],"curies":[{"name":"wp","href":"https:\/\/api.w.org\/{rel}","templated":true}]}}