{"id":8566,"date":"2025-12-21T19:03:53","date_gmt":"2025-12-21T18:03:53","guid":{"rendered":"https:\/\/www.ffrum.at\/website\/wp1\/?p=8566"},"modified":"2026-01-08T10:27:31","modified_gmt":"2026-01-08T09:27:31","slug":"friedenslichtabholung-und-verteilung-der-feuerwehrjugend","status":"publish","type":"post","link":"https:\/\/www.ffrum.at\/website\/wp1\/2025\/12\/21\/friedenslichtabholung-und-verteilung-der-feuerwehrjugend\/","title":{"rendered":"Friedenslichtabholung und -verteilung der Feuerwehrjugend"},"content":{"rendered":"<p>Am Freitag, den 19. Dezember, machte sich unsere Feuerwehrjugend gemeinsam mit ihren Betreuerinnen und Betreuern auf den Weg zur Landesfeuerwehrschule in Telfs, um dort pers\u00f6nlich das Friedenslicht abzuholen. Ein ganz besonderes Highlight f\u00fcr die Jugendlichen war der Besuch von Landeshauptmann Anton Mattle, der das Friedenslicht pers\u00f6nlich \u00fcberreichte und diesen Moment zu einem unvergesslichen Erlebnis machte.<\/p>\n<p>Bereits am darauffolgenden Tag, dem 20. Dezember, war unsere Jugend erneut unterwegs, um das Friedenslicht unseren Reservisten pers\u00f6nlich zu \u00fcberbringen und damit ein Zeichen der Verbundenheit und des Dankes zu setzen. Nat\u00fcrlich wurde das Friedenslicht an diesem Tag auch an unseren B\u00fcrgermeister Josef Karbon, die 1. Vizeb\u00fcrgermeisterin Sabine H\u00f6lbling, unsere Ehrenmitglieder, Mitglieder au\u00dfer Dienst sowie an unsere Fahrzeugpatinnen \u00fcberbracht.<\/p>\n<p>Auch die Bev\u00f6lkerung hat wieder die M\u00f6glichkeit, das Friedenslicht abzuholen:<br \/>\nAm 22. Dezember im Rahmen der Aktion \u201eKinderweihnachtsw\u00fcnsche und Lichter der Freude f\u00fcr Senioren\u201c von 18:00 bis 21:00 Uhr.<\/p>\n<p>Zus\u00e4tzlich wird das Friedenslicht traditionell am 24. Dezember w\u00e4hrend der Kinderweihnachtsmette von der Feuerwehrjugend verteilt.<\/p>\n<p>Ein herzliches Dankesch\u00f6n an unsere Jugendlichen f\u00fcr ihre Bereitschaft und ihr Engagement, mit dem sie diese sch\u00f6ne Tradition Jahr f\u00fcr Jahr erm\u00f6glichen.<\/p>\n<div id='gallery-1' class='gallery galleryid-8566 gallery-columns-3 gallery-size-thumbnail'><figure class='gallery-item'>\n\t\t\t<div class='gallery-icon portrait'>\n\t\t\t\t<a href='https:\/\/www.ffrum.at\/website\/wp1\/2025\/12\/21\/friedenslichtabholung-und-verteilung-der-feuerwehrjugend\/whatsapp-image-2025-12-21-at-19-01-29\/'><img loading=\"lazy\" width=\"150\" height=\"150\" src=\"https:\/\/www.ffrum.at\/website\/wp1\/wp-content\/uploads\/2025\/12\/WhatsApp-Image-2025-12-21-at-19.01.29-150x150.jpeg\" class=\"attachment-thumbnail size-thumbnail\" alt=\"WhatsApp Image 2025-12-21 at 19.01.29\" loading=\"lazy\" decoding=\"async\" \/><\/a>\n\t\t\t<\/div><\/figure><figure class='gallery-item'>\n\t\t\t<div class='gallery-icon portrait'>\n\t\t\t\t<a href='https:\/\/www.ffrum.at\/website\/wp1\/2025\/12\/21\/friedenslichtabholung-und-verteilung-der-feuerwehrjugend\/whatsapp-image-2025-12-21-at-19-01-30\/'><img loading=\"lazy\" width=\"150\" height=\"150\" src=\"https:\/\/www.ffrum.at\/website\/wp1\/wp-content\/uploads\/2025\/12\/WhatsApp-Image-2025-12-21-at-19.01.30-150x150.jpeg\" class=\"attachment-thumbnail size-thumbnail\" alt=\"WhatsApp Image 2025-12-21 at 19.01.30\" loading=\"lazy\" decoding=\"async\" \/><\/a>\n\t\t\t<\/div><\/figure><figure class='gallery-item'>\n\t\t\t<div class='gallery-icon portrait'>\n\t\t\t\t<a href='https:\/\/www.ffrum.at\/website\/wp1\/2025\/12\/21\/friedenslichtabholung-und-verteilung-der-feuerwehrjugend\/whatsapp-image-2025-12-21-at-19-01-29-1\/'><img loading=\"lazy\" width=\"150\" height=\"150\" src=\"https:\/\/www.ffrum.at\/website\/wp1\/wp-content\/uploads\/2025\/12\/WhatsApp-Image-2025-12-21-at-19.01.29-1-150x150.jpeg\" class=\"attachment-thumbnail size-thumbnail\" alt=\"WhatsApp Image 2025-12-21 at 19.01.29 (1)\" loading=\"lazy\" decoding=\"async\" \/><\/a>\n\t\t\t<\/div><\/figure>\n\t\t<\/div>\n\n<p>Bericht: FF Rum<br \/>\nBilder: FF Rum<\/p>\n<p>&nbsp;<\/p>\n","protected":false},"excerpt":{"rendered":"<p>Am Freitag, den 19. Dezember, machte sich unsere Feuerwehrjugend gemeinsam mit ihren Betreuerinnen und Betreuern&#8230;<\/p>\n","protected":false},"author":10,"featured_media":8568,"comment_status":"closed","ping_status":"open","sticky":false,"template":"","format":"standard","meta":{"footnotes":""},"categories":[50,46],"tags":[],"class_list":["post-8566","post","type-post","status-publish","format-standard","has-post-thumbnail","hentry","category-50","category-jugend"],"_links":{"self":[{"href":"https:\/\/www.ffrum.at\/website\/wp1\/wp-json\/wp\/v2\/posts\/8566","targetHints":{"allow":["GET"]}}],"collection":[{"href":"https:\/\/www.ffrum.at\/website\/wp1\/wp-json\/wp\/v2\/posts"}],"about":[{"href":"https:\/\/www.ffrum.at\/website\/wp1\/wp-json\/wp\/v2\/types\/post"}],"author":[{"embeddable":true,"href":"https:\/\/www.ffrum.at\/website\/wp1\/wp-json\/wp\/v2\/users\/10"}],"replies":[{"embeddable":true,"href":"https:\/\/www.ffrum.at\/website\/wp1\/wp-json\/wp\/v2\/comments?post=8566"}],"version-history":[{"count":2,"href":"https:\/\/www.ffrum.at\/website\/wp1\/wp-json\/wp\/v2\/posts\/8566\/revisions"}],"predecessor-version":[{"id":8571,"href":"https:\/\/www.ffrum.at\/website\/wp1\/wp-json\/wp\/v2\/posts\/8566\/revisions\/8571"}],"wp:featuredmedia":[{"embeddable":true,"href":"https:\/\/www.ffrum.at\/website\/wp1\/wp-json\/wp\/v2\/media\/8568"}],"wp:attachment":[{"href":"https:\/\/www.ffrum.at\/website\/wp1\/wp-json\/wp\/v2\/media?parent=8566"}],"wp:term":[{"taxonomy":"category","embeddable":true,"href":"https:\/\/www.ffrum.at\/website\/wp1\/wp-json\/wp\/v2\/categories?post=8566"},{"taxonomy":"post_tag","embeddable":true,"href":"https:\/\/www.ffrum.at\/website\/wp1\/wp-json\/wp\/v2\/tags?post=8566"}],"curies":[{"name":"wp","href":"https:\/\/api.w.org\/{rel}","templated":true}]}}