{"id":8288,"date":"2025-10-23T21:26:44","date_gmt":"2025-10-23T19:26:44","guid":{"rendered":"https:\/\/www.ffrum.at\/website\/wp1\/?p=8288"},"modified":"2026-01-08T10:27:03","modified_gmt":"2026-01-08T09:27:03","slug":"tankfahrzeugempfang-der-freiwilligen-feuerwehr-rum-am-22-oktober-2025","status":"publish","type":"post","link":"https:\/\/www.ffrum.at\/website\/wp1\/2025\/10\/23\/tankfahrzeugempfang-der-freiwilligen-feuerwehr-rum-am-22-oktober-2025\/","title":{"rendered":"Tankfahrzeugempfang der Freiwilligen Feuerwehr Rum am 22. Oktober 2025"},"content":{"rendered":"<p>Am Mittwoch, den 22. Oktober 2025, durften die Kameradinnen und Kameraden der Freiwilligen Feuerwehr Rum ihr neues TLFA 3000\/100 feierlich in Empfang nehmen.<\/p>\n<p>Nach der Begr\u00fc\u00dfung durch Kommandant-Stellvertreter Lukas Wolf, der sich in seiner Ansprache besonders bei B\u00fcrgermeister Josef Karbon und den zahlreich erschienenen Ehreng\u00e4sten bedankte, war es schlie\u00dflich so weit:<\/p>\n<p>Unter gro\u00dfem Applaus und sp\u00fcrbarer Vorfreude fuhr das neue Tankfahrzeug auf den Platz ein \u2013 ein G\u00e4nsehautmoment, auf den die gesamte Mannschaft monatelang hingearbeitet hatte.<\/p>\n<p>Das neue Fahrzeug stellt einen wichtigen Meilenstein f\u00fcr die Einsatzbereitschaft und Sicherheit der Gemeinde Rum dar. Es wird k\u00fcnftig bei Brandeins\u00e4tzen und technischen Hilfeleistungen wertvolle Dienste leisten und die Schlagkraft der Feuerwehr wesentlich erh\u00f6hen.<\/p>\n<p>Ein herzliches Dankesch\u00f6n gilt allen, die dieses Projekt m\u00f6glich gemacht haben \u2013 allen voran der Gemeinde Rum, dem Fahrzeugausschuss, sowie allen Unterst\u00fctzerinnen und Unterst\u00fctzern, die durch ihren Einsatz und ihr Engagement zur Realisierung beigetragen haben.<\/p>\n<div id='gallery-1' class='gallery galleryid-8288 gallery-columns-3 gallery-size-thumbnail'><figure class='gallery-item'>\n\t\t\t<div class='gallery-icon portrait'>\n\t\t\t\t<a href='https:\/\/www.ffrum.at\/website\/wp1\/2025\/10\/23\/tankfahrzeugempfang-der-freiwilligen-feuerwehr-rum-am-22-oktober-2025\/img-20251023-wa0178\/'><img loading=\"lazy\" width=\"150\" height=\"150\" src=\"https:\/\/www.ffrum.at\/website\/wp1\/wp-content\/uploads\/2025\/10\/IMG-20251023-WA0178-150x150.jpg\" class=\"attachment-thumbnail size-thumbnail\" alt=\"IMG-20251023-WA0178\" loading=\"lazy\" decoding=\"async\" \/><\/a>\n\t\t\t<\/div><\/figure><figure class='gallery-item'>\n\t\t\t<div class='gallery-icon landscape'>\n\t\t\t\t<a href='https:\/\/www.ffrum.at\/website\/wp1\/2025\/10\/23\/tankfahrzeugempfang-der-freiwilligen-feuerwehr-rum-am-22-oktober-2025\/img-20251023-wa0177\/'><img loading=\"lazy\" width=\"150\" height=\"150\" src=\"https:\/\/www.ffrum.at\/website\/wp1\/wp-content\/uploads\/2025\/10\/IMG-20251023-WA0177-150x150.jpg\" class=\"attachment-thumbnail size-thumbnail\" alt=\"IMG-20251023-WA0177\" loading=\"lazy\" decoding=\"async\" \/><\/a>\n\t\t\t<\/div><\/figure><figure class='gallery-item'>\n\t\t\t<div class='gallery-icon portrait'>\n\t\t\t\t<a href='https:\/\/www.ffrum.at\/website\/wp1\/2025\/10\/23\/tankfahrzeugempfang-der-freiwilligen-feuerwehr-rum-am-22-oktober-2025\/img-20251023-wa0176\/'><img loading=\"lazy\" width=\"150\" height=\"150\" src=\"https:\/\/www.ffrum.at\/website\/wp1\/wp-content\/uploads\/2025\/10\/IMG-20251023-WA0176-150x150.jpg\" class=\"attachment-thumbnail size-thumbnail\" alt=\"IMG-20251023-WA0176\" loading=\"lazy\" decoding=\"async\" \/><\/a>\n\t\t\t<\/div><\/figure><figure class='gallery-item'>\n\t\t\t<div class='gallery-icon landscape'>\n\t\t\t\t<a href='https:\/\/www.ffrum.at\/website\/wp1\/2025\/10\/23\/tankfahrzeugempfang-der-freiwilligen-feuerwehr-rum-am-22-oktober-2025\/img-20251023-wa0175\/'><img loading=\"lazy\" width=\"150\" height=\"150\" src=\"https:\/\/www.ffrum.at\/website\/wp1\/wp-content\/uploads\/2025\/10\/IMG-20251023-WA0175-150x150.jpg\" class=\"attachment-thumbnail size-thumbnail\" alt=\"IMG-20251023-WA0175\" loading=\"lazy\" decoding=\"async\" \/><\/a>\n\t\t\t<\/div><\/figure><figure class='gallery-item'>\n\t\t\t<div class='gallery-icon landscape'>\n\t\t\t\t<a href='https:\/\/www.ffrum.at\/website\/wp1\/2025\/10\/23\/tankfahrzeugempfang-der-freiwilligen-feuerwehr-rum-am-22-oktober-2025\/img-20251023-wa0174\/'><img loading=\"lazy\" width=\"150\" height=\"150\" src=\"https:\/\/www.ffrum.at\/website\/wp1\/wp-content\/uploads\/2025\/10\/IMG-20251023-WA0174-150x150.jpg\" class=\"attachment-thumbnail size-thumbnail\" alt=\"IMG-20251023-WA0174\" loading=\"lazy\" decoding=\"async\" \/><\/a>\n\t\t\t<\/div><\/figure><figure class='gallery-item'>\n\t\t\t<div class='gallery-icon portrait'>\n\t\t\t\t<a href='https:\/\/www.ffrum.at\/website\/wp1\/2025\/10\/23\/tankfahrzeugempfang-der-freiwilligen-feuerwehr-rum-am-22-oktober-2025\/img-20251023-wa0173\/'><img loading=\"lazy\" width=\"150\" height=\"150\" src=\"https:\/\/www.ffrum.at\/website\/wp1\/wp-content\/uploads\/2025\/10\/IMG-20251023-WA0173-150x150.jpg\" class=\"attachment-thumbnail size-thumbnail\" alt=\"IMG-20251023-WA0173\" loading=\"lazy\" decoding=\"async\" \/><\/a>\n\t\t\t<\/div><\/figure><figure class='gallery-item'>\n\t\t\t<div class='gallery-icon landscape'>\n\t\t\t\t<a href='https:\/\/www.ffrum.at\/website\/wp1\/2025\/10\/23\/tankfahrzeugempfang-der-freiwilligen-feuerwehr-rum-am-22-oktober-2025\/img-20251023-wa0168\/'><img loading=\"lazy\" width=\"150\" height=\"150\" src=\"https:\/\/www.ffrum.at\/website\/wp1\/wp-content\/uploads\/2025\/10\/IMG-20251023-WA0168-150x150.jpg\" class=\"attachment-thumbnail size-thumbnail\" alt=\"IMG-20251023-WA0168\" loading=\"lazy\" decoding=\"async\" \/><\/a>\n\t\t\t<\/div><\/figure><figure class='gallery-item'>\n\t\t\t<div class='gallery-icon portrait'>\n\t\t\t\t<a href='https:\/\/www.ffrum.at\/website\/wp1\/2025\/10\/23\/tankfahrzeugempfang-der-freiwilligen-feuerwehr-rum-am-22-oktober-2025\/img-20251023-wa0172\/'><img loading=\"lazy\" width=\"150\" height=\"150\" src=\"https:\/\/www.ffrum.at\/website\/wp1\/wp-content\/uploads\/2025\/10\/IMG-20251023-WA0172-150x150.jpg\" class=\"attachment-thumbnail size-thumbnail\" alt=\"IMG-20251023-WA0172\" loading=\"lazy\" decoding=\"async\" \/><\/a>\n\t\t\t<\/div><\/figure><figure class='gallery-item'>\n\t\t\t<div class='gallery-icon portrait'>\n\t\t\t\t<a href='https:\/\/www.ffrum.at\/website\/wp1\/2025\/10\/23\/tankfahrzeugempfang-der-freiwilligen-feuerwehr-rum-am-22-oktober-2025\/img-20251023-wa0171\/'><img loading=\"lazy\" width=\"150\" height=\"150\" src=\"https:\/\/www.ffrum.at\/website\/wp1\/wp-content\/uploads\/2025\/10\/IMG-20251023-WA0171-150x150.jpg\" class=\"attachment-thumbnail size-thumbnail\" alt=\"IMG-20251023-WA0171\" loading=\"lazy\" decoding=\"async\" \/><\/a>\n\t\t\t<\/div><\/figure><figure class='gallery-item'>\n\t\t\t<div class='gallery-icon portrait'>\n\t\t\t\t<a href='https:\/\/www.ffrum.at\/website\/wp1\/2025\/10\/23\/tankfahrzeugempfang-der-freiwilligen-feuerwehr-rum-am-22-oktober-2025\/img-20251023-wa0170\/'><img loading=\"lazy\" width=\"150\" height=\"150\" src=\"https:\/\/www.ffrum.at\/website\/wp1\/wp-content\/uploads\/2025\/10\/IMG-20251023-WA0170-150x150.jpg\" class=\"attachment-thumbnail size-thumbnail\" alt=\"IMG-20251023-WA0170\" loading=\"lazy\" decoding=\"async\" \/><\/a>\n\t\t\t<\/div><\/figure><figure class='gallery-item'>\n\t\t\t<div class='gallery-icon landscape'>\n\t\t\t\t<a href='https:\/\/www.ffrum.at\/website\/wp1\/2025\/10\/23\/tankfahrzeugempfang-der-freiwilligen-feuerwehr-rum-am-22-oktober-2025\/img-20251023-wa0169\/'><img loading=\"lazy\" width=\"150\" height=\"150\" src=\"https:\/\/www.ffrum.at\/website\/wp1\/wp-content\/uploads\/2025\/10\/IMG-20251023-WA0169-150x150.jpg\" class=\"attachment-thumbnail size-thumbnail\" alt=\"IMG-20251023-WA0169\" loading=\"lazy\" decoding=\"async\" \/><\/a>\n\t\t\t<\/div><\/figure><figure class='gallery-item'>\n\t\t\t<div class='gallery-icon landscape'>\n\t\t\t\t<a href='https:\/\/www.ffrum.at\/website\/wp1\/2025\/10\/23\/tankfahrzeugempfang-der-freiwilligen-feuerwehr-rum-am-22-oktober-2025\/img-20251023-wa0167\/'><img loading=\"lazy\" width=\"150\" height=\"150\" src=\"https:\/\/www.ffrum.at\/website\/wp1\/wp-content\/uploads\/2025\/10\/IMG-20251023-WA0167-150x150.jpg\" class=\"attachment-thumbnail size-thumbnail\" alt=\"IMG-20251023-WA0167\" loading=\"lazy\" decoding=\"async\" \/><\/a>\n\t\t\t<\/div><\/figure><figure class='gallery-item'>\n\t\t\t<div class='gallery-icon landscape'>\n\t\t\t\t<a href='https:\/\/www.ffrum.at\/website\/wp1\/2025\/10\/23\/tankfahrzeugempfang-der-freiwilligen-feuerwehr-rum-am-22-oktober-2025\/img-20251023-wa0166\/'><img loading=\"lazy\" width=\"150\" height=\"150\" src=\"https:\/\/www.ffrum.at\/website\/wp1\/wp-content\/uploads\/2025\/10\/IMG-20251023-WA0166-150x150.jpg\" class=\"attachment-thumbnail size-thumbnail\" alt=\"IMG-20251023-WA0166\" loading=\"lazy\" decoding=\"async\" \/><\/a>\n\t\t\t<\/div><\/figure><figure class='gallery-item'>\n\t\t\t<div class='gallery-icon landscape'>\n\t\t\t\t<a href='https:\/\/www.ffrum.at\/website\/wp1\/2025\/10\/23\/tankfahrzeugempfang-der-freiwilligen-feuerwehr-rum-am-22-oktober-2025\/img-20251023-wa0165\/'><img loading=\"lazy\" width=\"150\" height=\"150\" src=\"https:\/\/www.ffrum.at\/website\/wp1\/wp-content\/uploads\/2025\/10\/IMG-20251023-WA0165-150x150.jpg\" class=\"attachment-thumbnail size-thumbnail\" alt=\"IMG-20251023-WA0165\" loading=\"lazy\" decoding=\"async\" \/><\/a>\n\t\t\t<\/div><\/figure><figure class='gallery-item'>\n\t\t\t<div class='gallery-icon portrait'>\n\t\t\t\t<a href='https:\/\/www.ffrum.at\/website\/wp1\/2025\/10\/23\/tankfahrzeugempfang-der-freiwilligen-feuerwehr-rum-am-22-oktober-2025\/img-20251023-wa0164\/'><img loading=\"lazy\" width=\"150\" height=\"150\" src=\"https:\/\/www.ffrum.at\/website\/wp1\/wp-content\/uploads\/2025\/10\/IMG-20251023-WA0164-150x150.jpg\" class=\"attachment-thumbnail size-thumbnail\" alt=\"IMG-20251023-WA0164\" loading=\"lazy\" decoding=\"async\" \/><\/a>\n\t\t\t<\/div><\/figure><figure class='gallery-item'>\n\t\t\t<div class='gallery-icon landscape'>\n\t\t\t\t<a href='https:\/\/www.ffrum.at\/website\/wp1\/2025\/10\/23\/tankfahrzeugempfang-der-freiwilligen-feuerwehr-rum-am-22-oktober-2025\/img-20251023-wa0160\/'><img loading=\"lazy\" width=\"150\" height=\"150\" src=\"https:\/\/www.ffrum.at\/website\/wp1\/wp-content\/uploads\/2025\/10\/IMG-20251023-WA0160-150x150.jpg\" class=\"attachment-thumbnail size-thumbnail\" alt=\"IMG-20251023-WA0160\" loading=\"lazy\" decoding=\"async\" \/><\/a>\n\t\t\t<\/div><\/figure>\n\t\t<\/div>\n\n<p>Bericht: FF Rum<br \/>\nBilder: FF Rum<\/p>\n","protected":false},"excerpt":{"rendered":"<p>Am Mittwoch, den 22. Oktober 2025, durften die Kameradinnen und Kameraden der Freiwilligen Feuerwehr Rum&#8230;<\/p>\n","protected":false},"author":10,"featured_media":8297,"comment_status":"closed","ping_status":"open","sticky":false,"template":"","format":"standard","meta":{"footnotes":""},"categories":[50,1],"tags":[],"class_list":["post-8288","post","type-post","status-publish","format-standard","has-post-thumbnail","hentry","category-50","category-kameradschaft"],"_links":{"self":[{"href":"https:\/\/www.ffrum.at\/website\/wp1\/wp-json\/wp\/v2\/posts\/8288","targetHints":{"allow":["GET"]}}],"collection":[{"href":"https:\/\/www.ffrum.at\/website\/wp1\/wp-json\/wp\/v2\/posts"}],"about":[{"href":"https:\/\/www.ffrum.at\/website\/wp1\/wp-json\/wp\/v2\/types\/post"}],"author":[{"embeddable":true,"href":"https:\/\/www.ffrum.at\/website\/wp1\/wp-json\/wp\/v2\/users\/10"}],"replies":[{"embeddable":true,"href":"https:\/\/www.ffrum.at\/website\/wp1\/wp-json\/wp\/v2\/comments?post=8288"}],"version-history":[{"count":3,"href":"https:\/\/www.ffrum.at\/website\/wp1\/wp-json\/wp\/v2\/posts\/8288\/revisions"}],"predecessor-version":[{"id":8314,"href":"https:\/\/www.ffrum.at\/website\/wp1\/wp-json\/wp\/v2\/posts\/8288\/revisions\/8314"}],"wp:featuredmedia":[{"embeddable":true,"href":"https:\/\/www.ffrum.at\/website\/wp1\/wp-json\/wp\/v2\/media\/8297"}],"wp:attachment":[{"href":"https:\/\/www.ffrum.at\/website\/wp1\/wp-json\/wp\/v2\/media?parent=8288"}],"wp:term":[{"taxonomy":"category","embeddable":true,"href":"https:\/\/www.ffrum.at\/website\/wp1\/wp-json\/wp\/v2\/categories?post=8288"},{"taxonomy":"post_tag","embeddable":true,"href":"https:\/\/www.ffrum.at\/website\/wp1\/wp-json\/wp\/v2\/tags?post=8288"}],"curies":[{"name":"wp","href":"https:\/\/api.w.org\/{rel}","templated":true}]}}