{"id":8249,"date":"2025-09-17T08:40:49","date_gmt":"2025-09-17T06:40:49","guid":{"rendered":"https:\/\/www.ffrum.at\/website\/wp1\/?p=8249"},"modified":"2026-01-08T10:27:03","modified_gmt":"2026-01-08T09:27:03","slug":"ausflug-der-feuerwehr-rum-zum-rosenheimer-herbstfest-%f0%9f%8e%a1","status":"publish","type":"post","link":"https:\/\/www.ffrum.at\/website\/wp1\/2025\/09\/17\/ausflug-der-feuerwehr-rum-zum-rosenheimer-herbstfest-%f0%9f%8e%a1\/","title":{"rendered":"Ausflug der Feuerwehr Rum zum Rosenheimer Herbstfest \ud83c\udfa1"},"content":{"rendered":"<p>Am Samstag, den 13. September 2025, machte sich eine Gruppe von 10 Kameradinnen und Kameraden der Feuerwehr Rum auf den Weg zum traditionellen Herbstfest in Rosenheim.<\/p>\n<p>Die Abfahrt erfolgte p\u00fcnktlich um 14:00 Uhr, bei bester Stimmung und sp\u00e4tsommerlichem Wetter.<br \/>\nVor Ort erwartete die Gruppe ein buntes Fest mit bayerischer Musik, kulinarischen Schmankerln und ausgelassener Atmosph\u00e4re. Gemeinsam wurde gefeiert, gelacht und das kameradschaftliche Miteinander gepflegt \u2013 ein gelungener Tag, der den Zusammenhalt innerhalb der Feuerwehr einmal mehr gest\u00e4rkt hat.<\/p>\n<p>Ein herzliches Dankesch\u00f6n an alle Teilnehmenden f\u00fcr diesen sch\u00f6nen\u00a0Ausflug!<\/p>\n<div id='gallery-1' class='gallery galleryid-8249 gallery-columns-3 gallery-size-thumbnail'><figure class='gallery-item'>\n\t\t\t<div class='gallery-icon landscape'>\n\t\t\t\t<a href='https:\/\/www.ffrum.at\/website\/wp1\/2025\/09\/17\/ausflug-der-feuerwehr-rum-zum-rosenheimer-herbstfest-%f0%9f%8e%a1\/20250913_135509281_ios\/'><img loading=\"lazy\" width=\"150\" height=\"150\" src=\"https:\/\/www.ffrum.at\/website\/wp1\/wp-content\/uploads\/2025\/09\/20250913_135509281_iOS-150x150.jpg\" class=\"attachment-thumbnail size-thumbnail\" alt=\"20250913_135509281_iOS\" loading=\"lazy\" decoding=\"async\" \/><\/a>\n\t\t\t<\/div><\/figure><figure class='gallery-item'>\n\t\t\t<div class='gallery-icon landscape'>\n\t\t\t\t<a href='https:\/\/www.ffrum.at\/website\/wp1\/2025\/09\/17\/ausflug-der-feuerwehr-rum-zum-rosenheimer-herbstfest-%f0%9f%8e%a1\/20250913_161655389_ios\/'><img loading=\"lazy\" width=\"150\" height=\"150\" src=\"https:\/\/www.ffrum.at\/website\/wp1\/wp-content\/uploads\/2025\/09\/20250913_161655389_iOS-150x150.jpg\" class=\"attachment-thumbnail size-thumbnail\" alt=\"20250913_161655389_iOS\" loading=\"lazy\" decoding=\"async\" \/><\/a>\n\t\t\t<\/div><\/figure><figure class='gallery-item'>\n\t\t\t<div class='gallery-icon landscape'>\n\t\t\t\t<a href='https:\/\/www.ffrum.at\/website\/wp1\/2025\/09\/17\/ausflug-der-feuerwehr-rum-zum-rosenheimer-herbstfest-%f0%9f%8e%a1\/20250913_171710962_ios\/'><img loading=\"lazy\" width=\"150\" height=\"150\" src=\"https:\/\/www.ffrum.at\/website\/wp1\/wp-content\/uploads\/2025\/09\/20250913_171710962_iOS-150x150.jpg\" class=\"attachment-thumbnail size-thumbnail\" alt=\"20250913_171710962_iOS\" loading=\"lazy\" decoding=\"async\" \/><\/a>\n\t\t\t<\/div><\/figure>\n\t\t<\/div>\n\n","protected":false},"excerpt":{"rendered":"<p>Am Samstag, den 13. September 2025, machte sich eine Gruppe von 10 Kameradinnen und Kameraden&#8230;<\/p>\n","protected":false},"author":10,"featured_media":8253,"comment_status":"closed","ping_status":"open","sticky":false,"template":"","format":"standard","meta":{"footnotes":""},"categories":[50,1],"tags":[],"class_list":["post-8249","post","type-post","status-publish","format-standard","has-post-thumbnail","hentry","category-50","category-kameradschaft"],"_links":{"self":[{"href":"https:\/\/www.ffrum.at\/website\/wp1\/wp-json\/wp\/v2\/posts\/8249","targetHints":{"allow":["GET"]}}],"collection":[{"href":"https:\/\/www.ffrum.at\/website\/wp1\/wp-json\/wp\/v2\/posts"}],"about":[{"href":"https:\/\/www.ffrum.at\/website\/wp1\/wp-json\/wp\/v2\/types\/post"}],"author":[{"embeddable":true,"href":"https:\/\/www.ffrum.at\/website\/wp1\/wp-json\/wp\/v2\/users\/10"}],"replies":[{"embeddable":true,"href":"https:\/\/www.ffrum.at\/website\/wp1\/wp-json\/wp\/v2\/comments?post=8249"}],"version-history":[{"count":1,"href":"https:\/\/www.ffrum.at\/website\/wp1\/wp-json\/wp\/v2\/posts\/8249\/revisions"}],"predecessor-version":[{"id":8255,"href":"https:\/\/www.ffrum.at\/website\/wp1\/wp-json\/wp\/v2\/posts\/8249\/revisions\/8255"}],"wp:featuredmedia":[{"embeddable":true,"href":"https:\/\/www.ffrum.at\/website\/wp1\/wp-json\/wp\/v2\/media\/8253"}],"wp:attachment":[{"href":"https:\/\/www.ffrum.at\/website\/wp1\/wp-json\/wp\/v2\/media?parent=8249"}],"wp:term":[{"taxonomy":"category","embeddable":true,"href":"https:\/\/www.ffrum.at\/website\/wp1\/wp-json\/wp\/v2\/categories?post=8249"},{"taxonomy":"post_tag","embeddable":true,"href":"https:\/\/www.ffrum.at\/website\/wp1\/wp-json\/wp\/v2\/tags?post=8249"}],"curies":[{"name":"wp","href":"https:\/\/api.w.org\/{rel}","templated":true}]}}