{"id":8238,"date":"2025-09-15T16:24:52","date_gmt":"2025-09-15T14:24:52","guid":{"rendered":"https:\/\/www.ffrum.at\/website\/wp1\/?p=8238"},"modified":"2026-01-08T10:27:03","modified_gmt":"2026-01-08T09:27:03","slug":"im-einsatz-fuer-kinderweihnachtswuensche-und-lichter-der-freude-fuer-senioren","status":"publish","type":"post","link":"https:\/\/www.ffrum.at\/website\/wp1\/2025\/09\/15\/im-einsatz-fuer-kinderweihnachtswuensche-und-lichter-der-freude-fuer-senioren\/","title":{"rendered":"Im Einsatz f\u00fcr Kinderweihnachtsw\u00fcnsche  und Lichter der Freude f\u00fcr Senioren"},"content":{"rendered":"<h3 style=\"text-align: center;\">Auch heuer r\u00fcckt die Freiwillige Feuerwehr Rum wieder zu einem ganz besonderen Einsatz aus:<\/h3>\n<p style=\"text-align: center;\"><strong><em>\u201eIm Einsatz f\u00fcr Kinderweihnachtsw\u00fcnsche<\/em><\/strong><\/p>\n<p style=\"text-align: center;\"><strong><em>und Lichter der Freude f\u00fcr Senioren\u201c<\/em><\/strong><\/p>\n<p><strong><em>\u00a0<\/em><\/strong><\/p>\n<p style=\"text-align: center;\">Dieser besondere Einsatz soll 15 Rumer Kinder und Senioren strahlende Augen zur Weihnachtszeit bescheren!<br \/>\nDie Weihnachtszeit ist eine Zeit der Freude, der Hoffnung und des Miteinanders.<br \/>\nDoch nicht f\u00fcr alle Menschen ist diese Zeit unbeschwert.<br \/>\nGenau hier m\u00f6chten wir helfen \u2013 mit einer kleinen Geste, die von Herzen kommt.<\/p>\n<p>Unsere Aktion richtet sich an Kinder und Senioren, die sich zu Weihnachten eine kleine Unterst\u00fctzung w\u00fcnschen \u2013 sei es ein Herzenswunsch, den die Familie allein nicht erf\u00fcllen kann, oder einfach ein Lichtblick in einer herausfordernden Zeit.<\/p>\n<p><strong><u>So funktioniert die Aktion:<\/u><\/strong><strong>\u00a0\u00a0\u00a0\u00a0\u00a0\u00a0\u00a0\u00a0\u00a0\u00a0\u00a0\u00a0\u00a0\u00a0\u00a0\u00a0\u00a0\u00a0\u00a0\u00a0\u00a0\u00a0\u00a0\u00a0\u00a0\u00a0\u00a0\u00a0\u00a0\u00a0\u00a0\u00a0\u00a0\u00a0\u00a0\u00a0\u00a0\u00a0\u00a0\u00a0\u00a0\u00a0\u00a0\u00a0\u00a0\u00a0\u00a0\u00a0\u00a0\u00a0<\/strong><\/p>\n<ul>\n<li><strong>Wer kann sich bewerben?<br \/>\n<\/strong>Kinder und Senioren aus unserer Gemeinde, die auf Unterst\u00fctzung angewiesen sind.<\/li>\n<li><strong>Was darf man sich w\u00fcnschen?<br \/>\n<\/strong>Einen Wunsch im Wert von bis zu 150\u202f\u20ac \u2013 ehrlich, bescheiden, pers\u00f6nlich.<\/li>\n<li><strong>Wie l\u00e4uft die Bewerbung ab?<br \/>\n<\/strong>Die Bewerbung erfolgt \u00fcber die Gemeinde Rum. Wir legen Wert auf ehrliche Meldungen \u2013 bitte bewerben Sie sich nur, wenn wirklich ein Bedarf besteht, seien Sie aber auch nicht zu bescheiden, wenn Sie wirklich Hilfe ben\u00f6tigen! Nach der Bewerbung bei der Gemeinde werden alle Bewerber anonym behandelt bzw. nur die W\u00fcnsche, Alter und Geschlecht der Bewerber an die Weihnachtshelfer der Freiwilligen Feuerwehr Rum weitergegeben.<\/li>\n<li><strong>Was passiert nach der Bewerbung?<br \/>\n<\/strong>Nach Ablauf der Frist w\u00e4hlt die Gemeinde die Bewerber aus. Die Weihnachtshelfer der Freiwilligen Feuerwehr Rum k\u00fcmmern sich liebevoll darum, die W\u00fcnsche in Geschenkform zu besorgen und zu verpacken. Die Bewerber bleiben dabei wie erw\u00e4hnt ganz anonym.<\/li>\n<li><strong>Wie erhalte ich mein Geschenk?<br \/>\n<\/strong>In der Woche vor Weihnachten k\u00f6nnen die Geschenke anonym in der Gemeinde abgeholt werden.<\/li>\n<\/ul>\n<p><strong><em>Wo kann ich mich f\u00fcr diese Aktion bewerben?<\/em><\/strong><br \/>\nBewerbungen direkt an die Gemeinde Rum an Jenny Widmer unter:<br \/>\n<u><a href=\"mailto:jenny.widmer@rum.gv.at\">jenny.widmer@rum.gv.at<\/a><\/u>\u00a0oder pers\u00f6nlich im Gemeindeamt Rum.<\/p>\n<p><strong>Bewerbungsfrist: 10. November 2025.\u00a0\u00a0\u00a0\u00a0\u00a0\u00a0\u00a0\u00a0\u00a0\u00a0\u00a0\u00a0\u00a0\u00a0\u00a0\u00a0\u00a0\u00a0\u00a0\u00a0\u00a0\u00a0\u00a0\u00a0\u00a0\u00a0\u00a0\u00a0\u00a0\u00a0\u00a0\u00a0\u00a0\u00a0\u00a0\u00a0\u00a0\u00a0\u00a0\u00a0\u00a0\u00a0\u00a0\u00a0\u00a0\u00a0\u00a0\u00a0\u00a0\u00a0\u00a0\u00a0\u00a0\u00a0\u00a0\u00a0\u00a0\u00a0\u00a0\u00a0\u00a0\u00a0\u00a0\u00a0\u00a0\u00a0\u00a0\u00a0\u00a0\u00a0\u00a0\u00a0\u00a0\u00a0\u00a0\u00a0\u00a0\u00a0\u00a0\u00a0\u00a0\u00a0\u00a0\u00a0\u00a0\u00a0\u00a0<\/strong><br \/>\n<em>Alle Bewerbungen werden diskret behandelt!<\/em><\/p>\n<p>Z\u00f6gern Sie nicht \u2013 wir m\u00f6chten helfen!<br \/>\nGerade in schwierigen Zeiten d\u00fcrfen W\u00fcnsche nicht unerf\u00fcllt bleiben.<\/p>\n","protected":false},"excerpt":{"rendered":"<p>Auch heuer r\u00fcckt die Freiwillige Feuerwehr Rum wieder zu einem ganz besonderen Einsatz aus: \u201eIm&#8230;<\/p>\n","protected":false},"author":10,"featured_media":8240,"comment_status":"closed","ping_status":"open","sticky":false,"template":"","format":"standard","meta":{"footnotes":""},"categories":[50,1],"tags":[],"class_list":["post-8238","post","type-post","status-publish","format-standard","has-post-thumbnail","hentry","category-50","category-kameradschaft"],"_links":{"self":[{"href":"https:\/\/www.ffrum.at\/website\/wp1\/wp-json\/wp\/v2\/posts\/8238","targetHints":{"allow":["GET"]}}],"collection":[{"href":"https:\/\/www.ffrum.at\/website\/wp1\/wp-json\/wp\/v2\/posts"}],"about":[{"href":"https:\/\/www.ffrum.at\/website\/wp1\/wp-json\/wp\/v2\/types\/post"}],"author":[{"embeddable":true,"href":"https:\/\/www.ffrum.at\/website\/wp1\/wp-json\/wp\/v2\/users\/10"}],"replies":[{"embeddable":true,"href":"https:\/\/www.ffrum.at\/website\/wp1\/wp-json\/wp\/v2\/comments?post=8238"}],"version-history":[{"count":8,"href":"https:\/\/www.ffrum.at\/website\/wp1\/wp-json\/wp\/v2\/posts\/8238\/revisions"}],"predecessor-version":[{"id":8248,"href":"https:\/\/www.ffrum.at\/website\/wp1\/wp-json\/wp\/v2\/posts\/8238\/revisions\/8248"}],"wp:featuredmedia":[{"embeddable":true,"href":"https:\/\/www.ffrum.at\/website\/wp1\/wp-json\/wp\/v2\/media\/8240"}],"wp:attachment":[{"href":"https:\/\/www.ffrum.at\/website\/wp1\/wp-json\/wp\/v2\/media?parent=8238"}],"wp:term":[{"taxonomy":"category","embeddable":true,"href":"https:\/\/www.ffrum.at\/website\/wp1\/wp-json\/wp\/v2\/categories?post=8238"},{"taxonomy":"post_tag","embeddable":true,"href":"https:\/\/www.ffrum.at\/website\/wp1\/wp-json\/wp\/v2\/tags?post=8238"}],"curies":[{"name":"wp","href":"https:\/\/api.w.org\/{rel}","templated":true}]}}