{"id":8226,"date":"2025-08-25T09:53:09","date_gmt":"2025-08-25T07:53:09","guid":{"rendered":"https:\/\/www.ffrum.at\/website\/wp1\/?p=8226"},"modified":"2026-01-08T10:27:03","modified_gmt":"2026-01-08T09:27:03","slug":"ferienspass-am-22-08-2025","status":"publish","type":"post","link":"https:\/\/www.ffrum.at\/website\/wp1\/2025\/08\/25\/ferienspass-am-22-08-2025\/","title":{"rendered":"Ferienspa\u00df am 22.08.2025"},"content":{"rendered":"<p>Am 22.08.2025 veranstaltete die Freiwillige Feuerwehr Rum im Rahmen des Ferienspa\u00dfes der Marktgemeinde Rum erneut einen spannenden und lehrreichen Tag f\u00fcr unsere j\u00fcngsten Feuerwehrbegeisterten. Insgesamt 15 Kinder nahmen an diesem besonderen Erlebnis teil und erhielten einen eindrucksvollen Einblick in den Alltag der Feuerwehr.<\/p>\n<p>Der Tag begann mit einer kindgerechten Einf\u00fchrung in grundlegendes Wissen, das im Notfall lebenswichtig sein kann. Die Kinder lernten die wichtigsten Notrufnummern kennen, erfuhren mehr \u00fcber die pers\u00f6nliche Schutzausr\u00fcstung der Feuerwehr und \u00fcbten das richtige Verhalten im Brandfall.<\/p>\n<p>Danach wurde es praktisch: In einem vernebelten Raum konnten die Kinder hautnah miterleben, wie eine Person aus dem Rauch gerettet wird und wie die Bel\u00fcftung von R\u00e4umen funktioniert. Mit gro\u00dfem Interesse verfolgten sie die Ma\u00dfnahmen zur sicheren R\u00e4umung und Entrauchung.<\/p>\n<p>Im Anschluss ging es zur Fahrzeugkunde. Die Kinder durften unsere Einsatzfahrzeuge genau unter die Lupe nehmen und erhielten spannende Einblicke in deren Ausstattung und Funktionen. Ein besonderes Highlight war die Fahrt mit der Drehleiter \u2013 f\u00fcr viele das erste Mal, die Welt aus luftiger H\u00f6he zu sehen!<\/p>\n<p>Weiter ging es mit einer \u00dcbung an unserer Grisu-Zielspritzwand, bei der die Kinder ein \u201eFeuer\u201c l\u00f6schen mussten. Diese spielerische Herausforderung vermittelte nicht nur Spa\u00df, sondern auch Respekt vor den Gefahren eines echten Brandes. Nach dieser intensiven Einheit st\u00e4rkten sich alle bei einem gemeinsamen Mittagessen mit Grillw\u00fcrsteln und Pommes.<\/p>\n<p>Zum Abschluss des ereignisreichen Tages gab es eine wohlverdiente Abk\u00fchlung im \u201ePool\u201c, der gleichzeitig als Hochwasserschutzbecken dient. Hier konnten die Kinder den Tag entspannt ausklingen lassen und sich nach den spannenden Aktivit\u00e4ten erfrischen.<\/p>\n<p>Der Tag war ein voller Erfolg und hat nicht nur f\u00fcr strahlende Kinderaugen gesorgt, sondern auch das Interesse an der Feuerwehr geweckt. Wir freuen uns schon jetzt auf das n\u00e4chste Mal und hoffen, einige der jungen Teilnehmer sp\u00e4ter einmal in unseren Reihen begr\u00fc\u00dfen\u00a0zu\u00a0d\u00fcrfen.<\/p>\n<div id='gallery-1' class='gallery galleryid-8226 gallery-columns-3 gallery-size-thumbnail'><figure class='gallery-item'>\n\t\t\t<div class='gallery-icon landscape'>\n\t\t\t\t<a href='https:\/\/www.ffrum.at\/website\/wp1\/2025\/08\/25\/ferienspass-am-22-08-2025\/img-20250903-wa0004\/'><img loading=\"lazy\" width=\"150\" height=\"150\" src=\"https:\/\/www.ffrum.at\/website\/wp1\/wp-content\/uploads\/2025\/09\/IMG-20250903-WA0004-150x150.jpg\" class=\"attachment-thumbnail size-thumbnail\" alt=\"IMG-20250903-WA0004\" loading=\"lazy\" decoding=\"async\" \/><\/a>\n\t\t\t<\/div><\/figure><figure class='gallery-item'>\n\t\t\t<div class='gallery-icon landscape'>\n\t\t\t\t<a href='https:\/\/www.ffrum.at\/website\/wp1\/2025\/08\/25\/ferienspass-am-22-08-2025\/img-20250903-wa0005\/'><img loading=\"lazy\" width=\"150\" height=\"150\" src=\"https:\/\/www.ffrum.at\/website\/wp1\/wp-content\/uploads\/2025\/09\/IMG-20250903-WA0005-150x150.jpg\" class=\"attachment-thumbnail size-thumbnail\" alt=\"IMG-20250903-WA0005\" loading=\"lazy\" decoding=\"async\" \/><\/a>\n\t\t\t<\/div><\/figure><figure class='gallery-item'>\n\t\t\t<div class='gallery-icon landscape'>\n\t\t\t\t<a href='https:\/\/www.ffrum.at\/website\/wp1\/2025\/08\/25\/ferienspass-am-22-08-2025\/img-20250903-wa0006\/'><img loading=\"lazy\" width=\"150\" height=\"150\" src=\"https:\/\/www.ffrum.at\/website\/wp1\/wp-content\/uploads\/2025\/09\/IMG-20250903-WA0006-150x150.jpg\" class=\"attachment-thumbnail size-thumbnail\" alt=\"IMG-20250903-WA0006\" loading=\"lazy\" decoding=\"async\" \/><\/a>\n\t\t\t<\/div><\/figure><figure class='gallery-item'>\n\t\t\t<div class='gallery-icon landscape'>\n\t\t\t\t<a href='https:\/\/www.ffrum.at\/website\/wp1\/2025\/08\/25\/ferienspass-am-22-08-2025\/img-20250903-wa0007\/'><img loading=\"lazy\" width=\"150\" height=\"150\" src=\"https:\/\/www.ffrum.at\/website\/wp1\/wp-content\/uploads\/2025\/09\/IMG-20250903-WA0007-150x150.jpg\" class=\"attachment-thumbnail size-thumbnail\" alt=\"IMG-20250903-WA0007\" loading=\"lazy\" decoding=\"async\" \/><\/a>\n\t\t\t<\/div><\/figure><figure class='gallery-item'>\n\t\t\t<div class='gallery-icon landscape'>\n\t\t\t\t<a href='https:\/\/www.ffrum.at\/website\/wp1\/2025\/08\/25\/ferienspass-am-22-08-2025\/img-20250903-wa0008\/'><img loading=\"lazy\" width=\"150\" height=\"150\" src=\"https:\/\/www.ffrum.at\/website\/wp1\/wp-content\/uploads\/2025\/09\/IMG-20250903-WA0008-150x150.jpg\" class=\"attachment-thumbnail size-thumbnail\" alt=\"IMG-20250903-WA0008\" loading=\"lazy\" decoding=\"async\" \/><\/a>\n\t\t\t<\/div><\/figure><figure class='gallery-item'>\n\t\t\t<div class='gallery-icon landscape'>\n\t\t\t\t<a href='https:\/\/www.ffrum.at\/website\/wp1\/2025\/08\/25\/ferienspass-am-22-08-2025\/img-20250903-wa0009\/'><img loading=\"lazy\" width=\"150\" height=\"150\" src=\"https:\/\/www.ffrum.at\/website\/wp1\/wp-content\/uploads\/2025\/09\/IMG-20250903-WA0009-150x150.jpg\" class=\"attachment-thumbnail size-thumbnail\" alt=\"IMG-20250903-WA0009\" loading=\"lazy\" decoding=\"async\" \/><\/a>\n\t\t\t<\/div><\/figure><figure class='gallery-item'>\n\t\t\t<div class='gallery-icon landscape'>\n\t\t\t\t<a href='https:\/\/www.ffrum.at\/website\/wp1\/2025\/08\/25\/ferienspass-am-22-08-2025\/img-20250903-wa0010\/'><img loading=\"lazy\" width=\"150\" height=\"150\" src=\"https:\/\/www.ffrum.at\/website\/wp1\/wp-content\/uploads\/2025\/09\/IMG-20250903-WA0010-150x150.jpg\" class=\"attachment-thumbnail size-thumbnail\" alt=\"IMG-20250903-WA0010\" loading=\"lazy\" decoding=\"async\" \/><\/a>\n\t\t\t<\/div><\/figure>\n\t\t<\/div>\n\n<p>Bericht: FF Rum<br \/>\nBilder: FF Rum<\/p>\n","protected":false},"excerpt":{"rendered":"<p>Am 22.08.2025 veranstaltete die Freiwillige Feuerwehr Rum im Rahmen des Ferienspa\u00dfes der Marktgemeinde Rum erneut&#8230;<\/p>\n","protected":false},"author":10,"featured_media":8228,"comment_status":"closed","ping_status":"open","sticky":false,"template":"","format":"standard","meta":{"footnotes":""},"categories":[50,1],"tags":[],"class_list":["post-8226","post","type-post","status-publish","format-standard","has-post-thumbnail","hentry","category-50","category-kameradschaft"],"_links":{"self":[{"href":"https:\/\/www.ffrum.at\/website\/wp1\/wp-json\/wp\/v2\/posts\/8226","targetHints":{"allow":["GET"]}}],"collection":[{"href":"https:\/\/www.ffrum.at\/website\/wp1\/wp-json\/wp\/v2\/posts"}],"about":[{"href":"https:\/\/www.ffrum.at\/website\/wp1\/wp-json\/wp\/v2\/types\/post"}],"author":[{"embeddable":true,"href":"https:\/\/www.ffrum.at\/website\/wp1\/wp-json\/wp\/v2\/users\/10"}],"replies":[{"embeddable":true,"href":"https:\/\/www.ffrum.at\/website\/wp1\/wp-json\/wp\/v2\/comments?post=8226"}],"version-history":[{"count":3,"href":"https:\/\/www.ffrum.at\/website\/wp1\/wp-json\/wp\/v2\/posts\/8226\/revisions"}],"predecessor-version":[{"id":8236,"href":"https:\/\/www.ffrum.at\/website\/wp1\/wp-json\/wp\/v2\/posts\/8226\/revisions\/8236"}],"wp:featuredmedia":[{"embeddable":true,"href":"https:\/\/www.ffrum.at\/website\/wp1\/wp-json\/wp\/v2\/media\/8228"}],"wp:attachment":[{"href":"https:\/\/www.ffrum.at\/website\/wp1\/wp-json\/wp\/v2\/media?parent=8226"}],"wp:term":[{"taxonomy":"category","embeddable":true,"href":"https:\/\/www.ffrum.at\/website\/wp1\/wp-json\/wp\/v2\/categories?post=8226"},{"taxonomy":"post_tag","embeddable":true,"href":"https:\/\/www.ffrum.at\/website\/wp1\/wp-json\/wp\/v2\/tags?post=8226"}],"curies":[{"name":"wp","href":"https:\/\/api.w.org\/{rel}","templated":true}]}}