{"id":8205,"date":"2025-08-26T15:42:16","date_gmt":"2025-08-26T13:42:16","guid":{"rendered":"https:\/\/www.ffrum.at\/website\/wp1\/?p=8205"},"modified":"2026-01-08T10:27:03","modified_gmt":"2026-01-08T09:27:03","slug":"brand-mehrfamilienhaus-in-thaur-am-24-08-2025","status":"publish","type":"post","link":"https:\/\/www.ffrum.at\/website\/wp1\/2025\/08\/26\/brand-mehrfamilienhaus-in-thaur-am-24-08-2025\/","title":{"rendered":"Brand Mehrfamilienhaus in Thaur am 24.08.2025"},"content":{"rendered":"<p>Am 24.08.2025 wurden die Freiwilligen Feuerwehren Thaur und Rum zu einem Geb\u00e4udebrand nach Thaur alarmiert. Beim Eintreffen des ersten Tankl\u00f6schfahrzeuges der FF-Thaur war schon von weiten die Rauchs\u00e4ule und die lodernden Flammen von der Garage bis \u00fcber den Dachstuhl des Mehrfamilienhauses sichtbar. Zum Gl\u00fcck konnten sich alle Personen aus dem Brandobjekt selbstst\u00e4ndig und unverletzt retten, sodass sofort mit den L\u00f6scharbeiten und dem Sch\u00fctzen der Nachbarh\u00e4user begonnen werden konnte. Nach dem Erkunden und den ersten Befehlen des Einsatzleiters stellte sich sofort heraus, dass der Brand schon unters Dach und in die darunter liegende Wohnung vorgedrungen war. Durch der gro\u00dfen Brandausbreitung wurde neben der schon in Stellung gebrachten Drehleiter der FF-Rum, auch die Freiwillige Feuerwehr Hall mit ihrer Drehleiter zur Unterst\u00fctzung nachalarmiert. Die Nachl\u00f6scharbeiten und die provisorische Abdichtung der unbeschadeten Dachh\u00e4lfte im Osten zogen sich bis in die fr\u00fchen Abendstunden.<\/p>\n<p>&nbsp;<\/p>\n<p><strong>Im Einsatz standen:\u00a0<\/strong><\/p>\n<ul>\n<li>Thaur mit 4 Fahrzeugen<\/li>\n<\/ul>\n<p>LAST, TLFA, KRF-B und KLF<\/p>\n<ul>\n<li>Rum mit 6 Fahrzeugen<\/li>\n<\/ul>\n<p>KDO, TLF-1, TLFA-2, DLK, KLF und LAST<\/p>\n<ul>\n<li>Hall mit 7 Fahrzeugen<\/li>\n<\/ul>\n<p>KDO, TLF-1, TLF-2, DLK, WLF-2, SRF und LAST<\/p>\n<ul>\n<li>Bezirksfeuerwehrverband<\/li>\n<\/ul>\n<p>BFI IL und AK Hall<\/p>\n<ul>\n<li>Polizei und Rettungsdienst<\/li>\n<\/ul>\n<div id='gallery-1' class='gallery galleryid-8205 gallery-columns-3 gallery-size-thumbnail'><figure class='gallery-item'>\n\t\t\t<div class='gallery-icon portrait'>\n\t\t\t\t<a href='https:\/\/www.ffrum.at\/website\/wp1\/2025\/08\/26\/brand-mehrfamilienhaus-in-thaur-am-24-08-2025\/vuyj5455\/'><img loading=\"lazy\" width=\"150\" height=\"150\" src=\"https:\/\/www.ffrum.at\/website\/wp1\/wp-content\/uploads\/2025\/08\/VUYJ5455-150x150.jpg\" class=\"attachment-thumbnail size-thumbnail\" alt=\"VUYJ5455\" loading=\"lazy\" decoding=\"async\" \/><\/a>\n\t\t\t<\/div><\/figure><figure class='gallery-item'>\n\t\t\t<div class='gallery-icon landscape'>\n\t\t\t\t<a href='https:\/\/www.ffrum.at\/website\/wp1\/2025\/08\/26\/brand-mehrfamilienhaus-in-thaur-am-24-08-2025\/20250824_100613\/'><img loading=\"lazy\" width=\"150\" height=\"150\" src=\"https:\/\/www.ffrum.at\/website\/wp1\/wp-content\/uploads\/2025\/08\/20250824_100613-150x150.jpg\" class=\"attachment-thumbnail size-thumbnail\" alt=\"20250824_100613\" loading=\"lazy\" decoding=\"async\" \/><\/a>\n\t\t\t<\/div><\/figure><figure class='gallery-item'>\n\t\t\t<div class='gallery-icon landscape'>\n\t\t\t\t<a href='https:\/\/www.ffrum.at\/website\/wp1\/2025\/08\/26\/brand-mehrfamilienhaus-in-thaur-am-24-08-2025\/20250824_104032\/'><img loading=\"lazy\" width=\"150\" height=\"150\" src=\"https:\/\/www.ffrum.at\/website\/wp1\/wp-content\/uploads\/2025\/08\/20250824_104032-150x150.jpg\" class=\"attachment-thumbnail size-thumbnail\" alt=\"20250824_104032\" loading=\"lazy\" decoding=\"async\" \/><\/a>\n\t\t\t<\/div><\/figure><figure class='gallery-item'>\n\t\t\t<div class='gallery-icon landscape'>\n\t\t\t\t<a href='https:\/\/www.ffrum.at\/website\/wp1\/2025\/08\/26\/brand-mehrfamilienhaus-in-thaur-am-24-08-2025\/img_3410\/'><img loading=\"lazy\" width=\"150\" height=\"150\" src=\"https:\/\/www.ffrum.at\/website\/wp1\/wp-content\/uploads\/2025\/08\/IMG_3410-150x150.jpg\" class=\"attachment-thumbnail size-thumbnail\" alt=\"IMG_3410\" loading=\"lazy\" decoding=\"async\" \/><\/a>\n\t\t\t<\/div><\/figure><figure class='gallery-item'>\n\t\t\t<div class='gallery-icon landscape'>\n\t\t\t\t<a href='https:\/\/www.ffrum.at\/website\/wp1\/2025\/08\/26\/brand-mehrfamilienhaus-in-thaur-am-24-08-2025\/uxjg3917\/'><img loading=\"lazy\" width=\"150\" height=\"150\" src=\"https:\/\/www.ffrum.at\/website\/wp1\/wp-content\/uploads\/2025\/08\/UXJG3917-150x150.jpg\" class=\"attachment-thumbnail size-thumbnail\" alt=\"UXJG3917\" loading=\"lazy\" decoding=\"async\" \/><\/a>\n\t\t\t<\/div><\/figure><figure class='gallery-item'>\n\t\t\t<div class='gallery-icon portrait'>\n\t\t\t\t<a href='https:\/\/www.ffrum.at\/website\/wp1\/2025\/08\/26\/brand-mehrfamilienhaus-in-thaur-am-24-08-2025\/yirx2625\/'><img loading=\"lazy\" width=\"150\" height=\"150\" src=\"https:\/\/www.ffrum.at\/website\/wp1\/wp-content\/uploads\/2025\/08\/YIRX2625-150x150.jpg\" class=\"attachment-thumbnail size-thumbnail\" alt=\"YIRX2625\" loading=\"lazy\" decoding=\"async\" \/><\/a>\n\t\t\t<\/div><\/figure>\n\t\t<\/div>\n\n<p>Bericht: Riedmann Kurt, Neuner Michael, FF Rum<br \/>\nFotos: Riedmann Kurt, Neuner Michael, FF Rum<\/p>\n<p>&nbsp;<\/p>\n","protected":false},"excerpt":{"rendered":"<p>Am 24.08.2025 wurden die Freiwilligen Feuerwehren Thaur und Rum zu einem Geb\u00e4udebrand nach Thaur alarmiert&#8230;.<\/p>\n","protected":false},"author":10,"featured_media":8214,"comment_status":"closed","ping_status":"open","sticky":false,"template":"","format":"standard","meta":{"footnotes":""},"categories":[50,34],"tags":[],"class_list":["post-8205","post","type-post","status-publish","format-standard","has-post-thumbnail","hentry","category-50","category-brandeinsatz"],"_links":{"self":[{"href":"https:\/\/www.ffrum.at\/website\/wp1\/wp-json\/wp\/v2\/posts\/8205","targetHints":{"allow":["GET"]}}],"collection":[{"href":"https:\/\/www.ffrum.at\/website\/wp1\/wp-json\/wp\/v2\/posts"}],"about":[{"href":"https:\/\/www.ffrum.at\/website\/wp1\/wp-json\/wp\/v2\/types\/post"}],"author":[{"embeddable":true,"href":"https:\/\/www.ffrum.at\/website\/wp1\/wp-json\/wp\/v2\/users\/10"}],"replies":[{"embeddable":true,"href":"https:\/\/www.ffrum.at\/website\/wp1\/wp-json\/wp\/v2\/comments?post=8205"}],"version-history":[{"count":8,"href":"https:\/\/www.ffrum.at\/website\/wp1\/wp-json\/wp\/v2\/posts\/8205\/revisions"}],"predecessor-version":[{"id":8221,"href":"https:\/\/www.ffrum.at\/website\/wp1\/wp-json\/wp\/v2\/posts\/8205\/revisions\/8221"}],"wp:featuredmedia":[{"embeddable":true,"href":"https:\/\/www.ffrum.at\/website\/wp1\/wp-json\/wp\/v2\/media\/8214"}],"wp:attachment":[{"href":"https:\/\/www.ffrum.at\/website\/wp1\/wp-json\/wp\/v2\/media?parent=8205"}],"wp:term":[{"taxonomy":"category","embeddable":true,"href":"https:\/\/www.ffrum.at\/website\/wp1\/wp-json\/wp\/v2\/categories?post=8205"},{"taxonomy":"post_tag","embeddable":true,"href":"https:\/\/www.ffrum.at\/website\/wp1\/wp-json\/wp\/v2\/tags?post=8205"}],"curies":[{"name":"wp","href":"https:\/\/api.w.org\/{rel}","templated":true}]}}