{"id":8171,"date":"2025-08-24T13:28:48","date_gmt":"2025-08-24T11:28:48","guid":{"rendered":"https:\/\/www.ffrum.at\/website\/wp1\/?p=8171"},"modified":"2026-01-08T10:27:03","modified_gmt":"2026-01-08T09:27:03","slug":"25-bundesfeuerwehrleistungswettbewerb-in-weiz-steiermark","status":"publish","type":"post","link":"https:\/\/www.ffrum.at\/website\/wp1\/2025\/08\/24\/25-bundesfeuerwehrleistungswettbewerb-in-weiz-steiermark\/","title":{"rendered":"Bundes-Feuerwehrjugendleistungsbewerb 2025 in Weiz \u2013 ein unvergessliches Erlebnis f\u00fcr unsere Feuerwehrjugend"},"content":{"rendered":"<p>Vom <strong>22. bis 24. August 2025<\/strong> machte sich die Bewerbsgruppe Arzl, unterst\u00fctzt von Feuerwehrjugendmitgliedern aus Rum und Neu Arzl, auf den Weg nach <strong>Weiz in der Steiermark<\/strong> zum <strong>25. Bundes-Feuerwehrjugendleistungsbewerb<\/strong>.<\/p>\n<p><strong>Ein starkes Team aus drei Feuerwehren<\/strong><\/p>\n<p>Die Bewerbsgruppe Arzl qualifizierte sich zuvor beim Landesbewerb in Tirol f\u00fcr dieses besondere Ereignis. Vier unserer Feuerwehrjugendmitglieder der <strong>FF Rum<\/strong> durften dabei in der Bewerbsgruppe Arzl mitwirken:<\/p>\n<ul>\n<li><strong>Andreas Posch<\/strong> (Position 5)<\/li>\n<li><strong>Bastian Steger<\/strong> (Position 6)<\/li>\n<li><strong>Rafael H\u00f6pperger<\/strong> (Position 8)<\/li>\n<li><strong>Florentina Winter<\/strong> (Reservemann)<\/li>\n<\/ul>\n<p>Gemeinsam mit f\u00fcnf Jugendmitgliedern aus der <strong>FF Arzl<\/strong> einem Jugendmitglied der <strong>FF Neu Arzl<\/strong> formte sich ein Team aus drei Feuerwehren \u2013 ein gro\u00dfartiges Beispiel f\u00fcr gelebte Kameradschaft \u00fcber die Ortsgrenzen hinaus.<\/p>\n<p>Unter der engagierten F\u00fchrung von <strong>Jugendbetreuerin Katharina Wieser (FF Arzl)<\/strong>, die ihr Herzblut in die Jugendarbeit steckt, wuchs die Gruppe in einer intensiven Trainingswoche zu einer echten Einheit zusammen. Unterst\u00fctzt wurde sie dabei von <strong>Renate und Andreas Beck (FF Arzl)<\/strong>, <strong>Natascha Wolf (FF Rum)<\/strong> mit Helferin <strong>Hanna Auer<\/strong>, <strong>Michaela Posch<\/strong>, sowie der Jugendbetreuerin <strong>Patrizia Stolz (FF Neu Arzl).<\/strong> Ein herzliches Dankesch\u00f6n gilt auch der <strong>Firma Herbo Chemosan<\/strong>, die ihr Betriebsgel\u00e4nde gro\u00dfz\u00fcgig f\u00fcr die Trainings zur Verf\u00fcgung stellte.<\/p>\n<p><strong>Der Bewerb in Weiz<\/strong><\/p>\n<p>Am Freitag, den 22. August, ging es fr\u00fch morgens los in Richtung Steiermark. Nach dem Bezug der Unterkunft im Bundesschulzentrum und dem Mittagessen in der Stadthalle ging es f\u00fcr die Bewerbsgruppe zum Trainingsdurchgang am Bewerbsplatz. Am Abend fand die feierlichen Er\u00f6ffnung am Hauptplatz in Weiz statt. Danach ging es zur\u00fcck in die Unterkunft ins Bundesschulzentrum.<\/p>\n<p>Der gro\u00dfe Tag war Samstag, der 23. August. Mit etwas Verz\u00f6gerung startete die Gruppe kurz nach 12:00 Uhr. Die Nervosit\u00e4t war sp\u00fcrbar, doch der Einsatz und Teamgeist zahlten sich aus:<\/p>\n<ul>\n<li><strong>Hindernisbahn<\/strong>: 53,85 Sekunden \u2013 fehlerfrei<\/li>\n<li><strong>Staffellauf<\/strong>: 79,40 Sekunden \u2013 fehlerfrei<\/li>\n<\/ul>\n<p>Das Ergebnis konnte sich sehen lassen: <strong>Platz 31 und damit die beste Bewerbsgruppe Tirols!<\/strong><\/p>\n<p>Am Abend folgte die feierliche Schlussveranstaltung mit \u00dcbergabe der Leistungsabzeichen und Medaillen \u2013 ein stolzer Moment f\u00fcr alle Beteiligten. Anschlie\u00dfend wurde bei der Jugenddisco in der Stadthalle noch geb\u00fchrend gefeiert.<\/p>\n<p><strong>Heimkehr und Abschluss<\/strong><\/p>\n<p>Am Sonntag trat die Gruppe die Heimreise an. Zur\u00fcck in Rum gab es im Ger\u00e4tehaus noch eine gemeinsame St\u00e4rkung \u2013 der perfekte Abschluss f\u00fcr ein Wochenende voller <strong>Erfolg, Kameradschaft, Teamgeist und Freundschaft<\/strong>.<\/p>\n<p>Unsere Feuerwehrjugend hat gezeigt, dass <strong>Zusammenarbeit \u00fcber die Grenzen hinweg<\/strong> nicht nur im Einsatz, sondern auch im Bewerb etwas ganz Besonderes ist. Jeder Einzelne nahm unvergessliche Erinnerungen mit nach Hause, die sicher noch viele Jahre in Erinnerung bleiben.<\/p>\n<p>Wir gratulieren der <strong>Bewerbsgruppe Arzl<\/strong> herzlich zu dieser gro\u00dfartigen Leistung und sind <strong>mega stolz<\/strong> auf unsere Jugendmitglieder, die Teil dieses Erfolges sein durften!<\/p>\n<p>Ein besonderer Dank gilt der <strong>FF Arzl<\/strong> und allen Betreuern, die mit vollem Einsatz, Begeisterung und Herzblut dieses Erlebnis m\u00f6glich gemacht haben.<\/p>\n<p><strong>Ihr habt uns gezeigt, was Teamgeist bedeutet \u2013 wir sind stolz auf EUCH!<\/strong><\/p>\n<p>Bericht: FF Rum<\/p>\n<p>Bilder: LFV Tirol, FF Arzl, FF Rum<\/p>\n<div id='gallery-1' class='gallery galleryid-8171 gallery-columns-3 gallery-size-thumbnail'><figure class='gallery-item'>\n\t\t\t<div class='gallery-icon landscape'>\n\t\t\t\t<a href='https:\/\/www.ffrum.at\/website\/wp1\/2025\/08\/24\/25-bundesfeuerwehrleistungswettbewerb-in-weiz-steiermark\/img-20250824-wa0046\/'><img loading=\"lazy\" width=\"150\" height=\"150\" src=\"https:\/\/www.ffrum.at\/website\/wp1\/wp-content\/uploads\/2025\/08\/IMG-20250824-WA0046-150x150.jpg\" class=\"attachment-thumbnail size-thumbnail\" alt=\"IMG-20250824-WA0046\" loading=\"lazy\" decoding=\"async\" \/><\/a>\n\t\t\t<\/div><\/figure><figure class='gallery-item'>\n\t\t\t<div class='gallery-icon landscape'>\n\t\t\t\t<a href='https:\/\/www.ffrum.at\/website\/wp1\/2025\/08\/24\/25-bundesfeuerwehrleistungswettbewerb-in-weiz-steiermark\/img-20250824-wa0047\/'><img loading=\"lazy\" width=\"150\" height=\"150\" src=\"https:\/\/www.ffrum.at\/website\/wp1\/wp-content\/uploads\/2025\/08\/IMG-20250824-WA0047-150x150.jpg\" class=\"attachment-thumbnail size-thumbnail\" alt=\"IMG-20250824-WA0047\" loading=\"lazy\" decoding=\"async\" \/><\/a>\n\t\t\t<\/div><\/figure><figure class='gallery-item'>\n\t\t\t<div class='gallery-icon portrait'>\n\t\t\t\t<a href='https:\/\/www.ffrum.at\/website\/wp1\/2025\/08\/24\/25-bundesfeuerwehrleistungswettbewerb-in-weiz-steiermark\/img-20250824-wa0048\/'><img loading=\"lazy\" width=\"150\" height=\"150\" src=\"https:\/\/www.ffrum.at\/website\/wp1\/wp-content\/uploads\/2025\/08\/IMG-20250824-WA0048-150x150.jpg\" class=\"attachment-thumbnail size-thumbnail\" alt=\"IMG-20250824-WA0048\" loading=\"lazy\" decoding=\"async\" \/><\/a>\n\t\t\t<\/div><\/figure><figure class='gallery-item'>\n\t\t\t<div class='gallery-icon landscape'>\n\t\t\t\t<a href='https:\/\/www.ffrum.at\/website\/wp1\/2025\/08\/24\/25-bundesfeuerwehrleistungswettbewerb-in-weiz-steiermark\/img-20250824-wa0049\/'><img loading=\"lazy\" width=\"150\" height=\"150\" src=\"https:\/\/www.ffrum.at\/website\/wp1\/wp-content\/uploads\/2025\/08\/IMG-20250824-WA0049-150x150.jpg\" class=\"attachment-thumbnail size-thumbnail\" alt=\"IMG-20250824-WA0049\" loading=\"lazy\" decoding=\"async\" \/><\/a>\n\t\t\t<\/div><\/figure><figure class='gallery-item'>\n\t\t\t<div class='gallery-icon landscape'>\n\t\t\t\t<a href='https:\/\/www.ffrum.at\/website\/wp1\/2025\/08\/24\/25-bundesfeuerwehrleistungswettbewerb-in-weiz-steiermark\/img-20250824-wa0050\/'><img loading=\"lazy\" width=\"150\" height=\"150\" src=\"https:\/\/www.ffrum.at\/website\/wp1\/wp-content\/uploads\/2025\/08\/IMG-20250824-WA0050-150x150.jpg\" class=\"attachment-thumbnail size-thumbnail\" alt=\"IMG-20250824-WA0050\" loading=\"lazy\" decoding=\"async\" \/><\/a>\n\t\t\t<\/div><\/figure><figure class='gallery-item'>\n\t\t\t<div class='gallery-icon portrait'>\n\t\t\t\t<a href='https:\/\/www.ffrum.at\/website\/wp1\/2025\/08\/24\/25-bundesfeuerwehrleistungswettbewerb-in-weiz-steiermark\/img-20250824-wa0051\/'><img loading=\"lazy\" width=\"150\" height=\"150\" src=\"https:\/\/www.ffrum.at\/website\/wp1\/wp-content\/uploads\/2025\/08\/IMG-20250824-WA0051-150x150.jpg\" class=\"attachment-thumbnail size-thumbnail\" alt=\"IMG-20250824-WA0051\" loading=\"lazy\" decoding=\"async\" \/><\/a>\n\t\t\t<\/div><\/figure><figure class='gallery-item'>\n\t\t\t<div class='gallery-icon landscape'>\n\t\t\t\t<a href='https:\/\/www.ffrum.at\/website\/wp1\/2025\/08\/24\/25-bundesfeuerwehrleistungswettbewerb-in-weiz-steiermark\/img-20250824-wa0052\/'><img loading=\"lazy\" width=\"150\" height=\"150\" src=\"https:\/\/www.ffrum.at\/website\/wp1\/wp-content\/uploads\/2025\/08\/IMG-20250824-WA0052-150x150.jpg\" class=\"attachment-thumbnail size-thumbnail\" alt=\"IMG-20250824-WA0052\" loading=\"lazy\" decoding=\"async\" \/><\/a>\n\t\t\t<\/div><\/figure><figure class='gallery-item'>\n\t\t\t<div class='gallery-icon portrait'>\n\t\t\t\t<a href='https:\/\/www.ffrum.at\/website\/wp1\/2025\/08\/24\/25-bundesfeuerwehrleistungswettbewerb-in-weiz-steiermark\/img-20250824-wa0053\/'><img loading=\"lazy\" width=\"150\" height=\"150\" src=\"https:\/\/www.ffrum.at\/website\/wp1\/wp-content\/uploads\/2025\/08\/IMG-20250824-WA0053-150x150.jpg\" class=\"attachment-thumbnail size-thumbnail\" alt=\"IMG-20250824-WA0053\" loading=\"lazy\" decoding=\"async\" \/><\/a>\n\t\t\t<\/div><\/figure><figure class='gallery-item'>\n\t\t\t<div class='gallery-icon landscape'>\n\t\t\t\t<a href='https:\/\/www.ffrum.at\/website\/wp1\/2025\/08\/24\/25-bundesfeuerwehrleistungswettbewerb-in-weiz-steiermark\/img-20250824-wa0054\/'><img loading=\"lazy\" width=\"150\" height=\"150\" src=\"https:\/\/www.ffrum.at\/website\/wp1\/wp-content\/uploads\/2025\/08\/IMG-20250824-WA0054-150x150.jpg\" class=\"attachment-thumbnail size-thumbnail\" alt=\"IMG-20250824-WA0054\" loading=\"lazy\" decoding=\"async\" \/><\/a>\n\t\t\t<\/div><\/figure><figure class='gallery-item'>\n\t\t\t<div class='gallery-icon landscape'>\n\t\t\t\t<a href='https:\/\/www.ffrum.at\/website\/wp1\/2025\/08\/24\/25-bundesfeuerwehrleistungswettbewerb-in-weiz-steiermark\/img-20250824-wa0055\/'><img loading=\"lazy\" width=\"150\" height=\"150\" src=\"https:\/\/www.ffrum.at\/website\/wp1\/wp-content\/uploads\/2025\/08\/IMG-20250824-WA0055-150x150.jpg\" class=\"attachment-thumbnail size-thumbnail\" alt=\"IMG-20250824-WA0055\" loading=\"lazy\" decoding=\"async\" \/><\/a>\n\t\t\t<\/div><\/figure><figure class='gallery-item'>\n\t\t\t<div class='gallery-icon portrait'>\n\t\t\t\t<a href='https:\/\/www.ffrum.at\/website\/wp1\/2025\/08\/24\/25-bundesfeuerwehrleistungswettbewerb-in-weiz-steiermark\/img-20250824-wa0056\/'><img loading=\"lazy\" width=\"150\" height=\"150\" src=\"https:\/\/www.ffrum.at\/website\/wp1\/wp-content\/uploads\/2025\/08\/IMG-20250824-WA0056-150x150.jpg\" class=\"attachment-thumbnail size-thumbnail\" alt=\"IMG-20250824-WA0056\" loading=\"lazy\" decoding=\"async\" \/><\/a>\n\t\t\t<\/div><\/figure><figure class='gallery-item'>\n\t\t\t<div class='gallery-icon portrait'>\n\t\t\t\t<a href='https:\/\/www.ffrum.at\/website\/wp1\/2025\/08\/24\/25-bundesfeuerwehrleistungswettbewerb-in-weiz-steiermark\/img-20250824-wa0057\/'><img loading=\"lazy\" width=\"150\" height=\"150\" src=\"https:\/\/www.ffrum.at\/website\/wp1\/wp-content\/uploads\/2025\/08\/IMG-20250824-WA0057-150x150.jpg\" class=\"attachment-thumbnail size-thumbnail\" alt=\"IMG-20250824-WA0057\" loading=\"lazy\" decoding=\"async\" \/><\/a>\n\t\t\t<\/div><\/figure><figure class='gallery-item'>\n\t\t\t<div class='gallery-icon portrait'>\n\t\t\t\t<a href='https:\/\/www.ffrum.at\/website\/wp1\/2025\/08\/24\/25-bundesfeuerwehrleistungswettbewerb-in-weiz-steiermark\/img-20250824-wa0058\/'><img loading=\"lazy\" width=\"150\" height=\"150\" src=\"https:\/\/www.ffrum.at\/website\/wp1\/wp-content\/uploads\/2025\/08\/IMG-20250824-WA0058-150x150.jpg\" class=\"attachment-thumbnail size-thumbnail\" alt=\"IMG-20250824-WA0058\" loading=\"lazy\" decoding=\"async\" \/><\/a>\n\t\t\t<\/div><\/figure><figure class='gallery-item'>\n\t\t\t<div class='gallery-icon landscape'>\n\t\t\t\t<a href='https:\/\/www.ffrum.at\/website\/wp1\/2025\/08\/24\/25-bundesfeuerwehrleistungswettbewerb-in-weiz-steiermark\/img-20250824-wa0059\/'><img loading=\"lazy\" width=\"150\" height=\"150\" src=\"https:\/\/www.ffrum.at\/website\/wp1\/wp-content\/uploads\/2025\/08\/IMG-20250824-WA0059-150x150.jpg\" class=\"attachment-thumbnail size-thumbnail\" alt=\"IMG-20250824-WA0059\" loading=\"lazy\" decoding=\"async\" \/><\/a>\n\t\t\t<\/div><\/figure><figure class='gallery-item'>\n\t\t\t<div class='gallery-icon landscape'>\n\t\t\t\t<a href='https:\/\/www.ffrum.at\/website\/wp1\/2025\/08\/24\/25-bundesfeuerwehrleistungswettbewerb-in-weiz-steiermark\/img-20250824-wa0060\/'><img loading=\"lazy\" width=\"150\" height=\"150\" src=\"https:\/\/www.ffrum.at\/website\/wp1\/wp-content\/uploads\/2025\/08\/IMG-20250824-WA0060-150x150.jpg\" class=\"attachment-thumbnail size-thumbnail\" alt=\"IMG-20250824-WA0060\" loading=\"lazy\" decoding=\"async\" \/><\/a>\n\t\t\t<\/div><\/figure><figure class='gallery-item'>\n\t\t\t<div class='gallery-icon portrait'>\n\t\t\t\t<a href='https:\/\/www.ffrum.at\/website\/wp1\/2025\/08\/24\/25-bundesfeuerwehrleistungswettbewerb-in-weiz-steiermark\/img-20250824-wa0061\/'><img loading=\"lazy\" width=\"150\" height=\"150\" src=\"https:\/\/www.ffrum.at\/website\/wp1\/wp-content\/uploads\/2025\/08\/IMG-20250824-WA0061-150x150.jpg\" class=\"attachment-thumbnail size-thumbnail\" alt=\"IMG-20250824-WA0061\" loading=\"lazy\" decoding=\"async\" \/><\/a>\n\t\t\t<\/div><\/figure><figure class='gallery-item'>\n\t\t\t<div class='gallery-icon landscape'>\n\t\t\t\t<a href='https:\/\/www.ffrum.at\/website\/wp1\/2025\/08\/24\/25-bundesfeuerwehrleistungswettbewerb-in-weiz-steiermark\/img-20250824-wa0062\/'><img loading=\"lazy\" width=\"150\" height=\"150\" src=\"https:\/\/www.ffrum.at\/website\/wp1\/wp-content\/uploads\/2025\/08\/IMG-20250824-WA0062-150x150.jpg\" class=\"attachment-thumbnail size-thumbnail\" alt=\"IMG-20250824-WA0062\" loading=\"lazy\" decoding=\"async\" \/><\/a>\n\t\t\t<\/div><\/figure><figure class='gallery-item'>\n\t\t\t<div class='gallery-icon landscape'>\n\t\t\t\t<a href='https:\/\/www.ffrum.at\/website\/wp1\/2025\/08\/24\/25-bundesfeuerwehrleistungswettbewerb-in-weiz-steiermark\/img-20250824-wa0063\/'><img loading=\"lazy\" width=\"150\" height=\"150\" src=\"https:\/\/www.ffrum.at\/website\/wp1\/wp-content\/uploads\/2025\/08\/IMG-20250824-WA0063-150x150.jpg\" class=\"attachment-thumbnail size-thumbnail\" alt=\"IMG-20250824-WA0063\" loading=\"lazy\" decoding=\"async\" \/><\/a>\n\t\t\t<\/div><\/figure><figure class='gallery-item'>\n\t\t\t<div class='gallery-icon portrait'>\n\t\t\t\t<a href='https:\/\/www.ffrum.at\/website\/wp1\/2025\/08\/24\/25-bundesfeuerwehrleistungswettbewerb-in-weiz-steiermark\/img-20250824-wa0064\/'><img loading=\"lazy\" width=\"150\" height=\"150\" src=\"https:\/\/www.ffrum.at\/website\/wp1\/wp-content\/uploads\/2025\/08\/IMG-20250824-WA0064-150x150.jpg\" class=\"attachment-thumbnail size-thumbnail\" alt=\"IMG-20250824-WA0064\" loading=\"lazy\" decoding=\"async\" \/><\/a>\n\t\t\t<\/div><\/figure><figure class='gallery-item'>\n\t\t\t<div class='gallery-icon landscape'>\n\t\t\t\t<a href='https:\/\/www.ffrum.at\/website\/wp1\/2025\/08\/24\/25-bundesfeuerwehrleistungswettbewerb-in-weiz-steiermark\/img-20250824-wa0065\/'><img loading=\"lazy\" width=\"150\" height=\"150\" src=\"https:\/\/www.ffrum.at\/website\/wp1\/wp-content\/uploads\/2025\/08\/IMG-20250824-WA0065-150x150.jpg\" class=\"attachment-thumbnail size-thumbnail\" alt=\"IMG-20250824-WA0065\" loading=\"lazy\" decoding=\"async\" \/><\/a>\n\t\t\t<\/div><\/figure><figure class='gallery-item'>\n\t\t\t<div class='gallery-icon landscape'>\n\t\t\t\t<a href='https:\/\/www.ffrum.at\/website\/wp1\/2025\/08\/24\/25-bundesfeuerwehrleistungswettbewerb-in-weiz-steiermark\/img-20250824-wa0066\/'><img loading=\"lazy\" width=\"150\" height=\"150\" src=\"https:\/\/www.ffrum.at\/website\/wp1\/wp-content\/uploads\/2025\/08\/IMG-20250824-WA0066-150x150.jpg\" class=\"attachment-thumbnail size-thumbnail\" alt=\"IMG-20250824-WA0066\" loading=\"lazy\" decoding=\"async\" \/><\/a>\n\t\t\t<\/div><\/figure><figure class='gallery-item'>\n\t\t\t<div class='gallery-icon portrait'>\n\t\t\t\t<a href='https:\/\/www.ffrum.at\/website\/wp1\/2025\/08\/24\/25-bundesfeuerwehrleistungswettbewerb-in-weiz-steiermark\/img-20250824-wa0067\/'><img loading=\"lazy\" width=\"150\" height=\"150\" src=\"https:\/\/www.ffrum.at\/website\/wp1\/wp-content\/uploads\/2025\/08\/IMG-20250824-WA0067-150x150.jpg\" class=\"attachment-thumbnail size-thumbnail\" alt=\"IMG-20250824-WA0067\" loading=\"lazy\" decoding=\"async\" \/><\/a>\n\t\t\t<\/div><\/figure><figure class='gallery-item'>\n\t\t\t<div class='gallery-icon portrait'>\n\t\t\t\t<a href='https:\/\/www.ffrum.at\/website\/wp1\/2025\/08\/24\/25-bundesfeuerwehrleistungswettbewerb-in-weiz-steiermark\/img-20250824-wa0068\/'><img loading=\"lazy\" width=\"150\" height=\"150\" src=\"https:\/\/www.ffrum.at\/website\/wp1\/wp-content\/uploads\/2025\/08\/IMG-20250824-WA0068-150x150.jpg\" class=\"attachment-thumbnail size-thumbnail\" alt=\"IMG-20250824-WA0068\" loading=\"lazy\" decoding=\"async\" \/><\/a>\n\t\t\t<\/div><\/figure><figure class='gallery-item'>\n\t\t\t<div class='gallery-icon portrait'>\n\t\t\t\t<a href='https:\/\/www.ffrum.at\/website\/wp1\/2025\/08\/24\/25-bundesfeuerwehrleistungswettbewerb-in-weiz-steiermark\/img-20250824-wa0069\/'><img loading=\"lazy\" width=\"150\" height=\"150\" src=\"https:\/\/www.ffrum.at\/website\/wp1\/wp-content\/uploads\/2025\/08\/IMG-20250824-WA0069-150x150.jpg\" class=\"attachment-thumbnail size-thumbnail\" alt=\"IMG-20250824-WA0069\" loading=\"lazy\" decoding=\"async\" \/><\/a>\n\t\t\t<\/div><\/figure><figure class='gallery-item'>\n\t\t\t<div class='gallery-icon landscape'>\n\t\t\t\t<a href='https:\/\/www.ffrum.at\/website\/wp1\/2025\/08\/24\/25-bundesfeuerwehrleistungswettbewerb-in-weiz-steiermark\/img-20250824-wa0070\/'><img loading=\"lazy\" width=\"150\" height=\"150\" src=\"https:\/\/www.ffrum.at\/website\/wp1\/wp-content\/uploads\/2025\/08\/IMG-20250824-WA0070-150x150.jpg\" class=\"attachment-thumbnail size-thumbnail\" alt=\"IMG-20250824-WA0070\" loading=\"lazy\" decoding=\"async\" \/><\/a>\n\t\t\t<\/div><\/figure><figure class='gallery-item'>\n\t\t\t<div class='gallery-icon portrait'>\n\t\t\t\t<a href='https:\/\/www.ffrum.at\/website\/wp1\/2025\/08\/24\/25-bundesfeuerwehrleistungswettbewerb-in-weiz-steiermark\/img-20250824-wa0071\/'><img loading=\"lazy\" width=\"150\" height=\"150\" src=\"https:\/\/www.ffrum.at\/website\/wp1\/wp-content\/uploads\/2025\/08\/IMG-20250824-WA0071-150x150.jpg\" class=\"attachment-thumbnail size-thumbnail\" alt=\"IMG-20250824-WA0071\" loading=\"lazy\" decoding=\"async\" \/><\/a>\n\t\t\t<\/div><\/figure><figure class='gallery-item'>\n\t\t\t<div class='gallery-icon landscape'>\n\t\t\t\t<a href='https:\/\/www.ffrum.at\/website\/wp1\/2025\/08\/24\/25-bundesfeuerwehrleistungswettbewerb-in-weiz-steiermark\/img-20250824-wa0072\/'><img loading=\"lazy\" width=\"150\" height=\"150\" src=\"https:\/\/www.ffrum.at\/website\/wp1\/wp-content\/uploads\/2025\/08\/IMG-20250824-WA0072-150x150.jpg\" class=\"attachment-thumbnail size-thumbnail\" alt=\"IMG-20250824-WA0072\" loading=\"lazy\" decoding=\"async\" \/><\/a>\n\t\t\t<\/div><\/figure><figure class='gallery-item'>\n\t\t\t<div class='gallery-icon landscape'>\n\t\t\t\t<a href='https:\/\/www.ffrum.at\/website\/wp1\/2025\/08\/24\/25-bundesfeuerwehrleistungswettbewerb-in-weiz-steiermark\/img-20250824-wa0073\/'><img loading=\"lazy\" width=\"150\" height=\"150\" src=\"https:\/\/www.ffrum.at\/website\/wp1\/wp-content\/uploads\/2025\/08\/IMG-20250824-WA0073-150x150.jpg\" class=\"attachment-thumbnail size-thumbnail\" alt=\"IMG-20250824-WA0073\" loading=\"lazy\" decoding=\"async\" \/><\/a>\n\t\t\t<\/div><\/figure><figure class='gallery-item'>\n\t\t\t<div class='gallery-icon landscape'>\n\t\t\t\t<a href='https:\/\/www.ffrum.at\/website\/wp1\/2025\/08\/24\/25-bundesfeuerwehrleistungswettbewerb-in-weiz-steiermark\/img-20250824-wa0074\/'><img loading=\"lazy\" width=\"150\" height=\"150\" src=\"https:\/\/www.ffrum.at\/website\/wp1\/wp-content\/uploads\/2025\/08\/IMG-20250824-WA0074-150x150.jpg\" class=\"attachment-thumbnail size-thumbnail\" alt=\"IMG-20250824-WA0074\" loading=\"lazy\" decoding=\"async\" \/><\/a>\n\t\t\t<\/div><\/figure>\n\t\t<\/div>\n\n","protected":false},"excerpt":{"rendered":"<p>Vom 22. bis 24. August 2025 machte sich die Bewerbsgruppe Arzl, unterst\u00fctzt von Feuerwehrjugendmitgliedern aus&#8230;<\/p>\n","protected":false},"author":10,"featured_media":8173,"comment_status":"closed","ping_status":"open","sticky":false,"template":"","format":"standard","meta":{"footnotes":""},"categories":[50,46],"tags":[],"class_list":["post-8171","post","type-post","status-publish","format-standard","has-post-thumbnail","hentry","category-50","category-jugend"],"_links":{"self":[{"href":"https:\/\/www.ffrum.at\/website\/wp1\/wp-json\/wp\/v2\/posts\/8171","targetHints":{"allow":["GET"]}}],"collection":[{"href":"https:\/\/www.ffrum.at\/website\/wp1\/wp-json\/wp\/v2\/posts"}],"about":[{"href":"https:\/\/www.ffrum.at\/website\/wp1\/wp-json\/wp\/v2\/types\/post"}],"author":[{"embeddable":true,"href":"https:\/\/www.ffrum.at\/website\/wp1\/wp-json\/wp\/v2\/users\/10"}],"replies":[{"embeddable":true,"href":"https:\/\/www.ffrum.at\/website\/wp1\/wp-json\/wp\/v2\/comments?post=8171"}],"version-history":[{"count":2,"href":"https:\/\/www.ffrum.at\/website\/wp1\/wp-json\/wp\/v2\/posts\/8171\/revisions"}],"predecessor-version":[{"id":8204,"href":"https:\/\/www.ffrum.at\/website\/wp1\/wp-json\/wp\/v2\/posts\/8171\/revisions\/8204"}],"wp:featuredmedia":[{"embeddable":true,"href":"https:\/\/www.ffrum.at\/website\/wp1\/wp-json\/wp\/v2\/media\/8173"}],"wp:attachment":[{"href":"https:\/\/www.ffrum.at\/website\/wp1\/wp-json\/wp\/v2\/media?parent=8171"}],"wp:term":[{"taxonomy":"category","embeddable":true,"href":"https:\/\/www.ffrum.at\/website\/wp1\/wp-json\/wp\/v2\/categories?post=8171"},{"taxonomy":"post_tag","embeddable":true,"href":"https:\/\/www.ffrum.at\/website\/wp1\/wp-json\/wp\/v2\/tags?post=8171"}],"curies":[{"name":"wp","href":"https:\/\/api.w.org\/{rel}","templated":true}]}}