{"id":8166,"date":"2025-08-20T20:39:58","date_gmt":"2025-08-20T18:39:58","guid":{"rendered":"https:\/\/www.ffrum.at\/website\/wp1\/?p=8166"},"modified":"2026-01-08T10:27:03","modified_gmt":"2026-01-08T09:27:03","slug":"unser-feuerwehrstorch-im-einsatz-fuer-hannes","status":"publish","type":"post","link":"https:\/\/www.ffrum.at\/website\/wp1\/2025\/08\/20\/unser-feuerwehrstorch-im-einsatz-fuer-hannes\/","title":{"rendered":"Unser Feuerwehrstorch im Einsatz f\u00fcr Hannes"},"content":{"rendered":"<p>Der n\u00e4chste Einsatz f\u00fcr unseren Feuerwehrstorch lie\u00df nicht lang auf sich warten. Unser Kamerad Josef und seine Marilena durften am 19.8.2025 ihren Sohn Hannes endlich kennenlernen. Hannes erblickte um 03:01 Uhr mit einem Gewicht von 2.9kg und einer Gr\u00f6\u00dfe von 48cm das Licht der Welt.<\/p>\n<p>Auf diesem Wege m\u00f6chten wir der Familie nochmals unseren Gl\u00fcckwunsch zum Nachwuchs aussprechen und dem kleinen Hannes alles Gl\u00fcck dieser Welt w\u00fcnschen!<\/p>\n<div id='gallery-1' class='gallery galleryid-8166 gallery-columns-3 gallery-size-thumbnail'><figure class='gallery-item'>\n\t\t\t<div class='gallery-icon portrait'>\n\t\t\t\t<a href='https:\/\/www.ffrum.at\/website\/wp1\/d0c724a6-0cdc-41d0-9c8e-55930722a391\/'><img loading=\"lazy\" width=\"150\" height=\"150\" src=\"https:\/\/www.ffrum.at\/website\/wp1\/wp-content\/uploads\/2025\/08\/d0c724a6-0cdc-41d0-9c8e-55930722a391-150x150.jpeg\" class=\"attachment-thumbnail size-thumbnail\" alt=\"d0c724a6-0cdc-41d0-9c8e-55930722a391\" loading=\"lazy\" decoding=\"async\" \/><\/a>\n\t\t\t<\/div><\/figure><figure class='gallery-item'>\n\t\t\t<div class='gallery-icon portrait'>\n\t\t\t\t<a href='https:\/\/www.ffrum.at\/website\/wp1\/20250819_195951\/'><img loading=\"lazy\" width=\"150\" height=\"150\" src=\"https:\/\/www.ffrum.at\/website\/wp1\/wp-content\/uploads\/2025\/08\/20250819_195951-150x150.jpeg\" class=\"attachment-thumbnail size-thumbnail\" alt=\"20250819_195951\" loading=\"lazy\" decoding=\"async\" \/><\/a>\n\t\t\t<\/div><\/figure>\n\t\t<\/div>\n\n","protected":false},"excerpt":{"rendered":"<p>Der n\u00e4chste Einsatz f\u00fcr unseren Feuerwehrstorch lie\u00df nicht lang auf sich warten. Unser Kamerad Josef&#8230;<\/p>\n","protected":false},"author":5,"featured_media":8167,"comment_status":"closed","ping_status":"open","sticky":false,"template":"","format":"standard","meta":{"footnotes":""},"categories":[50,1],"tags":[],"class_list":["post-8166","post","type-post","status-publish","format-standard","has-post-thumbnail","hentry","category-50","category-kameradschaft"],"_links":{"self":[{"href":"https:\/\/www.ffrum.at\/website\/wp1\/wp-json\/wp\/v2\/posts\/8166","targetHints":{"allow":["GET"]}}],"collection":[{"href":"https:\/\/www.ffrum.at\/website\/wp1\/wp-json\/wp\/v2\/posts"}],"about":[{"href":"https:\/\/www.ffrum.at\/website\/wp1\/wp-json\/wp\/v2\/types\/post"}],"author":[{"embeddable":true,"href":"https:\/\/www.ffrum.at\/website\/wp1\/wp-json\/wp\/v2\/users\/5"}],"replies":[{"embeddable":true,"href":"https:\/\/www.ffrum.at\/website\/wp1\/wp-json\/wp\/v2\/comments?post=8166"}],"version-history":[{"count":1,"href":"https:\/\/www.ffrum.at\/website\/wp1\/wp-json\/wp\/v2\/posts\/8166\/revisions"}],"predecessor-version":[{"id":8169,"href":"https:\/\/www.ffrum.at\/website\/wp1\/wp-json\/wp\/v2\/posts\/8166\/revisions\/8169"}],"wp:featuredmedia":[{"embeddable":true,"href":"https:\/\/www.ffrum.at\/website\/wp1\/wp-json\/wp\/v2\/media\/8167"}],"wp:attachment":[{"href":"https:\/\/www.ffrum.at\/website\/wp1\/wp-json\/wp\/v2\/media?parent=8166"}],"wp:term":[{"taxonomy":"category","embeddable":true,"href":"https:\/\/www.ffrum.at\/website\/wp1\/wp-json\/wp\/v2\/categories?post=8166"},{"taxonomy":"post_tag","embeddable":true,"href":"https:\/\/www.ffrum.at\/website\/wp1\/wp-json\/wp\/v2\/tags?post=8166"}],"curies":[{"name":"wp","href":"https:\/\/api.w.org\/{rel}","templated":true}]}}