{"id":8155,"date":"2025-08-14T14:44:28","date_gmt":"2025-08-14T12:44:28","guid":{"rendered":"https:\/\/www.ffrum.at\/website\/wp1\/?p=8155"},"modified":"2026-01-08T10:27:03","modified_gmt":"2026-01-08T09:27:03","slug":"fahrt-nach-rumo-zum-san-lorenzo-fest-am-10-08-2025","status":"publish","type":"post","link":"https:\/\/www.ffrum.at\/website\/wp1\/2025\/08\/14\/fahrt-nach-rumo-zum-san-lorenzo-fest-am-10-08-2025\/","title":{"rendered":"Fahrt nach Rumo zum San-Lorenzo Fest am 10.08.2025"},"content":{"rendered":"<p>Am 10. August 2025 reiste eine kleine Delegation der Freiwilligen Feuerwehr Rum, sowie der B\u00fcrgermeister Ing. Josef Karbon auf Einladung der Gemeinde Rumo in Trentino zum San-Lorenzo Fest in Mione di Rumo. Die Teilnahme erfolgte im Rahmen der langj\u00e4hrigen, gemeinsamen Verbundenheit der beiden Gemeinden und der Feuerwehr Rum und Rumo. Das San-Lorenzo Fest wird immer nur dann gefeiert, wenn der 10. August auf einen Sonntag f\u00e4llt.<\/p>\n<p>Unsere Vertreter von Feuerwehr und Gemeinde wurden sehr herzlich durch die B\u00fcrgermeisterin von Rumo Michela Noletti, Vizeb\u00fcrgermeister Diego Paris und den Feuerwehrkommandanten Nicola Torresani begr\u00fc\u00dft. Es folgte der offizielle Teil der Veranstaltung, darunter eine heilige Messe und Prozession sowie eine kurze Ansprache im Rahmen des Festprogramms, an der wir gerne teilnahmen.<\/p>\n<p>Die Gastgeber sorgten gro\u00dfz\u00fcgig f\u00fcr Speis und Trank, wodurch die Gemeinschaft gest\u00e4rkt und der Austausch in entspannter Atmosph\u00e4re gef\u00f6rdert wurde.<\/p>\n<p><strong>Wir bedanken uns herzlich f\u00fcr die Einladung und freuen uns auf ein Wiedersehen in Rum oder in Rumo.<\/strong><\/p>\n<div id='gallery-1' class='gallery galleryid-8155 gallery-columns-3 gallery-size-thumbnail'><figure class='gallery-item'>\n\t\t\t<div class='gallery-icon landscape'>\n\t\t\t\t<a href='https:\/\/www.ffrum.at\/website\/wp1\/2025\/08\/14\/fahrt-nach-rumo-zum-san-lorenzo-fest-am-10-08-2025\/20250810_085529815_ios\/'><img loading=\"lazy\" width=\"150\" height=\"150\" src=\"https:\/\/www.ffrum.at\/website\/wp1\/wp-content\/uploads\/2025\/08\/20250810_085529815_iOS-150x150.jpg\" class=\"attachment-thumbnail size-thumbnail\" alt=\"20250810_085529815_iOS\" loading=\"lazy\" decoding=\"async\" \/><\/a>\n\t\t\t<\/div><\/figure><figure class='gallery-item'>\n\t\t\t<div class='gallery-icon portrait'>\n\t\t\t\t<a href='https:\/\/www.ffrum.at\/website\/wp1\/2025\/08\/14\/fahrt-nach-rumo-zum-san-lorenzo-fest-am-10-08-2025\/20250810_085050075_ios\/'><img loading=\"lazy\" width=\"150\" height=\"150\" src=\"https:\/\/www.ffrum.at\/website\/wp1\/wp-content\/uploads\/2025\/08\/20250810_085050075_iOS-150x150.jpg\" class=\"attachment-thumbnail size-thumbnail\" alt=\"20250810_085050075_iOS\" loading=\"lazy\" decoding=\"async\" \/><\/a>\n\t\t\t<\/div><\/figure><figure class='gallery-item'>\n\t\t\t<div class='gallery-icon portrait'>\n\t\t\t\t<a href='https:\/\/www.ffrum.at\/website\/wp1\/2025\/08\/14\/fahrt-nach-rumo-zum-san-lorenzo-fest-am-10-08-2025\/20250810_093151\/'><img loading=\"lazy\" width=\"150\" height=\"150\" src=\"https:\/\/www.ffrum.at\/website\/wp1\/wp-content\/uploads\/2025\/08\/20250810_093151-150x150.jpg\" class=\"attachment-thumbnail size-thumbnail\" alt=\"20250810_093151\" loading=\"lazy\" decoding=\"async\" \/><\/a>\n\t\t\t<\/div><\/figure><figure class='gallery-item'>\n\t\t\t<div class='gallery-icon landscape'>\n\t\t\t\t<a href='https:\/\/www.ffrum.at\/website\/wp1\/2025\/08\/14\/fahrt-nach-rumo-zum-san-lorenzo-fest-am-10-08-2025\/20250810_093309\/'><img loading=\"lazy\" width=\"150\" height=\"150\" src=\"https:\/\/www.ffrum.at\/website\/wp1\/wp-content\/uploads\/2025\/08\/20250810_093309-150x150.jpg\" class=\"attachment-thumbnail size-thumbnail\" alt=\"20250810_093309\" loading=\"lazy\" decoding=\"async\" \/><\/a>\n\t\t\t<\/div><\/figure><figure class='gallery-item'>\n\t\t\t<div class='gallery-icon landscape'>\n\t\t\t\t<a href='https:\/\/www.ffrum.at\/website\/wp1\/2025\/08\/14\/fahrt-nach-rumo-zum-san-lorenzo-fest-am-10-08-2025\/20250810_111510\/'><img loading=\"lazy\" width=\"150\" height=\"150\" src=\"https:\/\/www.ffrum.at\/website\/wp1\/wp-content\/uploads\/2025\/08\/20250810_111510-150x150.jpg\" class=\"attachment-thumbnail size-thumbnail\" alt=\"20250810_111510\" loading=\"lazy\" decoding=\"async\" \/><\/a>\n\t\t\t<\/div><\/figure><figure class='gallery-item'>\n\t\t\t<div class='gallery-icon landscape'>\n\t\t\t\t<a href='https:\/\/www.ffrum.at\/website\/wp1\/2025\/08\/14\/fahrt-nach-rumo-zum-san-lorenzo-fest-am-10-08-2025\/20250810_141717631_ios\/'><img loading=\"lazy\" width=\"150\" height=\"150\" src=\"https:\/\/www.ffrum.at\/website\/wp1\/wp-content\/uploads\/2025\/08\/20250810_141717631_iOS-150x150.jpg\" class=\"attachment-thumbnail size-thumbnail\" alt=\"20250810_141717631_iOS\" loading=\"lazy\" decoding=\"async\" \/><\/a>\n\t\t\t<\/div><\/figure>\n\t\t<\/div>\n\n","protected":false},"excerpt":{"rendered":"<p>Am 10. August 2025 reiste eine kleine Delegation der Freiwilligen Feuerwehr Rum, sowie der B\u00fcrgermeister&#8230;<\/p>\n","protected":false},"author":10,"featured_media":8156,"comment_status":"closed","ping_status":"open","sticky":false,"template":"","format":"standard","meta":{"footnotes":""},"categories":[50,1],"tags":[],"class_list":["post-8155","post","type-post","status-publish","format-standard","has-post-thumbnail","hentry","category-50","category-kameradschaft"],"_links":{"self":[{"href":"https:\/\/www.ffrum.at\/website\/wp1\/wp-json\/wp\/v2\/posts\/8155","targetHints":{"allow":["GET"]}}],"collection":[{"href":"https:\/\/www.ffrum.at\/website\/wp1\/wp-json\/wp\/v2\/posts"}],"about":[{"href":"https:\/\/www.ffrum.at\/website\/wp1\/wp-json\/wp\/v2\/types\/post"}],"author":[{"embeddable":true,"href":"https:\/\/www.ffrum.at\/website\/wp1\/wp-json\/wp\/v2\/users\/10"}],"replies":[{"embeddable":true,"href":"https:\/\/www.ffrum.at\/website\/wp1\/wp-json\/wp\/v2\/comments?post=8155"}],"version-history":[{"count":2,"href":"https:\/\/www.ffrum.at\/website\/wp1\/wp-json\/wp\/v2\/posts\/8155\/revisions"}],"predecessor-version":[{"id":8163,"href":"https:\/\/www.ffrum.at\/website\/wp1\/wp-json\/wp\/v2\/posts\/8155\/revisions\/8163"}],"wp:featuredmedia":[{"embeddable":true,"href":"https:\/\/www.ffrum.at\/website\/wp1\/wp-json\/wp\/v2\/media\/8156"}],"wp:attachment":[{"href":"https:\/\/www.ffrum.at\/website\/wp1\/wp-json\/wp\/v2\/media?parent=8155"}],"wp:term":[{"taxonomy":"category","embeddable":true,"href":"https:\/\/www.ffrum.at\/website\/wp1\/wp-json\/wp\/v2\/categories?post=8155"},{"taxonomy":"post_tag","embeddable":true,"href":"https:\/\/www.ffrum.at\/website\/wp1\/wp-json\/wp\/v2\/tags?post=8155"}],"curies":[{"name":"wp","href":"https:\/\/api.w.org\/{rel}","templated":true}]}}