{"id":8142,"date":"2025-08-14T14:29:06","date_gmt":"2025-08-14T12:29:06","guid":{"rendered":"https:\/\/www.ffrum.at\/website\/wp1\/?p=8142"},"modified":"2026-01-08T10:27:03","modified_gmt":"2026-01-08T09:27:03","slug":"besichtigung-wasserstollen-halltal-am-07-08-2025","status":"publish","type":"post","link":"https:\/\/www.ffrum.at\/website\/wp1\/2025\/08\/14\/besichtigung-wasserstollen-halltal-am-07-08-2025\/","title":{"rendered":"Besichtigung Wasserstollen Halltal am 07.08.2025"},"content":{"rendered":"<p>Am 07.08.2025 hatten 16 Mitglieder der Feuerwehr Rum die Gelegenheit, eine beeindruckende F\u00fchrung durch den Margarethe-Stollen im Halltal zu erleben. Diese Tour war nicht nur eine spannende Erfahrung, sondern auch eine wertvolle Gelegenheit, mehr \u00fcber die bedeutende Trinkwasserinfrastruktur in Tirol zu erfahren.<\/p>\n<p>Der Margarethe-Stollen wurde nach der Mure von 1992 gebaut, die die Wasserversorgung von Absam und Hall stark beeintr\u00e4chtigte. Ziel war es, eine sichere und nachhaltige Wasserversorgung f\u00fcr die Region zu gew\u00e4hrleisten. Das Ergebnis ist eines der imposantesten Trinkwasserbauwerke Tirols, das tief im Bettelwurfmassiv in rund einem Kilometer Tiefe liegt.<\/p>\n<p>W\u00e4hrend der F\u00fchrung erhielten die Teilnehmer Einblicke in die Quellfassung und die Urspr\u00fcnge des Trinkwassers. Besonders beeindruckend war die Tatsache, dass das Wasser, das tief im Berg sprudelt, nach etwa zehn Jahren den Weg vom Oberfl\u00e4chenwasser bis in den Stollen zur\u00fccklegt. Der Abstieg in den Stollen war bei den aktuellen Temperaturen eine willkommene Abk\u00fchlung.<\/p>\n<p>N\u00e4here Daten \u00fcber den Wasserstollen Halltal2 kann man unter dem Link erfahren:<\/p>\n<p>https:\/\/www.hall.ag\/Ueber-uns\/Anlagen-im-Portrait\/Anlagen-Wasser2\/Trinkwasserstollen-Halltal2<\/p>\n<p><strong>Ein herzliches Dankesch\u00f6n an die Hall AG und unseren engagierten Stollenf\u00fchrer Matthias Painer, der die F\u00fchrung mit viel Fachwissen und Begeisterung leitete.<\/strong><\/p>\n<p><strong>Diese Erfahrung hat n<\/strong><strong>icht nur das Verst\u00e4ndnis <\/strong><strong>f\u00fcr die regionale Was<\/strong><strong>serversorgung vertief<\/strong><strong>t, sondern auch den T<\/strong><strong>eamgeist gest\u00e4rkt.<\/strong><\/p>\n<div id='gallery-1' class='gallery galleryid-8142 gallery-columns-3 gallery-size-thumbnail'><figure class='gallery-item'>\n\t\t\t<div class='gallery-icon portrait'>\n\t\t\t\t<a href='https:\/\/www.ffrum.at\/website\/wp1\/2025\/08\/14\/besichtigung-wasserstollen-halltal-am-07-08-2025\/20250807_181850\/'><img loading=\"lazy\" width=\"150\" height=\"150\" src=\"https:\/\/www.ffrum.at\/website\/wp1\/wp-content\/uploads\/2025\/08\/20250807_181850-150x150.jpg\" class=\"attachment-thumbnail size-thumbnail\" alt=\"20250807_181850\" loading=\"lazy\" decoding=\"async\" \/><\/a>\n\t\t\t<\/div><\/figure><figure class='gallery-item'>\n\t\t\t<div class='gallery-icon portrait'>\n\t\t\t\t<a href='https:\/\/www.ffrum.at\/website\/wp1\/2025\/08\/14\/besichtigung-wasserstollen-halltal-am-07-08-2025\/20250807_182311\/'><img loading=\"lazy\" width=\"150\" height=\"150\" src=\"https:\/\/www.ffrum.at\/website\/wp1\/wp-content\/uploads\/2025\/08\/20250807_182311-150x150.jpg\" class=\"attachment-thumbnail size-thumbnail\" alt=\"20250807_182311\" loading=\"lazy\" decoding=\"async\" \/><\/a>\n\t\t\t<\/div><\/figure><figure class='gallery-item'>\n\t\t\t<div class='gallery-icon portrait'>\n\t\t\t\t<a href='https:\/\/www.ffrum.at\/website\/wp1\/2025\/08\/14\/besichtigung-wasserstollen-halltal-am-07-08-2025\/20250807_183052\/'><img loading=\"lazy\" width=\"150\" height=\"150\" src=\"https:\/\/www.ffrum.at\/website\/wp1\/wp-content\/uploads\/2025\/08\/20250807_183052-150x150.jpg\" class=\"attachment-thumbnail size-thumbnail\" alt=\"20250807_183052\" loading=\"lazy\" decoding=\"async\" \/><\/a>\n\t\t\t<\/div><\/figure><figure class='gallery-item'>\n\t\t\t<div class='gallery-icon landscape'>\n\t\t\t\t<a href='https:\/\/www.ffrum.at\/website\/wp1\/2025\/08\/14\/besichtigung-wasserstollen-halltal-am-07-08-2025\/20250807_183139\/'><img loading=\"lazy\" width=\"150\" height=\"150\" src=\"https:\/\/www.ffrum.at\/website\/wp1\/wp-content\/uploads\/2025\/08\/20250807_183139-150x150.jpg\" class=\"attachment-thumbnail size-thumbnail\" alt=\"20250807_183139\" loading=\"lazy\" decoding=\"async\" \/><\/a>\n\t\t\t<\/div><\/figure><figure class='gallery-item'>\n\t\t\t<div class='gallery-icon portrait'>\n\t\t\t\t<a href='https:\/\/www.ffrum.at\/website\/wp1\/2025\/08\/14\/besichtigung-wasserstollen-halltal-am-07-08-2025\/20250807_183148\/'><img loading=\"lazy\" width=\"150\" height=\"150\" src=\"https:\/\/www.ffrum.at\/website\/wp1\/wp-content\/uploads\/2025\/08\/20250807_183148-150x150.jpg\" class=\"attachment-thumbnail size-thumbnail\" alt=\"20250807_183148\" loading=\"lazy\" decoding=\"async\" \/><\/a>\n\t\t\t<\/div><\/figure><figure class='gallery-item'>\n\t\t\t<div class='gallery-icon landscape'>\n\t\t\t\t<a href='https:\/\/www.ffrum.at\/website\/wp1\/2025\/08\/14\/besichtigung-wasserstollen-halltal-am-07-08-2025\/20250807_153008816_ios\/'><img loading=\"lazy\" width=\"150\" height=\"150\" src=\"https:\/\/www.ffrum.at\/website\/wp1\/wp-content\/uploads\/2025\/08\/20250807_153008816_iOS-150x150.jpg\" class=\"attachment-thumbnail size-thumbnail\" alt=\"20250807_153008816_iOS\" loading=\"lazy\" decoding=\"async\" \/><\/a>\n\t\t\t<\/div><\/figure><figure class='gallery-item'>\n\t\t\t<div class='gallery-icon landscape'>\n\t\t\t\t<a href='https:\/\/www.ffrum.at\/website\/wp1\/2025\/08\/14\/besichtigung-wasserstollen-halltal-am-07-08-2025\/20250807_153320058_ios\/'><img loading=\"lazy\" width=\"150\" height=\"150\" src=\"https:\/\/www.ffrum.at\/website\/wp1\/wp-content\/uploads\/2025\/08\/20250807_153320058_iOS-150x150.jpg\" class=\"attachment-thumbnail size-thumbnail\" alt=\"20250807_153320058_iOS\" loading=\"lazy\" decoding=\"async\" \/><\/a>\n\t\t\t<\/div><\/figure><figure class='gallery-item'>\n\t\t\t<div class='gallery-icon landscape'>\n\t\t\t\t<a href='https:\/\/www.ffrum.at\/website\/wp1\/2025\/08\/14\/besichtigung-wasserstollen-halltal-am-07-08-2025\/20250807_153558340_ios\/'><img loading=\"lazy\" width=\"150\" height=\"150\" src=\"https:\/\/www.ffrum.at\/website\/wp1\/wp-content\/uploads\/2025\/08\/20250807_153558340_iOS-150x150.jpg\" class=\"attachment-thumbnail size-thumbnail\" alt=\"20250807_153558340_iOS\" loading=\"lazy\" decoding=\"async\" \/><\/a>\n\t\t\t<\/div><\/figure><figure class='gallery-item'>\n\t\t\t<div class='gallery-icon portrait'>\n\t\t\t\t<a href='https:\/\/www.ffrum.at\/website\/wp1\/2025\/08\/14\/besichtigung-wasserstollen-halltal-am-07-08-2025\/20250807_164246117_ios\/'><img loading=\"lazy\" width=\"150\" height=\"150\" src=\"https:\/\/www.ffrum.at\/website\/wp1\/wp-content\/uploads\/2025\/08\/20250807_164246117_iOS-150x150.jpg\" class=\"attachment-thumbnail size-thumbnail\" alt=\"20250807_164246117_iOS\" loading=\"lazy\" decoding=\"async\" \/><\/a>\n\t\t\t<\/div><\/figure>\n\t\t<\/div>\n\n","protected":false},"excerpt":{"rendered":"<p>Am 07.08.2025 hatten 16 Mitglieder der Feuerwehr Rum die Gelegenheit, eine beeindruckende F\u00fchrung durch den&#8230;<\/p>\n","protected":false},"author":10,"featured_media":8149,"comment_status":"closed","ping_status":"open","sticky":false,"template":"","format":"standard","meta":{"footnotes":""},"categories":[50,1],"tags":[],"class_list":["post-8142","post","type-post","status-publish","format-standard","has-post-thumbnail","hentry","category-50","category-kameradschaft"],"_links":{"self":[{"href":"https:\/\/www.ffrum.at\/website\/wp1\/wp-json\/wp\/v2\/posts\/8142","targetHints":{"allow":["GET"]}}],"collection":[{"href":"https:\/\/www.ffrum.at\/website\/wp1\/wp-json\/wp\/v2\/posts"}],"about":[{"href":"https:\/\/www.ffrum.at\/website\/wp1\/wp-json\/wp\/v2\/types\/post"}],"author":[{"embeddable":true,"href":"https:\/\/www.ffrum.at\/website\/wp1\/wp-json\/wp\/v2\/users\/10"}],"replies":[{"embeddable":true,"href":"https:\/\/www.ffrum.at\/website\/wp1\/wp-json\/wp\/v2\/comments?post=8142"}],"version-history":[{"count":2,"href":"https:\/\/www.ffrum.at\/website\/wp1\/wp-json\/wp\/v2\/posts\/8142\/revisions"}],"predecessor-version":[{"id":8154,"href":"https:\/\/www.ffrum.at\/website\/wp1\/wp-json\/wp\/v2\/posts\/8142\/revisions\/8154"}],"wp:featuredmedia":[{"embeddable":true,"href":"https:\/\/www.ffrum.at\/website\/wp1\/wp-json\/wp\/v2\/media\/8149"}],"wp:attachment":[{"href":"https:\/\/www.ffrum.at\/website\/wp1\/wp-json\/wp\/v2\/media?parent=8142"}],"wp:term":[{"taxonomy":"category","embeddable":true,"href":"https:\/\/www.ffrum.at\/website\/wp1\/wp-json\/wp\/v2\/categories?post=8142"},{"taxonomy":"post_tag","embeddable":true,"href":"https:\/\/www.ffrum.at\/website\/wp1\/wp-json\/wp\/v2\/tags?post=8142"}],"curies":[{"name":"wp","href":"https:\/\/api.w.org\/{rel}","templated":true}]}}