{"id":7954,"date":"2025-07-25T16:57:12","date_gmt":"2025-07-25T14:57:12","guid":{"rendered":"https:\/\/www.ffrum.at\/website\/wp1\/?p=7954"},"modified":"2026-01-08T10:27:03","modified_gmt":"2026-01-08T09:27:03","slug":"unser-feuerwehrstorch-im-einsatz-fuer-leopold-johann","status":"publish","type":"post","link":"https:\/\/www.ffrum.at\/website\/wp1\/2025\/07\/25\/unser-feuerwehrstorch-im-einsatz-fuer-leopold-johann\/","title":{"rendered":"Unser Feuerwehrstorch im Einsatz f\u00fcr Leopold Johann"},"content":{"rendered":"<p>Nach einer langen Pause war es f\u00fcr unseren Feuerwehrstorch wieder soweit und er lie\u00df sich bei unserem Kameraden Lorenz und seiner Frau Lisa nieder. Der kleine Leopold Johann erblickte am 22.07.2025 mit einem Gewicht von 3.376g und einer Gr\u00f6\u00dfe von 50cm das Licht der Welt.<\/p>\n<p>Auf diesem Wege m\u00f6chten wir der Familie nochmals unseren Gl\u00fcckwunsch zum Nachwuchs aussprechen und dem kleinen Leopold Johann alles Gl\u00fcck dieser Welt w\u00fcnschen!<\/p>\n<div id='gallery-1' class='gallery galleryid-7954 gallery-columns-3 gallery-size-thumbnail'><figure class='gallery-item'>\n\t\t\t<div class='gallery-icon portrait'>\n\t\t\t\t<a href='https:\/\/www.ffrum.at\/website\/wp1\/2025\/07\/25\/unser-feuerwehrstorch-im-einsatz-fuer-leopold-johann\/20250724_171904133_ios-2\/'><img loading=\"lazy\" width=\"150\" height=\"150\" src=\"https:\/\/www.ffrum.at\/website\/wp1\/wp-content\/uploads\/2025\/07\/20250724_171904133_iOS-1-150x150.jpeg\" class=\"attachment-thumbnail size-thumbnail\" alt=\"20250724_171904133_iOS\" loading=\"lazy\" decoding=\"async\" \/><\/a>\n\t\t\t<\/div><\/figure><figure class='gallery-item'>\n\t\t\t<div class='gallery-icon portrait'>\n\t\t\t\t<a href='https:\/\/www.ffrum.at\/website\/wp1\/2025\/07\/25\/unser-feuerwehrstorch-im-einsatz-fuer-leopold-johann\/007133fa-588c-449c-b094-cb1f9de0a3e4\/'><img loading=\"lazy\" width=\"150\" height=\"150\" src=\"https:\/\/www.ffrum.at\/website\/wp1\/wp-content\/uploads\/2025\/07\/007133fa-588c-449c-b094-cb1f9de0a3e4-150x150.jpeg\" class=\"attachment-thumbnail size-thumbnail\" alt=\"007133fa-588c-449c-b094-cb1f9de0a3e4\" loading=\"lazy\" decoding=\"async\" \/><\/a>\n\t\t\t<\/div><\/figure><figure class='gallery-item'>\n\t\t\t<div class='gallery-icon portrait'>\n\t\t\t\t<a href='https:\/\/www.ffrum.at\/website\/wp1\/2025\/07\/25\/unser-feuerwehrstorch-im-einsatz-fuer-leopold-johann\/20250724_171904133_ios\/'><img loading=\"lazy\" width=\"150\" height=\"150\" src=\"https:\/\/www.ffrum.at\/website\/wp1\/wp-content\/uploads\/2025\/07\/20250724_171904133_iOS-150x150.jpeg\" class=\"attachment-thumbnail size-thumbnail\" alt=\"20250724_171904133_iOS\" loading=\"lazy\" decoding=\"async\" \/><\/a>\n\t\t\t<\/div><\/figure>\n\t\t<\/div>\n\n","protected":false},"excerpt":{"rendered":"<p>Nach einer langen Pause war es f\u00fcr unseren Feuerwehrstorch wieder soweit und er lie\u00df sich&#8230;<\/p>\n","protected":false},"author":5,"featured_media":7957,"comment_status":"closed","ping_status":"open","sticky":false,"template":"","format":"standard","meta":{"footnotes":""},"categories":[50,1],"tags":[],"class_list":["post-7954","post","type-post","status-publish","format-standard","has-post-thumbnail","hentry","category-50","category-kameradschaft"],"_links":{"self":[{"href":"https:\/\/www.ffrum.at\/website\/wp1\/wp-json\/wp\/v2\/posts\/7954","targetHints":{"allow":["GET"]}}],"collection":[{"href":"https:\/\/www.ffrum.at\/website\/wp1\/wp-json\/wp\/v2\/posts"}],"about":[{"href":"https:\/\/www.ffrum.at\/website\/wp1\/wp-json\/wp\/v2\/types\/post"}],"author":[{"embeddable":true,"href":"https:\/\/www.ffrum.at\/website\/wp1\/wp-json\/wp\/v2\/users\/5"}],"replies":[{"embeddable":true,"href":"https:\/\/www.ffrum.at\/website\/wp1\/wp-json\/wp\/v2\/comments?post=7954"}],"version-history":[{"count":3,"href":"https:\/\/www.ffrum.at\/website\/wp1\/wp-json\/wp\/v2\/posts\/7954\/revisions"}],"predecessor-version":[{"id":7992,"href":"https:\/\/www.ffrum.at\/website\/wp1\/wp-json\/wp\/v2\/posts\/7954\/revisions\/7992"}],"wp:featuredmedia":[{"embeddable":true,"href":"https:\/\/www.ffrum.at\/website\/wp1\/wp-json\/wp\/v2\/media\/7957"}],"wp:attachment":[{"href":"https:\/\/www.ffrum.at\/website\/wp1\/wp-json\/wp\/v2\/media?parent=7954"}],"wp:term":[{"taxonomy":"category","embeddable":true,"href":"https:\/\/www.ffrum.at\/website\/wp1\/wp-json\/wp\/v2\/categories?post=7954"},{"taxonomy":"post_tag","embeddable":true,"href":"https:\/\/www.ffrum.at\/website\/wp1\/wp-json\/wp\/v2\/tags?post=7954"}],"curies":[{"name":"wp","href":"https:\/\/api.w.org\/{rel}","templated":true}]}}