{"id":7952,"date":"2025-07-23T16:39:01","date_gmt":"2025-07-23T14:39:01","guid":{"rendered":"https:\/\/www.ffrum.at\/website\/wp1\/?p=7952"},"modified":"2026-01-08T10:27:03","modified_gmt":"2026-01-08T09:27:03","slug":"brandgeruch-am-19-07-2025","status":"publish","type":"post","link":"https:\/\/www.ffrum.at\/website\/wp1\/2025\/07\/23\/brandgeruch-am-19-07-2025\/","title":{"rendered":"Brandgeruch am 19.07.2025"},"content":{"rendered":"<p data-start=\"400\" data-end=\"642\">Am Samstagabend, den 19. Juli 2025, wurde die Freiwillige Feuerwehr Rum um 19:55 Uhr zu einem Einsatz\u00a0 <em data-start=\"361\" data-end=\"387\">\u201eBrandgeruch Geb\u00e4ude\u201c<\/em> alarmiert. Beim Eintreffen am Einsatzort konnte rasch Entwarnung gegeben werden: In einer K\u00fcche war \u00d6l in einer Pfanne in Brand geraten. Die anwesenden Personen hatten bereits vor unserem Eintreffen das Feuer selbstst\u00e4ndig gel\u00f6scht.<\/p>\n<p data-start=\"644\" data-end=\"919\">Unsere Aufgabe beschr\u00e4nkte sich auf eine umfassende Nachkontrolle der betroffenen R\u00e4umlichkeiten mittels W\u00e4rmebildkamera, um sicherzustellen, dass keine weiteren Gefahren bestanden. Nach Abschluss dieser Ma\u00dfnahmen konnten wir den Einsatz beenden und ins Ger\u00e4tehaus einr\u00fccken.<\/p>\n<p>Im Einsatz standen:<br \/>\n-TLF 1<br \/>\n-TLF 2<\/p>\n<p>Bericht: FF Rum<br \/>\nBild: FF Rum (Beispielfoto)<\/p>\n","protected":false},"excerpt":{"rendered":"<p>Am Samstagabend, den 19. Juli 2025, wurde die Freiwillige Feuerwehr Rum um 19:55 Uhr zu&#8230;<\/p>\n","protected":false},"author":10,"featured_media":6191,"comment_status":"closed","ping_status":"open","sticky":false,"template":"","format":"standard","meta":{"footnotes":""},"categories":[50,34],"tags":[],"class_list":["post-7952","post","type-post","status-publish","format-standard","has-post-thumbnail","hentry","category-50","category-brandeinsatz"],"_links":{"self":[{"href":"https:\/\/www.ffrum.at\/website\/wp1\/wp-json\/wp\/v2\/posts\/7952","targetHints":{"allow":["GET"]}}],"collection":[{"href":"https:\/\/www.ffrum.at\/website\/wp1\/wp-json\/wp\/v2\/posts"}],"about":[{"href":"https:\/\/www.ffrum.at\/website\/wp1\/wp-json\/wp\/v2\/types\/post"}],"author":[{"embeddable":true,"href":"https:\/\/www.ffrum.at\/website\/wp1\/wp-json\/wp\/v2\/users\/10"}],"replies":[{"embeddable":true,"href":"https:\/\/www.ffrum.at\/website\/wp1\/wp-json\/wp\/v2\/comments?post=7952"}],"version-history":[{"count":1,"href":"https:\/\/www.ffrum.at\/website\/wp1\/wp-json\/wp\/v2\/posts\/7952\/revisions"}],"predecessor-version":[{"id":7953,"href":"https:\/\/www.ffrum.at\/website\/wp1\/wp-json\/wp\/v2\/posts\/7952\/revisions\/7953"}],"wp:featuredmedia":[{"embeddable":true,"href":"https:\/\/www.ffrum.at\/website\/wp1\/wp-json\/wp\/v2\/media\/6191"}],"wp:attachment":[{"href":"https:\/\/www.ffrum.at\/website\/wp1\/wp-json\/wp\/v2\/media?parent=7952"}],"wp:term":[{"taxonomy":"category","embeddable":true,"href":"https:\/\/www.ffrum.at\/website\/wp1\/wp-json\/wp\/v2\/categories?post=7952"},{"taxonomy":"post_tag","embeddable":true,"href":"https:\/\/www.ffrum.at\/website\/wp1\/wp-json\/wp\/v2\/tags?post=7952"}],"curies":[{"name":"wp","href":"https:\/\/api.w.org\/{rel}","templated":true}]}}