{"id":7781,"date":"2025-07-09T15:08:04","date_gmt":"2025-07-09T13:08:04","guid":{"rendered":"https:\/\/www.ffrum.at\/website\/wp1\/?p=7781"},"modified":"2026-01-08T10:25:37","modified_gmt":"2026-01-08T09:25:37","slug":"fahrzeugbergung-am-08-07-2025","status":"publish","type":"post","link":"https:\/\/www.ffrum.at\/website\/wp1\/2025\/07\/09\/fahrzeugbergung-am-08-07-2025\/","title":{"rendered":"Fahrzeugbergung am 08.07.2025"},"content":{"rendered":"<p data-start=\"51\" data-end=\"269\">Am Dienstag, den 08. Juli 2025, wurde die Freiwillige Feuerwehr Rum um 21:30 Uhr zu einer Fahrzeugbergung alarmiert. Ein Fahrzeug war nach einem Ausweichman\u00f6ver von der Stra\u00dfe abgekommen und \u00fcber eine B\u00f6schung geraten.<\/p>\n<p data-start=\"271\" data-end=\"459\">Bereits bei der Alarmierung war klar, dass keine Personen verletzt wurden. Die Einsatzkr\u00e4fte sicherten die Unfallstelle ab und f\u00fchrten die Bergung des Fahrzeugs z\u00fcgig und unversehrt durch.<\/p>\n<p data-start=\"461\" data-end=\"480\">Im Einsatz standen:<\/p>\n<ul data-start=\"481\" data-end=\"567\">\n<li data-start=\"481\" data-end=\"507\">\n<p data-start=\"483\" data-end=\"507\">Kommandofahrzeug (KDO)<\/p>\n<\/li>\n<li data-start=\"508\" data-end=\"538\">\n<p data-start=\"510\" data-end=\"538\">Tankl\u00f6schfahrzeug 1 (TLF1)<\/p>\n<\/li>\n<li data-start=\"539\" data-end=\"567\">\n<p data-start=\"541\" data-end=\"567\">Tankl\u00f6schfahrzeug 2 (TLF2)<\/p>\n<\/li>\n<\/ul>\n<div id='gallery-1' class='gallery galleryid-7781 gallery-columns-3 gallery-size-thumbnail'><figure class='gallery-item'>\n\t\t\t<div class='gallery-icon portrait'>\n\t\t\t\t<a href='https:\/\/www.ffrum.at\/website\/wp1\/2025\/07\/09\/fahrzeugbergung-am-08-07-2025\/img-20250709-wa0022\/'><img loading=\"lazy\" width=\"150\" height=\"150\" src=\"https:\/\/www.ffrum.at\/website\/wp1\/wp-content\/uploads\/2025\/07\/IMG-20250709-WA0022-150x150.jpg\" class=\"attachment-thumbnail size-thumbnail\" alt=\"IMG-20250709-WA0022\" loading=\"lazy\" decoding=\"async\" \/><\/a>\n\t\t\t<\/div><\/figure><figure class='gallery-item'>\n\t\t\t<div class='gallery-icon landscape'>\n\t\t\t\t<a href='https:\/\/www.ffrum.at\/website\/wp1\/2025\/07\/09\/fahrzeugbergung-am-08-07-2025\/img-20250709-wa0023\/'><img loading=\"lazy\" width=\"150\" height=\"150\" src=\"https:\/\/www.ffrum.at\/website\/wp1\/wp-content\/uploads\/2025\/07\/IMG-20250709-WA0023-150x150.jpg\" class=\"attachment-thumbnail size-thumbnail\" alt=\"IMG-20250709-WA0023\" loading=\"lazy\" decoding=\"async\" \/><\/a>\n\t\t\t<\/div><\/figure><figure class='gallery-item'>\n\t\t\t<div class='gallery-icon landscape'>\n\t\t\t\t<a href='https:\/\/www.ffrum.at\/website\/wp1\/2025\/07\/09\/fahrzeugbergung-am-08-07-2025\/img-20250709-wa0024\/'><img loading=\"lazy\" width=\"150\" height=\"150\" src=\"https:\/\/www.ffrum.at\/website\/wp1\/wp-content\/uploads\/2025\/07\/IMG-20250709-WA0024-150x150.jpg\" class=\"attachment-thumbnail size-thumbnail\" alt=\"IMG-20250709-WA0024\" loading=\"lazy\" decoding=\"async\" \/><\/a>\n\t\t\t<\/div><\/figure><figure class='gallery-item'>\n\t\t\t<div class='gallery-icon landscape'>\n\t\t\t\t<a href='https:\/\/www.ffrum.at\/website\/wp1\/2025\/07\/09\/fahrzeugbergung-am-08-07-2025\/img-20250709-wa0021\/'><img loading=\"lazy\" width=\"150\" height=\"150\" src=\"https:\/\/www.ffrum.at\/website\/wp1\/wp-content\/uploads\/2025\/07\/IMG-20250709-WA0021-150x150.jpg\" class=\"attachment-thumbnail size-thumbnail\" alt=\"IMG-20250709-WA0021\" loading=\"lazy\" decoding=\"async\" \/><\/a>\n\t\t\t<\/div><\/figure>\n\t\t<\/div>\n\n<p>Bericht: FF Rum<br \/>\nBilder: FF Rum<\/p>\n","protected":false},"excerpt":{"rendered":"<p>Am Dienstag, den 08. Juli 2025, wurde die Freiwillige Feuerwehr Rum um 21:30 Uhr zu&#8230;<\/p>\n","protected":false},"author":10,"featured_media":7785,"comment_status":"closed","ping_status":"open","sticky":false,"template":"","format":"standard","meta":{"footnotes":""},"categories":[50,35],"tags":[],"class_list":["post-7781","post","type-post","status-publish","format-standard","has-post-thumbnail","hentry","category-50","category-technischer-einsatz"],"_links":{"self":[{"href":"https:\/\/www.ffrum.at\/website\/wp1\/wp-json\/wp\/v2\/posts\/7781","targetHints":{"allow":["GET"]}}],"collection":[{"href":"https:\/\/www.ffrum.at\/website\/wp1\/wp-json\/wp\/v2\/posts"}],"about":[{"href":"https:\/\/www.ffrum.at\/website\/wp1\/wp-json\/wp\/v2\/types\/post"}],"author":[{"embeddable":true,"href":"https:\/\/www.ffrum.at\/website\/wp1\/wp-json\/wp\/v2\/users\/10"}],"replies":[{"embeddable":true,"href":"https:\/\/www.ffrum.at\/website\/wp1\/wp-json\/wp\/v2\/comments?post=7781"}],"version-history":[{"count":2,"href":"https:\/\/www.ffrum.at\/website\/wp1\/wp-json\/wp\/v2\/posts\/7781\/revisions"}],"predecessor-version":[{"id":7787,"href":"https:\/\/www.ffrum.at\/website\/wp1\/wp-json\/wp\/v2\/posts\/7781\/revisions\/7787"}],"wp:featuredmedia":[{"embeddable":true,"href":"https:\/\/www.ffrum.at\/website\/wp1\/wp-json\/wp\/v2\/media\/7785"}],"wp:attachment":[{"href":"https:\/\/www.ffrum.at\/website\/wp1\/wp-json\/wp\/v2\/media?parent=7781"}],"wp:term":[{"taxonomy":"category","embeddable":true,"href":"https:\/\/www.ffrum.at\/website\/wp1\/wp-json\/wp\/v2\/categories?post=7781"},{"taxonomy":"post_tag","embeddable":true,"href":"https:\/\/www.ffrum.at\/website\/wp1\/wp-json\/wp\/v2\/tags?post=7781"}],"curies":[{"name":"wp","href":"https:\/\/api.w.org\/{rel}","templated":true}]}}