{"id":7659,"date":"2025-06-25T20:39:20","date_gmt":"2025-06-25T18:39:20","guid":{"rendered":"https:\/\/www.ffrum.at\/website\/wp1\/?p=7659"},"modified":"2026-01-08T10:25:15","modified_gmt":"2026-01-08T09:25:15","slug":"hauptversammlung-am-18-06-2025","status":"publish","type":"post","link":"https:\/\/www.ffrum.at\/website\/wp1\/2025\/06\/25\/hauptversammlung-am-18-06-2025\/","title":{"rendered":"Hauptversammlung am 18.06.2025"},"content":{"rendered":"<p>Am 18. Juni 2025 fand die Hauptversammlung mit Neuwahl des Kommandant Stellvertreters der Freiwilligen Feuerwehr Rum statt. Ein zentraler Punkt der Tagesordnung war die Neuwahl des Kommandant-Stellvertreters, nachdem Philipp Schanes mit Wirkung vom 24. M\u00e4rz 2025 seine Funktion zur\u00fcckgelegt hatte. Gem\u00e4\u00df den geltenden Bestimmungen musste innerhalb von drei Monaten eine Neuwahl durchgef\u00fchrt werden.<\/p>\n<p>Der Feuerwehrausschuss schlug einstimmig Lukas Wolf als Kandidaten f\u00fcr die Funktion des Kommandant-Stellvertreters vor. Lukas Wolf stellte sich als einziger Kandidat der Wahl und wurde von den anwesenden Mitgliedern gew\u00e4hlt. Er nahm die Wahl an und \u00fcbernimmt somit offiziell die Funktion des Kommandant-Stellvertreters der Freiwilligen Feuerwehr Rum.<\/p>\n<p>Im Rahmen der Versammlung wurde Philipp Schanes f\u00fcr seine Arbeit als Kommandant Stellvertreter in den Jahren 2023 bis 2025 gedankt. Ihm wurde ein kleines Pr\u00e4sent als Zeichen der Anerkennung \u00fcberreicht, verbunden mit lobenden Worten f\u00fcr seinen Einsatz und seine Verdienste um die Feuerwehr.<\/p>\n<p>Dar\u00fcber hinaus wurden im Zuge der Hauptversammlung Bef\u00f6rderungen und Auszeichnungen vorgenommen:<\/p>\n<p>Richard Wiesel wurde zum Oberl\u00f6schmeister und Matthias Mair zum Brandmeister bef\u00f6rdert.<\/p>\n<p>Die Medaille f\u00fcr T\u00e4tigkeiten im Feuerwehr- und Rettungswesen 25 Jahre wurde an Martin Haidacher und die Medaille f\u00fcr T\u00e4tigkeiten im Feuerwehr- und Rettungswesen 40 Jahre an Rainer Karbon \u00fcberreicht.<\/p>\n<p>Nach den Ansprachen der Ehreng\u00e4ste von Chefinspektor Martin Mayr, Polizeiinspektion Hall, B\u00fcrgermeister Josef Karbon, Abschnittskommandant Kurt Riedmann und Bezirksfeuerwehrkommandant Thomas Reiner beschloss Kommandant Romed Stocker die Hauptversammlung mit einem dreifachen \u201eGut Heil\u201c.<\/p>\n<p>Die Freiwillige Feuerwehr Rum w\u00fcnscht Lukas Wolf f\u00fcr seine neue Aufgabe als Kommandant Stellvertreter alles Gute und gratuliert ihm zur Wahl.<\/p>\n<p>Auf eine gute kameradschaftliche Zusammenarbeit!<\/p>\n<div id='gallery-1' class='gallery galleryid-7659 gallery-columns-3 gallery-size-thumbnail'><figure class='gallery-item'>\n\t\t\t<div class='gallery-icon landscape'>\n\t\t\t\t<a href='https:\/\/www.ffrum.at\/website\/wp1\/imgp5629\/'><img loading=\"lazy\" width=\"150\" height=\"150\" src=\"https:\/\/www.ffrum.at\/website\/wp1\/wp-content\/uploads\/2025\/06\/IMGP5629-150x150.jpg\" class=\"attachment-thumbnail size-thumbnail\" alt=\"IMGP5629\" loading=\"lazy\" decoding=\"async\" \/><\/a>\n\t\t\t<\/div><\/figure><figure class='gallery-item'>\n\t\t\t<div class='gallery-icon portrait'>\n\t\t\t\t<a href='https:\/\/www.ffrum.at\/website\/wp1\/20250618_191855562_ios\/'><img loading=\"lazy\" width=\"150\" height=\"150\" src=\"https:\/\/www.ffrum.at\/website\/wp1\/wp-content\/uploads\/2025\/06\/20250618_191855562_iOS-150x150.jpg\" class=\"attachment-thumbnail size-thumbnail\" alt=\"20250618_191855562_iOS\" loading=\"lazy\" decoding=\"async\" \/><\/a>\n\t\t\t<\/div><\/figure><figure class='gallery-item'>\n\t\t\t<div class='gallery-icon landscape'>\n\t\t\t\t<a href='https:\/\/www.ffrum.at\/website\/wp1\/imgp5612\/'><img loading=\"lazy\" width=\"150\" height=\"150\" src=\"https:\/\/www.ffrum.at\/website\/wp1\/wp-content\/uploads\/2025\/06\/IMGP5612-150x150.jpg\" class=\"attachment-thumbnail size-thumbnail\" alt=\"IMGP5612\" loading=\"lazy\" decoding=\"async\" \/><\/a>\n\t\t\t<\/div><\/figure><figure class='gallery-item'>\n\t\t\t<div class='gallery-icon landscape'>\n\t\t\t\t<a href='https:\/\/www.ffrum.at\/website\/wp1\/20250618_192345987_ios\/'><img loading=\"lazy\" width=\"150\" height=\"150\" src=\"https:\/\/www.ffrum.at\/website\/wp1\/wp-content\/uploads\/2025\/06\/20250618_192345987_iOS-150x150.jpg\" class=\"attachment-thumbnail size-thumbnail\" alt=\"20250618_192345987_iOS\" loading=\"lazy\" decoding=\"async\" \/><\/a>\n\t\t\t<\/div><\/figure><figure class='gallery-item'>\n\t\t\t<div class='gallery-icon landscape'>\n\t\t\t\t<a href='https:\/\/www.ffrum.at\/website\/wp1\/imgp5641\/'><img loading=\"lazy\" width=\"150\" height=\"150\" src=\"https:\/\/www.ffrum.at\/website\/wp1\/wp-content\/uploads\/2025\/06\/IMGP5641-150x150.jpg\" class=\"attachment-thumbnail size-thumbnail\" alt=\"IMGP5641\" loading=\"lazy\" decoding=\"async\" \/><\/a>\n\t\t\t<\/div><\/figure><figure class='gallery-item'>\n\t\t\t<div class='gallery-icon landscape'>\n\t\t\t\t<a href='https:\/\/www.ffrum.at\/website\/wp1\/imgp5645\/'><img loading=\"lazy\" width=\"150\" height=\"150\" src=\"https:\/\/www.ffrum.at\/website\/wp1\/wp-content\/uploads\/2025\/06\/IMGP5645-150x150.jpg\" class=\"attachment-thumbnail size-thumbnail\" alt=\"IMGP5645\" loading=\"lazy\" decoding=\"async\" \/><\/a>\n\t\t\t<\/div><\/figure><figure class='gallery-item'>\n\t\t\t<div class='gallery-icon landscape'>\n\t\t\t\t<a href='https:\/\/www.ffrum.at\/website\/wp1\/imgp5656\/'><img loading=\"lazy\" width=\"150\" height=\"150\" src=\"https:\/\/www.ffrum.at\/website\/wp1\/wp-content\/uploads\/2025\/06\/IMGP5656-150x150.jpg\" class=\"attachment-thumbnail size-thumbnail\" alt=\"IMGP5656\" loading=\"lazy\" decoding=\"async\" \/><\/a>\n\t\t\t<\/div><\/figure><figure class='gallery-item'>\n\t\t\t<div class='gallery-icon landscape'>\n\t\t\t\t<a href='https:\/\/www.ffrum.at\/website\/wp1\/imgp5657\/'><img loading=\"lazy\" width=\"150\" height=\"150\" src=\"https:\/\/www.ffrum.at\/website\/wp1\/wp-content\/uploads\/2025\/06\/IMGP5657-150x150.jpg\" class=\"attachment-thumbnail size-thumbnail\" alt=\"IMGP5657\" loading=\"lazy\" decoding=\"async\" \/><\/a>\n\t\t\t<\/div><\/figure><figure class='gallery-item'>\n\t\t\t<div class='gallery-icon landscape'>\n\t\t\t\t<a href='https:\/\/www.ffrum.at\/website\/wp1\/imgp5608\/'><img loading=\"lazy\" width=\"150\" height=\"150\" src=\"https:\/\/www.ffrum.at\/website\/wp1\/wp-content\/uploads\/2025\/06\/IMGP5608-150x150.jpg\" class=\"attachment-thumbnail size-thumbnail\" alt=\"IMGP5608\" loading=\"lazy\" decoding=\"async\" \/><\/a>\n\t\t\t<\/div><\/figure><figure class='gallery-item'>\n\t\t\t<div class='gallery-icon landscape'>\n\t\t\t\t<a href='https:\/\/www.ffrum.at\/website\/wp1\/imgp5626\/'><img loading=\"lazy\" width=\"150\" height=\"150\" src=\"https:\/\/www.ffrum.at\/website\/wp1\/wp-content\/uploads\/2025\/06\/IMGP5626-150x150.jpg\" class=\"attachment-thumbnail size-thumbnail\" alt=\"IMGP5626\" loading=\"lazy\" decoding=\"async\" \/><\/a>\n\t\t\t<\/div><\/figure><figure class='gallery-item'>\n\t\t\t<div class='gallery-icon landscape'>\n\t\t\t\t<a href='https:\/\/www.ffrum.at\/website\/wp1\/imgp5634\/'><img loading=\"lazy\" width=\"150\" height=\"150\" src=\"https:\/\/www.ffrum.at\/website\/wp1\/wp-content\/uploads\/2025\/06\/IMGP5634-150x150.jpg\" class=\"attachment-thumbnail size-thumbnail\" alt=\"IMGP5634\" loading=\"lazy\" decoding=\"async\" \/><\/a>\n\t\t\t<\/div><\/figure>\n\t\t<\/div>\n\n","protected":false},"excerpt":{"rendered":"<p>Am 18. Juni 2025 fand die Hauptversammlung mit Neuwahl des Kommandant Stellvertreters der Freiwilligen Feuerwehr&#8230;<\/p>\n","protected":false},"author":5,"featured_media":7655,"comment_status":"closed","ping_status":"open","sticky":false,"template":"","format":"standard","meta":{"footnotes":""},"categories":[50,1],"tags":[],"class_list":["post-7659","post","type-post","status-publish","format-standard","has-post-thumbnail","hentry","category-50","category-kameradschaft"],"_links":{"self":[{"href":"https:\/\/www.ffrum.at\/website\/wp1\/wp-json\/wp\/v2\/posts\/7659","targetHints":{"allow":["GET"]}}],"collection":[{"href":"https:\/\/www.ffrum.at\/website\/wp1\/wp-json\/wp\/v2\/posts"}],"about":[{"href":"https:\/\/www.ffrum.at\/website\/wp1\/wp-json\/wp\/v2\/types\/post"}],"author":[{"embeddable":true,"href":"https:\/\/www.ffrum.at\/website\/wp1\/wp-json\/wp\/v2\/users\/5"}],"replies":[{"embeddable":true,"href":"https:\/\/www.ffrum.at\/website\/wp1\/wp-json\/wp\/v2\/comments?post=7659"}],"version-history":[{"count":2,"href":"https:\/\/www.ffrum.at\/website\/wp1\/wp-json\/wp\/v2\/posts\/7659\/revisions"}],"predecessor-version":[{"id":7662,"href":"https:\/\/www.ffrum.at\/website\/wp1\/wp-json\/wp\/v2\/posts\/7659\/revisions\/7662"}],"wp:featuredmedia":[{"embeddable":true,"href":"https:\/\/www.ffrum.at\/website\/wp1\/wp-json\/wp\/v2\/media\/7655"}],"wp:attachment":[{"href":"https:\/\/www.ffrum.at\/website\/wp1\/wp-json\/wp\/v2\/media?parent=7659"}],"wp:term":[{"taxonomy":"category","embeddable":true,"href":"https:\/\/www.ffrum.at\/website\/wp1\/wp-json\/wp\/v2\/categories?post=7659"},{"taxonomy":"post_tag","embeddable":true,"href":"https:\/\/www.ffrum.at\/website\/wp1\/wp-json\/wp\/v2\/tags?post=7659"}],"curies":[{"name":"wp","href":"https:\/\/api.w.org\/{rel}","templated":true}]}}