{"id":7644,"date":"2025-06-25T20:31:56","date_gmt":"2025-06-25T18:31:56","guid":{"rendered":"https:\/\/www.ffrum.at\/website\/wp1\/?p=7644"},"modified":"2026-01-08T10:25:15","modified_gmt":"2026-01-08T09:25:15","slug":"jubilaressen-2025","status":"publish","type":"post","link":"https:\/\/www.ffrum.at\/website\/wp1\/2025\/06\/25\/jubilaressen-2025\/","title":{"rendered":"Jubilaressen 2025"},"content":{"rendered":"<p>Am Freitag, den 13. Juni 2025, lud die Freiwillige Feuerwehr Rum die Kameraden, welche einen runden oder halbrunden Geburtstag im Jahr 2025 feiern, ins Hotel Restaurant Huberhof zu einem gem\u00fctlichen und feierlichen Essen ein. Nach einer kurzen Ansprache von Kommandant Romed Stocker, \u00fcberreichte er an die Jubilare ein Geschenk. Danach lie\u00dfen wir den Abend gem\u00fctlich bei Speis und Trank ausklingen.<\/p>\n<p><strong>Im Jahr 2025 d\u00fcrfen wir folgenden Mitgliedern recht herzlich zu ihrem Ehrentag gratulieren:<\/strong><\/p>\n<div><b data-olk-copy-source=\"MessageBody\">65 Jahre<\/b><\/div>\n<div>Hans H\u00f6lbling\u00a0\u00a0\u00a0\u00a0\u00a0\u00a0\u00a0\u00a0\u00a0\u00a0\u00a0\u00a0\u00a0\u00a0\u00a0\u00a0\u00a0\u00a0\u00a0\u00a0\u00a0\u00a0\u00a0 \u00a0\u00a0\u00a0\u00a0\u00a0\u00a0\u00a0\u00a0 10.12.1960<\/div>\n<div aria-hidden=\"true\"><\/div>\n<div><b>70 Jahre<\/b><\/div>\n<div>Hermann Nolf\u00a0\u00a0\u00a0\u00a0\u00a0\u00a0\u00a0\u00a0\u00a0\u00a0\u00a0\u00a0\u00a0\u00a0\u00a0\u00a0\u00a0\u00a0\u00a0\u00a0\u00a0\u00a0\u00a0\u00a0\u00a0\u00a0\u00a0\u00a0\u00a0\u00a0\u00a0\u00a0 09.12.1955<\/div>\n<div aria-hidden=\"true\"><\/div>\n<div><b>75 Jahre<\/b><\/div>\n<div>Walter Graupp\u00a0\u00a0\u00a0\u00a0\u00a0\u00a0\u00a0\u00a0\u00a0\u00a0\u00a0\u00a0\u00a0\u00a0\u00a0\u00a0\u00a0\u00a0\u00a0\u00a0\u00a0\u00a0\u00a0\u00a0\u00a0\u00a0\u00a0\u00a0\u00a0\u00a0\u00a0 25.07.1950<\/div>\n<div aria-hidden=\"true\"><\/div>\n<div><b>80 Jahre<\/b><\/div>\n<div>Max Pernlochner\u00a0\u00a0\u00a0\u00a0\u00a0\u00a0\u00a0\u00a0\u00a0\u00a0\u00a0\u00a0\u00a0\u00a0\u00a0\u00a0\u00a0\u00a0 \u00a0\u00a0\u00a0\u00a0\u00a0\u00a0\u00a0\u00a0 25.01.1945<\/div>\n<div aria-hidden=\"true\"><\/div>\n<div><b>85 Jahre<\/b><\/div>\n<div>Bernd Jilg\u00a0\u00a0\u00a0\u00a0\u00a0\u00a0\u00a0\u00a0\u00a0\u00a0\u00a0\u00a0\u00a0\u00a0\u00a0\u00a0\u00a0\u00a0\u00a0\u00a0\u00a0\u00a0\u00a0\u00a0\u00a0\u00a0\u00a0\u00a0\u00a0\u00a0 \u00a0\u00a0\u00a0\u00a0\u00a0\u00a0\u00a0\u00a0 20.09.1940<\/div>\n<div aria-hidden=\"true\"><\/div>\n<div><b>90 Jahre<\/b><\/div>\n<div>Kurt Schmarl sen.\u00a0\u00a0\u00a0\u00a0\u00a0\u00a0\u00a0\u00a0\u00a0\u00a0\u00a0\u00a0\u00a0\u00a0\u00a0\u00a0\u00a0\u00a0\u00a0\u00a0\u00a0\u00a0\u00a0\u00a0\u00a0\u00a0\u00a0 17.08.1935<\/div>\n<div aria-hidden=\"true\"><\/div>\n<div><b>95 Jahre<\/b><\/div>\n<div>Otto Nolf\u00a0\u00a0\u00a0\u00a0\u00a0\u00a0\u00a0\u00a0\u00a0\u00a0\u00a0\u00a0\u00a0\u00a0\u00a0\u00a0\u00a0\u00a0\u00a0\u00a0\u00a0 \u00a0\u00a0\u00a0\u00a0\u00a0\u00a0\u00a0\u00a0\u00a0\u00a0\u00a0\u00a0\u00a0\u00a0\u00a0\u00a0\u00a0\u00a0 21.11.1930<\/div>\n<div aria-hidden=\"true\"><\/div>\n<div aria-hidden=\"true\"><\/div>\n<div aria-hidden=\"true\"><\/div>\n<div><b>Nat\u00fcrlich durften wir auch unseren Patinnen gratulieren:\u00a0<\/b><\/div>\n<div aria-hidden=\"true\"><\/div>\n<div><b>80 Jahre<\/b><\/div>\n<div>Maridl Strickner\u00a0\u00a0\u00a0\u00a0\u00a0\u00a0\u00a0\u00a0\u00a0\u00a0\u00a0\u00a0\u00a0\u00a0\u00a0\u00a0\u00a0\u00a0\u00a0\u00a0\u00a0\u00a0\u00a0\u00a0\u00a0\u00a0\u00a0\u00a0\u00a0 22.01.1945<\/div>\n<div><\/div>\n<div aria-hidden=\"true\"><\/div>\n<div><b>80 Jahre<\/b><\/div>\n<div>Renate Klotz\u00a0\u00a0\u00a0\u00a0\u00a0\u00a0\u00a0\u00a0\u00a0\u00a0\u00a0\u00a0\u00a0\u00a0\u00a0\u00a0\u00a0\u00a0\u00a0\u00a0\u00a0\u00a0\u00a0\u00a0\u00a0\u00a0\u00a0\u00a0\u00a0\u00a0\u00a0\u00a0\u00a0\u00a0\u00a0 20.01.1945<\/div>\n<div><\/div>\n<div>Wir gratulieren nochmals allen herzlich zu ihrem Jubil\u00e4um und bedanken uns an dieser Stelle f\u00fcr die T\u00e4tigkeiten in der FF Rum.<\/div>\n<div><div id='gallery-1' class='gallery galleryid-7644 gallery-columns-3 gallery-size-thumbnail'><figure class='gallery-item'>\n\t\t\t<div class='gallery-icon landscape'>\n\t\t\t\t<a href='https:\/\/www.ffrum.at\/website\/wp1\/20250613_161841940_ios\/'><img loading=\"lazy\" width=\"150\" height=\"150\" src=\"https:\/\/www.ffrum.at\/website\/wp1\/wp-content\/uploads\/2025\/06\/20250613_161841940_iOS-150x150.jpg\" class=\"attachment-thumbnail size-thumbnail\" alt=\"20250613_161841940_iOS\" loading=\"lazy\" decoding=\"async\" \/><\/a>\n\t\t\t<\/div><\/figure><figure class='gallery-item'>\n\t\t\t<div class='gallery-icon landscape'>\n\t\t\t\t<a href='https:\/\/www.ffrum.at\/website\/wp1\/20250613_162117632_ios\/'><img loading=\"lazy\" width=\"150\" height=\"150\" src=\"https:\/\/www.ffrum.at\/website\/wp1\/wp-content\/uploads\/2025\/06\/20250613_162117632_iOS-150x150.jpg\" class=\"attachment-thumbnail size-thumbnail\" alt=\"20250613_162117632_iOS\" loading=\"lazy\" decoding=\"async\" \/><\/a>\n\t\t\t<\/div><\/figure><figure class='gallery-item'>\n\t\t\t<div class='gallery-icon landscape'>\n\t\t\t\t<a href='https:\/\/www.ffrum.at\/website\/wp1\/20250613_161605072_ios\/'><img loading=\"lazy\" width=\"150\" height=\"150\" src=\"https:\/\/www.ffrum.at\/website\/wp1\/wp-content\/uploads\/2025\/06\/20250613_161605072_iOS-150x150.jpg\" class=\"attachment-thumbnail size-thumbnail\" alt=\"20250613_161605072_iOS\" loading=\"lazy\" decoding=\"async\" \/><\/a>\n\t\t\t<\/div><\/figure><figure class='gallery-item'>\n\t\t\t<div class='gallery-icon portrait'>\n\t\t\t\t<a href='https:\/\/www.ffrum.at\/website\/wp1\/20250613_161624534_ios\/'><img loading=\"lazy\" width=\"150\" height=\"150\" src=\"https:\/\/www.ffrum.at\/website\/wp1\/wp-content\/uploads\/2025\/06\/20250613_161624534_iOS-150x150.jpg\" class=\"attachment-thumbnail size-thumbnail\" alt=\"20250613_161624534_iOS\" loading=\"lazy\" decoding=\"async\" \/><\/a>\n\t\t\t<\/div><\/figure><figure class='gallery-item'>\n\t\t\t<div class='gallery-icon portrait'>\n\t\t\t\t<a href='https:\/\/www.ffrum.at\/website\/wp1\/20250613_161742347_ios\/'><img loading=\"lazy\" width=\"150\" height=\"150\" src=\"https:\/\/www.ffrum.at\/website\/wp1\/wp-content\/uploads\/2025\/06\/20250613_161742347_iOS-150x150.jpg\" class=\"attachment-thumbnail size-thumbnail\" alt=\"20250613_161742347_iOS\" loading=\"lazy\" decoding=\"async\" \/><\/a>\n\t\t\t<\/div><\/figure>\n\t\t<\/div>\n<\/div>\n","protected":false},"excerpt":{"rendered":"<p>Am Freitag, den 13. Juni 2025, lud die Freiwillige Feuerwehr Rum die Kameraden, welche einen&#8230;<\/p>\n","protected":false},"author":5,"featured_media":7641,"comment_status":"closed","ping_status":"open","sticky":false,"template":"","format":"standard","meta":{"footnotes":""},"categories":[50,1],"tags":[],"class_list":["post-7644","post","type-post","status-publish","format-standard","has-post-thumbnail","hentry","category-50","category-kameradschaft"],"_links":{"self":[{"href":"https:\/\/www.ffrum.at\/website\/wp1\/wp-json\/wp\/v2\/posts\/7644","targetHints":{"allow":["GET"]}}],"collection":[{"href":"https:\/\/www.ffrum.at\/website\/wp1\/wp-json\/wp\/v2\/posts"}],"about":[{"href":"https:\/\/www.ffrum.at\/website\/wp1\/wp-json\/wp\/v2\/types\/post"}],"author":[{"embeddable":true,"href":"https:\/\/www.ffrum.at\/website\/wp1\/wp-json\/wp\/v2\/users\/5"}],"replies":[{"embeddable":true,"href":"https:\/\/www.ffrum.at\/website\/wp1\/wp-json\/wp\/v2\/comments?post=7644"}],"version-history":[{"count":5,"href":"https:\/\/www.ffrum.at\/website\/wp1\/wp-json\/wp\/v2\/posts\/7644\/revisions"}],"predecessor-version":[{"id":7657,"href":"https:\/\/www.ffrum.at\/website\/wp1\/wp-json\/wp\/v2\/posts\/7644\/revisions\/7657"}],"wp:featuredmedia":[{"embeddable":true,"href":"https:\/\/www.ffrum.at\/website\/wp1\/wp-json\/wp\/v2\/media\/7641"}],"wp:attachment":[{"href":"https:\/\/www.ffrum.at\/website\/wp1\/wp-json\/wp\/v2\/media?parent=7644"}],"wp:term":[{"taxonomy":"category","embeddable":true,"href":"https:\/\/www.ffrum.at\/website\/wp1\/wp-json\/wp\/v2\/categories?post=7644"},{"taxonomy":"post_tag","embeddable":true,"href":"https:\/\/www.ffrum.at\/website\/wp1\/wp-json\/wp\/v2\/tags?post=7644"}],"curies":[{"name":"wp","href":"https:\/\/api.w.org\/{rel}","templated":true}]}}