{"id":7622,"date":"2025-06-14T16:07:45","date_gmt":"2025-06-14T14:07:45","guid":{"rendered":"https:\/\/www.ffrum.at\/website\/wp1\/?p=7622"},"modified":"2026-01-08T10:25:15","modified_gmt":"2026-01-08T09:25:15","slug":"ausflug-zum-feuerwehrfest-der-freiwilligen-feuerwehr-gars-am-kamp","status":"publish","type":"post","link":"https:\/\/www.ffrum.at\/website\/wp1\/2025\/06\/14\/ausflug-zum-feuerwehrfest-der-freiwilligen-feuerwehr-gars-am-kamp\/","title":{"rendered":"Ausflug zum Feuerwehrfest der Freiwilligen Feuerwehr Gars am Kamp"},"content":{"rendered":"<p>Am Wochenende vom <strong>7. auf den 8. Juni 2025<\/strong> unternahm die <strong>Freiwillige Feuerwehr Rum<\/strong> einen besonderen Ausflug zum Feuerwehrfest der <strong>Freiwilligen Feuerwehr Gars am Kamp<\/strong>. Bereits bei der Ankunft wurden die Kameraden aus Rum herzlich empfangen \u2013 ein Zeichen der gelebten Kameradschaft und Verbundenheit zwischen den beiden Feuerwehren.<\/p>\n<p>Als kleines Dankesch\u00f6n f\u00fcr die Einladung trug <strong>Kommandant Romed Stocker<\/strong> ein eigens verfasstes Gedicht vor, das f\u00fcr viel Freude\u00a0 sorgte. Zudem wurde ein Gastgeschenk an die FF Gars am Kamp \u00fcberreicht \u2013 ein Zeichen der Wertsch\u00e4tzung und Freundschaft.<\/p>\n<p>Nach einer k\u00f6stlichen kulinarischen St\u00e4rkung stand die <strong>Besichtigung des neuen Ger\u00e4tehauses<\/strong> der FF Gars am Kamp auf dem Programm. Die Kameraden aus Rum zeigten sich beeindruckt von der modernen Ausstattung und dem durchdachten Konzept des Neubaus. Besonders hervorzuheben ist, dass ein Gro\u00dfteil des Innenausbaus in Eigenleistung durch die Mitglieder der FF Gars am Kamp erbracht wurde \u2013 eine beachtliche Leistung, die gro\u00dfen Respekt verdient. <strong>Kommandant Rene Gigl<\/strong> f\u00fchrte die G\u00e4ste pers\u00f6nlich durch das Geb\u00e4ude und gab spannende Einblicke in die Entstehung und Nutzung des neuen Hauses.<\/p>\n<p>Auf der <strong>Dachterrasse<\/strong> des Ger\u00e4tehauses gab es eine kleine St\u00e4rkung, bevor sich alle f\u00fcr das bevorstehende Fest vorbereiteten. Das Feuerwehrfest selbst war ein voller Erfolg: F\u00fcr das leibliche Wohl war bestens gesorgt, und auch gegen den Durst war reichlich vorgesorgt. In geselliger Runde wurde gefeiert, gelacht und kameradschaftlich der Abend genossen.<\/p>\n<p>Am n\u00e4chsten Morgen begann der Tag mit einem gemeinsamen Fr\u00fchst\u00fcck, bevor um <strong>09:30 Uhr<\/strong> die <strong>Messe im Innenhof des alten Ger\u00e4tehauses<\/strong> stattfand \u2013 direkt am Festgel\u00e4nde. Die feierliche Messe wurde musikalisch von der <strong>Blasmusikkapelle Gars am Kamp<\/strong> umrahmt und verlieh dem Sonntagmorgen eine besondere Atmosph\u00e4re.<\/p>\n<p>Zum Mittagessen wurde die ber\u00fchmte <strong>\u201eKisten-Sau\u201c<\/strong> serviert \u2013 ein kulinarisches Highlight, das bei allen gro\u00dfen Anklang fand. Gest\u00e4rkt und voller sch\u00f6ner Eindr\u00fccke trat die FF Rum gegen <strong>14:00 Uhr<\/strong> die Heimreise an \u2013 nicht ohne ein wenig Wehmut, denn das Wochenende war gepr\u00e4gt von Herzlichkeit, Gastfreundschaft und echter Kameradschaft.<\/p>\n<p>Die <strong>Freiwillige Feuerwehr Rum<\/strong> bedankt sich herzlich f\u00fcr die gro\u00dfz\u00fcgige Aufnahme und freut sich schon jetzt auf ein baldiges Wiedersehen mit den Kameraden der <strong>FF Gars am Kamp<\/strong>!<\/p>\n<div id='gallery-1' class='gallery galleryid-7622 gallery-columns-3 gallery-size-thumbnail'><figure class='gallery-item'>\n\t\t\t<div class='gallery-icon landscape'>\n\t\t\t\t<a href='https:\/\/www.ffrum.at\/website\/wp1\/2025\/06\/14\/ausflug-zum-feuerwehrfest-der-freiwilligen-feuerwehr-gars-am-kamp\/20250607_194246669_ios\/'><img loading=\"lazy\" width=\"150\" height=\"150\" src=\"https:\/\/www.ffrum.at\/website\/wp1\/wp-content\/uploads\/2025\/06\/20250607_194246669_iOS-150x150.jpg\" class=\"attachment-thumbnail size-thumbnail\" alt=\"20250607_194246669_iOS\" loading=\"lazy\" decoding=\"async\" \/><\/a>\n\t\t\t<\/div><\/figure><figure class='gallery-item'>\n\t\t\t<div class='gallery-icon landscape'>\n\t\t\t\t<a href='https:\/\/www.ffrum.at\/website\/wp1\/2025\/06\/14\/ausflug-zum-feuerwehrfest-der-freiwilligen-feuerwehr-gars-am-kamp\/20250607_202832701_ios\/'><img loading=\"lazy\" width=\"150\" height=\"150\" src=\"https:\/\/www.ffrum.at\/website\/wp1\/wp-content\/uploads\/2025\/06\/20250607_202832701_iOS-150x150.jpg\" class=\"attachment-thumbnail size-thumbnail\" alt=\"20250607_202832701_iOS\" loading=\"lazy\" decoding=\"async\" \/><\/a>\n\t\t\t<\/div><\/figure><figure class='gallery-item'>\n\t\t\t<div class='gallery-icon landscape'>\n\t\t\t\t<a href='https:\/\/www.ffrum.at\/website\/wp1\/2025\/06\/14\/ausflug-zum-feuerwehrfest-der-freiwilligen-feuerwehr-gars-am-kamp\/20250608_091407123_ios\/'><img loading=\"lazy\" width=\"150\" height=\"150\" src=\"https:\/\/www.ffrum.at\/website\/wp1\/wp-content\/uploads\/2025\/06\/20250608_091407123_iOS-150x150.jpg\" class=\"attachment-thumbnail size-thumbnail\" alt=\"20250608_091407123_iOS\" loading=\"lazy\" decoding=\"async\" \/><\/a>\n\t\t\t<\/div><\/figure>\n\t\t<\/div>\n\n","protected":false},"excerpt":{"rendered":"<p>Am Wochenende vom 7. auf den 8. Juni 2025 unternahm die Freiwillige Feuerwehr Rum einen&#8230;<\/p>\n","protected":false},"author":10,"featured_media":7625,"comment_status":"closed","ping_status":"open","sticky":false,"template":"","format":"standard","meta":{"footnotes":""},"categories":[50,1],"tags":[],"class_list":["post-7622","post","type-post","status-publish","format-standard","has-post-thumbnail","hentry","category-50","category-kameradschaft"],"_links":{"self":[{"href":"https:\/\/www.ffrum.at\/website\/wp1\/wp-json\/wp\/v2\/posts\/7622","targetHints":{"allow":["GET"]}}],"collection":[{"href":"https:\/\/www.ffrum.at\/website\/wp1\/wp-json\/wp\/v2\/posts"}],"about":[{"href":"https:\/\/www.ffrum.at\/website\/wp1\/wp-json\/wp\/v2\/types\/post"}],"author":[{"embeddable":true,"href":"https:\/\/www.ffrum.at\/website\/wp1\/wp-json\/wp\/v2\/users\/10"}],"replies":[{"embeddable":true,"href":"https:\/\/www.ffrum.at\/website\/wp1\/wp-json\/wp\/v2\/comments?post=7622"}],"version-history":[{"count":1,"href":"https:\/\/www.ffrum.at\/website\/wp1\/wp-json\/wp\/v2\/posts\/7622\/revisions"}],"predecessor-version":[{"id":7626,"href":"https:\/\/www.ffrum.at\/website\/wp1\/wp-json\/wp\/v2\/posts\/7622\/revisions\/7626"}],"wp:featuredmedia":[{"embeddable":true,"href":"https:\/\/www.ffrum.at\/website\/wp1\/wp-json\/wp\/v2\/media\/7625"}],"wp:attachment":[{"href":"https:\/\/www.ffrum.at\/website\/wp1\/wp-json\/wp\/v2\/media?parent=7622"}],"wp:term":[{"taxonomy":"category","embeddable":true,"href":"https:\/\/www.ffrum.at\/website\/wp1\/wp-json\/wp\/v2\/categories?post=7622"},{"taxonomy":"post_tag","embeddable":true,"href":"https:\/\/www.ffrum.at\/website\/wp1\/wp-json\/wp\/v2\/tags?post=7622"}],"curies":[{"name":"wp","href":"https:\/\/api.w.org\/{rel}","templated":true}]}}