{"id":7575,"date":"2025-05-24T16:54:46","date_gmt":"2025-05-24T14:54:46","guid":{"rendered":"https:\/\/www.ffrum.at\/website\/wp1\/?p=7575"},"modified":"2026-01-08T10:25:15","modified_gmt":"2026-01-08T09:25:15","slug":"einsatznacht-der-feuerwehrjugend-am-23-und-24-mai-20","status":"publish","type":"post","link":"https:\/\/www.ffrum.at\/website\/wp1\/2025\/05\/24\/einsatznacht-der-feuerwehrjugend-am-23-und-24-mai-20\/","title":{"rendered":"Einsatznacht der Feuerwehrjugend am 23. und 24. Mai 2025"},"content":{"rendered":"<p>Vom 23. auf den 24. Mai 2025 fand die diesj\u00e4hrige Einsatznacht unserer Feuerwehrjugend statt. Um 16:00 Uhr trafen sich elf unserer Jugendmitglieder gemeinsam mit ihren Betreuern im Ger\u00e4tehaus der Freiwilligen Feuerwehr Rum. Nach dem Einrichten der Schlafpl\u00e4tze und dem Aufstellen der Feldbetten startete auch schon das abwechslungsreiche Programm.<\/p>\n<p>Ein besonderes Highlight war die exklusive F\u00fchrung durch die Berufsfeuerwehr Innsbruck, durchgef\u00fchrt von unserem Kameraden Alexander Bartenbach. Unsere Jugendlichen durften dabei die beeindruckende Fahrzeugflotte sowie moderne Ger\u00e4te hautnah erleben. Ein gro\u00dfes Dankesch\u00f6n an Alexander und die Berufsfeuerwehr Innsbruck f\u00fcr diese spannende und lehrreiche M\u00f6glichkeit!<\/p>\n<p>Zur\u00fcck im Ger\u00e4tehaus wurde bei Toast, Chips und Popcorn ein gemeinsamer Filmabend veranstaltet \u2013 doch viel Zeit zum Ausruhen blieb nicht: Kurz darauf bekamen unsere Jugendlichen ihren ersten Alarm \u2013 und der erste \u00dcbungseinsatz lie\u00df nicht lange auf sich warten: ein Klein- und ein Gro\u00dfbrand im Freien.<\/p>\n<p>Nach der R\u00fcckkehr folgte gleich der n\u00e4chste Einsatz: Zwei vermisste Personen mussten im R\u00f6merpark gesucht und gerettet werden. Auch wenn in dieser Nacht kaum geschlafen wurde \u2013 die Begeisterung und Motivation blieben hoch.<\/p>\n<p>Nach dem Fr\u00fchst\u00fcck am n\u00e4chsten Morgen stand eine weitere Personensuche auf dem Programm \u2013 diesmal nach f\u00fcnf vermissten Personen in der Volksschule Rum. Auch hier ein herzliches Dankesch\u00f6n an alle, die uns diese \u00dcbung erm\u00f6glicht haben.<\/p>\n<p>Zum Abschluss der Einsatznacht wurde ein Verkehrsunfall mit vier verletzten Personen simuliert. Alle \u00dcbungen wurden mit gro\u00dfem Engagement und K\u00f6nnen gemeistert \u2013 wir sind sehr stolz auf unsere Feuerwehrjugend, die das Gelernte der letzten Monate mit Bravour umsetzen konnte!<\/p>\n<p>Am 24. Mai um 16:00 Uhr endete die Einsatznacht \u2013 mit vielen neuen Eindr\u00fccken, einem Vorgeschmack auf den Aktivstand und einem L\u00e4cheln auf den Gesichtern der Teilnehmerinnen und Teilnehmer.<\/p>\n<p>Ein herzliches Dankesch\u00f6n gilt allen Mitwirkenden, Unterst\u00fctzern und besonders unseren engagierten Betreuerinnen und Betreuern, die unz\u00e4hlige Stunden in die Vorbereitung investiert und wieder gro\u00dfartige \u00dcbungsszenarien auf die Beine gestellt haben.<\/p>\n<p>&nbsp;<\/p>\n<p>Weiter so \u2013 eure Freiwillige Feuerwehr Rum!<\/p>\n<div id='gallery-1' class='gallery galleryid-7575 gallery-columns-3 gallery-size-thumbnail'><figure class='gallery-item'>\n\t\t\t<div class='gallery-icon landscape'>\n\t\t\t\t<a href='https:\/\/www.ffrum.at\/website\/wp1\/2025\/05\/24\/einsatznacht-der-feuerwehrjugend-am-23-und-24-mai-20\/imgp5571\/'><img loading=\"lazy\" width=\"150\" height=\"150\" src=\"https:\/\/www.ffrum.at\/website\/wp1\/wp-content\/uploads\/2025\/05\/IMGP5571-150x150.jpg\" class=\"attachment-thumbnail size-thumbnail\" alt=\"IMGP5571\" loading=\"lazy\" decoding=\"async\" \/><\/a>\n\t\t\t<\/div><\/figure><figure class='gallery-item'>\n\t\t\t<div class='gallery-icon landscape'>\n\t\t\t\t<a href='https:\/\/www.ffrum.at\/website\/wp1\/2025\/05\/24\/einsatznacht-der-feuerwehrjugend-am-23-und-24-mai-20\/imgp5561\/'><img loading=\"lazy\" width=\"150\" height=\"150\" src=\"https:\/\/www.ffrum.at\/website\/wp1\/wp-content\/uploads\/2025\/05\/IMGP5561-150x150.jpg\" class=\"attachment-thumbnail size-thumbnail\" alt=\"IMGP5561\" loading=\"lazy\" decoding=\"async\" \/><\/a>\n\t\t\t<\/div><\/figure><figure class='gallery-item'>\n\t\t\t<div class='gallery-icon landscape'>\n\t\t\t\t<a href='https:\/\/www.ffrum.at\/website\/wp1\/2025\/05\/24\/einsatznacht-der-feuerwehrjugend-am-23-und-24-mai-20\/imgp5557\/'><img loading=\"lazy\" width=\"150\" height=\"150\" src=\"https:\/\/www.ffrum.at\/website\/wp1\/wp-content\/uploads\/2025\/05\/IMGP5557-150x150.jpg\" class=\"attachment-thumbnail size-thumbnail\" alt=\"IMGP5557\" loading=\"lazy\" decoding=\"async\" \/><\/a>\n\t\t\t<\/div><\/figure><figure class='gallery-item'>\n\t\t\t<div class='gallery-icon landscape'>\n\t\t\t\t<a href='https:\/\/www.ffrum.at\/website\/wp1\/2025\/05\/24\/einsatznacht-der-feuerwehrjugend-am-23-und-24-mai-20\/imgp5551\/'><img loading=\"lazy\" width=\"150\" height=\"150\" src=\"https:\/\/www.ffrum.at\/website\/wp1\/wp-content\/uploads\/2025\/05\/IMGP5551-150x150.jpg\" class=\"attachment-thumbnail size-thumbnail\" alt=\"IMGP5551\" loading=\"lazy\" decoding=\"async\" \/><\/a>\n\t\t\t<\/div><\/figure><figure class='gallery-item'>\n\t\t\t<div class='gallery-icon landscape'>\n\t\t\t\t<a href='https:\/\/www.ffrum.at\/website\/wp1\/2025\/05\/24\/einsatznacht-der-feuerwehrjugend-am-23-und-24-mai-20\/imgp5548\/'><img loading=\"lazy\" width=\"150\" height=\"150\" src=\"https:\/\/www.ffrum.at\/website\/wp1\/wp-content\/uploads\/2025\/05\/IMGP5548-150x150.jpg\" class=\"attachment-thumbnail size-thumbnail\" alt=\"IMGP5548\" loading=\"lazy\" decoding=\"async\" \/><\/a>\n\t\t\t<\/div><\/figure><figure class='gallery-item'>\n\t\t\t<div class='gallery-icon landscape'>\n\t\t\t\t<a href='https:\/\/www.ffrum.at\/website\/wp1\/2025\/05\/24\/einsatznacht-der-feuerwehrjugend-am-23-und-24-mai-20\/imgp5546\/'><img loading=\"lazy\" width=\"150\" height=\"150\" src=\"https:\/\/www.ffrum.at\/website\/wp1\/wp-content\/uploads\/2025\/05\/IMGP5546-150x150.jpg\" class=\"attachment-thumbnail size-thumbnail\" alt=\"IMGP5546\" loading=\"lazy\" decoding=\"async\" \/><\/a>\n\t\t\t<\/div><\/figure><figure class='gallery-item'>\n\t\t\t<div class='gallery-icon landscape'>\n\t\t\t\t<a href='https:\/\/www.ffrum.at\/website\/wp1\/2025\/05\/24\/einsatznacht-der-feuerwehrjugend-am-23-und-24-mai-20\/imgp5545\/'><img loading=\"lazy\" width=\"150\" height=\"150\" src=\"https:\/\/www.ffrum.at\/website\/wp1\/wp-content\/uploads\/2025\/05\/IMGP5545-150x150.jpg\" class=\"attachment-thumbnail size-thumbnail\" alt=\"IMGP5545\" loading=\"lazy\" decoding=\"async\" \/><\/a>\n\t\t\t<\/div><\/figure><figure class='gallery-item'>\n\t\t\t<div class='gallery-icon landscape'>\n\t\t\t\t<a href='https:\/\/www.ffrum.at\/website\/wp1\/2025\/05\/24\/einsatznacht-der-feuerwehrjugend-am-23-und-24-mai-20\/imgp5538\/'><img loading=\"lazy\" width=\"150\" height=\"150\" src=\"https:\/\/www.ffrum.at\/website\/wp1\/wp-content\/uploads\/2025\/05\/IMGP5538-150x150.jpg\" class=\"attachment-thumbnail size-thumbnail\" alt=\"IMGP5538\" loading=\"lazy\" decoding=\"async\" \/><\/a>\n\t\t\t<\/div><\/figure><figure class='gallery-item'>\n\t\t\t<div class='gallery-icon landscape'>\n\t\t\t\t<a href='https:\/\/www.ffrum.at\/website\/wp1\/2025\/05\/24\/einsatznacht-der-feuerwehrjugend-am-23-und-24-mai-20\/imgp5536\/'><img loading=\"lazy\" width=\"150\" height=\"150\" src=\"https:\/\/www.ffrum.at\/website\/wp1\/wp-content\/uploads\/2025\/05\/IMGP5536-150x150.jpg\" class=\"attachment-thumbnail size-thumbnail\" alt=\"IMGP5536\" loading=\"lazy\" decoding=\"async\" \/><\/a>\n\t\t\t<\/div><\/figure><figure class='gallery-item'>\n\t\t\t<div class='gallery-icon landscape'>\n\t\t\t\t<a href='https:\/\/www.ffrum.at\/website\/wp1\/2025\/05\/24\/einsatznacht-der-feuerwehrjugend-am-23-und-24-mai-20\/imgp5532\/'><img loading=\"lazy\" width=\"150\" height=\"150\" src=\"https:\/\/www.ffrum.at\/website\/wp1\/wp-content\/uploads\/2025\/05\/IMGP5532-150x150.jpg\" class=\"attachment-thumbnail size-thumbnail\" alt=\"IMGP5532\" loading=\"lazy\" decoding=\"async\" \/><\/a>\n\t\t\t<\/div><\/figure><figure class='gallery-item'>\n\t\t\t<div class='gallery-icon landscape'>\n\t\t\t\t<a href='https:\/\/www.ffrum.at\/website\/wp1\/2025\/05\/24\/einsatznacht-der-feuerwehrjugend-am-23-und-24-mai-20\/imgp5526\/'><img loading=\"lazy\" width=\"150\" height=\"150\" src=\"https:\/\/www.ffrum.at\/website\/wp1\/wp-content\/uploads\/2025\/05\/IMGP5526-150x150.jpg\" class=\"attachment-thumbnail size-thumbnail\" alt=\"IMGP5526\" loading=\"lazy\" decoding=\"async\" \/><\/a>\n\t\t\t<\/div><\/figure><figure class='gallery-item'>\n\t\t\t<div class='gallery-icon portrait'>\n\t\t\t\t<a href='https:\/\/www.ffrum.at\/website\/wp1\/2025\/05\/24\/einsatznacht-der-feuerwehrjugend-am-23-und-24-mai-20\/20250524_120949851_ios\/'><img loading=\"lazy\" width=\"150\" height=\"150\" src=\"https:\/\/www.ffrum.at\/website\/wp1\/wp-content\/uploads\/2025\/05\/20250524_120949851_iOS-150x150.jpg\" class=\"attachment-thumbnail size-thumbnail\" alt=\"20250524_120949851_iOS\" loading=\"lazy\" decoding=\"async\" \/><\/a>\n\t\t\t<\/div><\/figure><figure class='gallery-item'>\n\t\t\t<div class='gallery-icon portrait'>\n\t\t\t\t<a href='https:\/\/www.ffrum.at\/website\/wp1\/2025\/05\/24\/einsatznacht-der-feuerwehrjugend-am-23-und-24-mai-20\/20250524_120943431_ios\/'><img loading=\"lazy\" width=\"150\" height=\"150\" src=\"https:\/\/www.ffrum.at\/website\/wp1\/wp-content\/uploads\/2025\/05\/20250524_120943431_iOS-150x150.jpg\" class=\"attachment-thumbnail size-thumbnail\" alt=\"20250524_120943431_iOS\" loading=\"lazy\" decoding=\"async\" \/><\/a>\n\t\t\t<\/div><\/figure><figure class='gallery-item'>\n\t\t\t<div class='gallery-icon portrait'>\n\t\t\t\t<a href='https:\/\/www.ffrum.at\/website\/wp1\/2025\/05\/24\/einsatznacht-der-feuerwehrjugend-am-23-und-24-mai-20\/20250524_120615162_ios\/'><img loading=\"lazy\" width=\"150\" height=\"150\" src=\"https:\/\/www.ffrum.at\/website\/wp1\/wp-content\/uploads\/2025\/05\/20250524_120615162_iOS-150x150.jpg\" class=\"attachment-thumbnail size-thumbnail\" alt=\"20250524_120615162_iOS\" loading=\"lazy\" decoding=\"async\" \/><\/a>\n\t\t\t<\/div><\/figure><figure class='gallery-item'>\n\t\t\t<div class='gallery-icon landscape'>\n\t\t\t\t<a href='https:\/\/www.ffrum.at\/website\/wp1\/2025\/05\/24\/einsatznacht-der-feuerwehrjugend-am-23-und-24-mai-20\/20250524_120013462_ios\/'><img loading=\"lazy\" width=\"150\" height=\"150\" src=\"https:\/\/www.ffrum.at\/website\/wp1\/wp-content\/uploads\/2025\/05\/20250524_120013462_iOS-150x150.jpg\" class=\"attachment-thumbnail size-thumbnail\" alt=\"20250524_120013462_iOS\" loading=\"lazy\" decoding=\"async\" \/><\/a>\n\t\t\t<\/div><\/figure><figure class='gallery-item'>\n\t\t\t<div class='gallery-icon portrait'>\n\t\t\t\t<a href='https:\/\/www.ffrum.at\/website\/wp1\/2025\/05\/24\/einsatznacht-der-feuerwehrjugend-am-23-und-24-mai-20\/20250524_072145167_ios\/'><img loading=\"lazy\" width=\"150\" height=\"150\" src=\"https:\/\/www.ffrum.at\/website\/wp1\/wp-content\/uploads\/2025\/05\/20250524_072145167_iOS-150x150.jpg\" class=\"attachment-thumbnail size-thumbnail\" alt=\"20250524_072145167_iOS\" loading=\"lazy\" decoding=\"async\" \/><\/a>\n\t\t\t<\/div><\/figure><figure class='gallery-item'>\n\t\t\t<div class='gallery-icon portrait'>\n\t\t\t\t<a href='https:\/\/www.ffrum.at\/website\/wp1\/2025\/05\/24\/einsatznacht-der-feuerwehrjugend-am-23-und-24-mai-20\/20250524_071901820_ios\/'><img loading=\"lazy\" width=\"150\" height=\"150\" src=\"https:\/\/www.ffrum.at\/website\/wp1\/wp-content\/uploads\/2025\/05\/20250524_071901820_iOS-150x150.jpg\" class=\"attachment-thumbnail size-thumbnail\" alt=\"20250524_071901820_iOS\" loading=\"lazy\" decoding=\"async\" \/><\/a>\n\t\t\t<\/div><\/figure><figure class='gallery-item'>\n\t\t\t<div class='gallery-icon portrait'>\n\t\t\t\t<a href='https:\/\/www.ffrum.at\/website\/wp1\/2025\/05\/24\/einsatznacht-der-feuerwehrjugend-am-23-und-24-mai-20\/20250524_071742533_ios\/'><img loading=\"lazy\" width=\"150\" height=\"150\" src=\"https:\/\/www.ffrum.at\/website\/wp1\/wp-content\/uploads\/2025\/05\/20250524_071742533_iOS-150x150.jpg\" class=\"attachment-thumbnail size-thumbnail\" alt=\"20250524_071742533_iOS\" loading=\"lazy\" decoding=\"async\" \/><\/a>\n\t\t\t<\/div><\/figure><figure class='gallery-item'>\n\t\t\t<div class='gallery-icon portrait'>\n\t\t\t\t<a href='https:\/\/www.ffrum.at\/website\/wp1\/2025\/05\/24\/einsatznacht-der-feuerwehrjugend-am-23-und-24-mai-20\/20250524_070840397_ios\/'><img loading=\"lazy\" width=\"150\" height=\"150\" src=\"https:\/\/www.ffrum.at\/website\/wp1\/wp-content\/uploads\/2025\/05\/20250524_070840397_iOS-150x150.jpg\" class=\"attachment-thumbnail size-thumbnail\" alt=\"20250524_070840397_iOS\" loading=\"lazy\" decoding=\"async\" \/><\/a>\n\t\t\t<\/div><\/figure><figure class='gallery-item'>\n\t\t\t<div class='gallery-icon landscape'>\n\t\t\t\t<a href='https:\/\/www.ffrum.at\/website\/wp1\/2025\/05\/24\/einsatznacht-der-feuerwehrjugend-am-23-und-24-mai-20\/20250524_062112293_ios\/'><img loading=\"lazy\" width=\"150\" height=\"150\" src=\"https:\/\/www.ffrum.at\/website\/wp1\/wp-content\/uploads\/2025\/05\/20250524_062112293_iOS-150x150.jpg\" class=\"attachment-thumbnail size-thumbnail\" alt=\"20250524_062112293_iOS\" loading=\"lazy\" decoding=\"async\" \/><\/a>\n\t\t\t<\/div><\/figure><figure class='gallery-item'>\n\t\t\t<div class='gallery-icon portrait'>\n\t\t\t\t<a href='https:\/\/www.ffrum.at\/website\/wp1\/2025\/05\/24\/einsatznacht-der-feuerwehrjugend-am-23-und-24-mai-20\/20250523_225901442_ios\/'><img loading=\"lazy\" width=\"150\" height=\"150\" src=\"https:\/\/www.ffrum.at\/website\/wp1\/wp-content\/uploads\/2025\/05\/20250523_225901442_iOS-150x150.jpg\" class=\"attachment-thumbnail size-thumbnail\" alt=\"20250523_225901442_iOS\" loading=\"lazy\" decoding=\"async\" \/><\/a>\n\t\t\t<\/div><\/figure><figure class='gallery-item'>\n\t\t\t<div class='gallery-icon portrait'>\n\t\t\t\t<a href='https:\/\/www.ffrum.at\/website\/wp1\/2025\/05\/24\/einsatznacht-der-feuerwehrjugend-am-23-und-24-mai-20\/20250523_225801652_ios\/'><img loading=\"lazy\" width=\"150\" height=\"150\" src=\"https:\/\/www.ffrum.at\/website\/wp1\/wp-content\/uploads\/2025\/05\/20250523_225801652_iOS-150x150.jpg\" class=\"attachment-thumbnail size-thumbnail\" alt=\"20250523_225801652_iOS\" loading=\"lazy\" decoding=\"async\" \/><\/a>\n\t\t\t<\/div><\/figure><figure class='gallery-item'>\n\t\t\t<div class='gallery-icon portrait'>\n\t\t\t\t<a href='https:\/\/www.ffrum.at\/website\/wp1\/2025\/05\/24\/einsatznacht-der-feuerwehrjugend-am-23-und-24-mai-20\/20250523_203214187_ios\/'><img loading=\"lazy\" width=\"150\" height=\"150\" src=\"https:\/\/www.ffrum.at\/website\/wp1\/wp-content\/uploads\/2025\/05\/20250523_203214187_iOS-150x150.jpg\" class=\"attachment-thumbnail size-thumbnail\" alt=\"20250523_203214187_iOS\" loading=\"lazy\" decoding=\"async\" \/><\/a>\n\t\t\t<\/div><\/figure><figure class='gallery-item'>\n\t\t\t<div class='gallery-icon portrait'>\n\t\t\t\t<a href='https:\/\/www.ffrum.at\/website\/wp1\/2025\/05\/24\/einsatznacht-der-feuerwehrjugend-am-23-und-24-mai-20\/20250523_203153018_ios\/'><img loading=\"lazy\" width=\"150\" height=\"150\" src=\"https:\/\/www.ffrum.at\/website\/wp1\/wp-content\/uploads\/2025\/05\/20250523_203153018_iOS-150x150.jpg\" class=\"attachment-thumbnail size-thumbnail\" alt=\"20250523_203153018_iOS\" loading=\"lazy\" decoding=\"async\" \/><\/a>\n\t\t\t<\/div><\/figure><figure class='gallery-item'>\n\t\t\t<div class='gallery-icon portrait'>\n\t\t\t\t<a href='https:\/\/www.ffrum.at\/website\/wp1\/2025\/05\/24\/einsatznacht-der-feuerwehrjugend-am-23-und-24-mai-20\/20250523_193748456_ios\/'><img loading=\"lazy\" width=\"150\" height=\"150\" src=\"https:\/\/www.ffrum.at\/website\/wp1\/wp-content\/uploads\/2025\/05\/20250523_193748456_iOS-150x150.jpg\" class=\"attachment-thumbnail size-thumbnail\" alt=\"20250523_193748456_iOS\" loading=\"lazy\" decoding=\"async\" \/><\/a>\n\t\t\t<\/div><\/figure><figure class='gallery-item'>\n\t\t\t<div class='gallery-icon portrait'>\n\t\t\t\t<a href='https:\/\/www.ffrum.at\/website\/wp1\/2025\/05\/24\/einsatznacht-der-feuerwehrjugend-am-23-und-24-mai-20\/20250523_193633679_ios\/'><img loading=\"lazy\" width=\"150\" height=\"150\" src=\"https:\/\/www.ffrum.at\/website\/wp1\/wp-content\/uploads\/2025\/05\/20250523_193633679_iOS-150x150.jpg\" class=\"attachment-thumbnail size-thumbnail\" alt=\"20250523_193633679_iOS\" loading=\"lazy\" decoding=\"async\" \/><\/a>\n\t\t\t<\/div><\/figure><figure class='gallery-item'>\n\t\t\t<div class='gallery-icon landscape'>\n\t\t\t\t<a href='https:\/\/www.ffrum.at\/website\/wp1\/2025\/05\/24\/einsatznacht-der-feuerwehrjugend-am-23-und-24-mai-20\/20250523_193513777_ios\/'><img loading=\"lazy\" width=\"150\" height=\"150\" src=\"https:\/\/www.ffrum.at\/website\/wp1\/wp-content\/uploads\/2025\/05\/20250523_193513777_iOS-150x150.jpg\" class=\"attachment-thumbnail size-thumbnail\" alt=\"20250523_193513777_iOS\" loading=\"lazy\" decoding=\"async\" \/><\/a>\n\t\t\t<\/div><\/figure><figure class='gallery-item'>\n\t\t\t<div class='gallery-icon landscape'>\n\t\t\t\t<a href='https:\/\/www.ffrum.at\/website\/wp1\/2025\/05\/24\/einsatznacht-der-feuerwehrjugend-am-23-und-24-mai-20\/20250523_172821411_ios\/'><img loading=\"lazy\" width=\"150\" height=\"150\" src=\"https:\/\/www.ffrum.at\/website\/wp1\/wp-content\/uploads\/2025\/05\/20250523_172821411_iOS-150x150.jpg\" class=\"attachment-thumbnail size-thumbnail\" alt=\"20250523_172821411_iOS\" loading=\"lazy\" decoding=\"async\" \/><\/a>\n\t\t\t<\/div><\/figure>\n\t\t<\/div>\n\n<p>&nbsp;<\/p>\n","protected":false},"excerpt":{"rendered":"<p>Vom 23. auf den 24. Mai 2025 fand die diesj\u00e4hrige Einsatznacht unserer Feuerwehrjugend statt. Um&#8230;<\/p>\n","protected":false},"author":10,"featured_media":7604,"comment_status":"closed","ping_status":"open","sticky":false,"template":"","format":"standard","meta":{"footnotes":""},"categories":[50,46],"tags":[],"class_list":["post-7575","post","type-post","status-publish","format-standard","has-post-thumbnail","hentry","category-50","category-jugend"],"_links":{"self":[{"href":"https:\/\/www.ffrum.at\/website\/wp1\/wp-json\/wp\/v2\/posts\/7575","targetHints":{"allow":["GET"]}}],"collection":[{"href":"https:\/\/www.ffrum.at\/website\/wp1\/wp-json\/wp\/v2\/posts"}],"about":[{"href":"https:\/\/www.ffrum.at\/website\/wp1\/wp-json\/wp\/v2\/types\/post"}],"author":[{"embeddable":true,"href":"https:\/\/www.ffrum.at\/website\/wp1\/wp-json\/wp\/v2\/users\/10"}],"replies":[{"embeddable":true,"href":"https:\/\/www.ffrum.at\/website\/wp1\/wp-json\/wp\/v2\/comments?post=7575"}],"version-history":[{"count":5,"href":"https:\/\/www.ffrum.at\/website\/wp1\/wp-json\/wp\/v2\/posts\/7575\/revisions"}],"predecessor-version":[{"id":7608,"href":"https:\/\/www.ffrum.at\/website\/wp1\/wp-json\/wp\/v2\/posts\/7575\/revisions\/7608"}],"wp:featuredmedia":[{"embeddable":true,"href":"https:\/\/www.ffrum.at\/website\/wp1\/wp-json\/wp\/v2\/media\/7604"}],"wp:attachment":[{"href":"https:\/\/www.ffrum.at\/website\/wp1\/wp-json\/wp\/v2\/media?parent=7575"}],"wp:term":[{"taxonomy":"category","embeddable":true,"href":"https:\/\/www.ffrum.at\/website\/wp1\/wp-json\/wp\/v2\/categories?post=7575"},{"taxonomy":"post_tag","embeddable":true,"href":"https:\/\/www.ffrum.at\/website\/wp1\/wp-json\/wp\/v2\/tags?post=7575"}],"curies":[{"name":"wp","href":"https:\/\/api.w.org\/{rel}","templated":true}]}}