{"id":7470,"date":"2025-04-25T20:33:59","date_gmt":"2025-04-25T18:33:59","guid":{"rendered":"https:\/\/www.ffrum.at\/website\/wp1\/?p=7470"},"modified":"2026-01-08T10:24:33","modified_gmt":"2026-01-08T09:24:33","slug":"brand-im-gewerbegebiet-rum-am-25-04-2025","status":"publish","type":"post","link":"https:\/\/www.ffrum.at\/website\/wp1\/2025\/04\/25\/brand-im-gewerbegebiet-rum-am-25-04-2025\/","title":{"rendered":"Sirenenalarm am 25.04.2025"},"content":{"rendered":"<p>Am Freitagnachmittag wurde die Freiwillige Feuerwehr Rum um 14:07 Uhr mittels Sirenenalarm zu einem Brandeinsatz im Gewerbegebiet Neu-Rum alarmiert.<\/p>\n<p>Beim Eintreffen der ersten Einsatzkr\u00e4fte wurde eine starke Rauchentwicklung im Bereich eines Lastenaufzugs festgestellt. Der betroffene Geb\u00e4udeteil wurde aus Sicherheitsgr\u00fcnden vollst\u00e4ndig evakuiert. Die Erkundung ergab einen Kabelbrand, im Dachbereich der Liftkabine.<\/p>\n<p>Zur weiteren Gefahrenabwehr wurde das Geb\u00e4ude bel\u00fcftet und die Stromzufuhr zum betroffenen Bereich unterbrochen. Zus\u00e4tzlich wurde der zust\u00e4ndige Aufzugsdienst verst\u00e4ndigt.<\/p>\n<p>Im Einsatz standen:<\/p>\n<ul>\n<li>KDO Rum<\/li>\n<li>Tank 1 Rum<\/li>\n<li>Tank 2 Rum<\/li>\n<li>Exekutivdienst<\/li>\n<li>Rettungsdienst Tirol<\/li>\n<li>Abschnitts Kommandant<\/li>\n<\/ul>\n<div id='gallery-1' class='gallery galleryid-7470 gallery-columns-3 gallery-size-thumbnail'><figure class='gallery-item'>\n\t\t\t<div class='gallery-icon portrait'>\n\t\t\t\t<a href='https:\/\/www.ffrum.at\/website\/wp1\/20250425_130058000_ios\/'><img loading=\"lazy\" width=\"150\" height=\"150\" src=\"https:\/\/www.ffrum.at\/website\/wp1\/wp-content\/uploads\/2025\/04\/20250425_130058000_iOS-150x150.jpeg\" class=\"attachment-thumbnail size-thumbnail\" alt=\"20250425_130058000_iOS\" loading=\"lazy\" decoding=\"async\" \/><\/a>\n\t\t\t<\/div><\/figure><figure class='gallery-item'>\n\t\t\t<div class='gallery-icon landscape'>\n\t\t\t\t<a href='https:\/\/www.ffrum.at\/website\/wp1\/20250425_131558000_ios-1\/'><img loading=\"lazy\" width=\"150\" height=\"150\" src=\"https:\/\/www.ffrum.at\/website\/wp1\/wp-content\/uploads\/2025\/04\/20250425_131558000_iOS-1-150x150.jpeg\" class=\"attachment-thumbnail size-thumbnail\" alt=\"20250425_131558000_iOS 1\" loading=\"lazy\" decoding=\"async\" \/><\/a>\n\t\t\t<\/div><\/figure><figure class='gallery-item'>\n\t\t\t<div class='gallery-icon portrait'>\n\t\t\t\t<a href='https:\/\/www.ffrum.at\/website\/wp1\/20250425_154338000_ios\/'><img loading=\"lazy\" width=\"150\" height=\"150\" src=\"https:\/\/www.ffrum.at\/website\/wp1\/wp-content\/uploads\/2025\/04\/20250425_154338000_iOS-150x150.jpeg\" class=\"attachment-thumbnail size-thumbnail\" alt=\"20250425_154338000_iOS\" loading=\"lazy\" decoding=\"async\" \/><\/a>\n\t\t\t<\/div><\/figure>\n\t\t<\/div>\n\n<p>Bericht: FF Rum<br \/>\nBilder: FF Rum<\/p>\n<p>&nbsp;<\/p>\n","protected":false},"excerpt":{"rendered":"<p>Am Freitagnachmittag wurde die Freiwillige Feuerwehr Rum um 14:07 Uhr mittels Sirenenalarm zu einem Brandeinsatz&#8230;<\/p>\n","protected":false},"author":6,"featured_media":7475,"comment_status":"closed","ping_status":"open","sticky":false,"template":"","format":"standard","meta":{"footnotes":""},"categories":[50,34],"tags":[],"class_list":["post-7470","post","type-post","status-publish","format-standard","has-post-thumbnail","hentry","category-50","category-brandeinsatz"],"_links":{"self":[{"href":"https:\/\/www.ffrum.at\/website\/wp1\/wp-json\/wp\/v2\/posts\/7470","targetHints":{"allow":["GET"]}}],"collection":[{"href":"https:\/\/www.ffrum.at\/website\/wp1\/wp-json\/wp\/v2\/posts"}],"about":[{"href":"https:\/\/www.ffrum.at\/website\/wp1\/wp-json\/wp\/v2\/types\/post"}],"author":[{"embeddable":true,"href":"https:\/\/www.ffrum.at\/website\/wp1\/wp-json\/wp\/v2\/users\/6"}],"replies":[{"embeddable":true,"href":"https:\/\/www.ffrum.at\/website\/wp1\/wp-json\/wp\/v2\/comments?post=7470"}],"version-history":[{"count":4,"href":"https:\/\/www.ffrum.at\/website\/wp1\/wp-json\/wp\/v2\/posts\/7470\/revisions"}],"predecessor-version":[{"id":7478,"href":"https:\/\/www.ffrum.at\/website\/wp1\/wp-json\/wp\/v2\/posts\/7470\/revisions\/7478"}],"wp:featuredmedia":[{"embeddable":true,"href":"https:\/\/www.ffrum.at\/website\/wp1\/wp-json\/wp\/v2\/media\/7475"}],"wp:attachment":[{"href":"https:\/\/www.ffrum.at\/website\/wp1\/wp-json\/wp\/v2\/media?parent=7470"}],"wp:term":[{"taxonomy":"category","embeddable":true,"href":"https:\/\/www.ffrum.at\/website\/wp1\/wp-json\/wp\/v2\/categories?post=7470"},{"taxonomy":"post_tag","embeddable":true,"href":"https:\/\/www.ffrum.at\/website\/wp1\/wp-json\/wp\/v2\/tags?post=7470"}],"curies":[{"name":"wp","href":"https:\/\/api.w.org\/{rel}","templated":true}]}}