{"id":7426,"date":"2025-04-13T09:15:24","date_gmt":"2025-04-13T07:15:24","guid":{"rendered":"https:\/\/www.ffrum.at\/website\/wp1\/?p=7426"},"modified":"2026-01-08T10:24:04","modified_gmt":"2026-01-08T09:24:04","slug":"uebungstag-abschnitt-hall-am-12-04-2025","status":"publish","type":"post","link":"https:\/\/www.ffrum.at\/website\/wp1\/2025\/04\/13\/uebungstag-abschnitt-hall-am-12-04-2025\/","title":{"rendered":"\u00dcbungstag Abschnitt Hall am 12.04.2025"},"content":{"rendered":"<p>Am 12.4.2015 nahm auch die FF Rum beim Abschnitt\u00fcbungstag in Absam teil. Hierbei waren 3 Stationen zu bew\u00e4ltigen (Abgest\u00fcrzte Person mit Pf\u00e4hlungsverletzung, Kontaminierte Person aus Gefahrenbereich retten, Brandbek\u00e4mpfung mittels Wandhydrant, AB-K\u00d6R und allgemeine Auffrischung im Bereich Atemschutz). Zu guter Letzt wurden wir von der FF Thaur noch verk\u00f6stigt.<\/p>\n<div id='gallery-1' class='gallery galleryid-7426 gallery-columns-3 gallery-size-thumbnail'><figure class='gallery-item'>\n\t\t\t<div class='gallery-icon portrait'>\n\t\t\t\t<a href='https:\/\/www.ffrum.at\/website\/wp1\/whatsapp-image-2025-04-12-at-8-37-59-pm\/'><img loading=\"lazy\" width=\"150\" height=\"150\" src=\"https:\/\/www.ffrum.at\/website\/wp1\/wp-content\/uploads\/2025\/04\/WhatsApp-Image-2025-04-12-at-8.37.59-PM-150x150.jpeg\" class=\"attachment-thumbnail size-thumbnail\" alt=\"WhatsApp Image 2025-04-12 at 8.37.59 PM\" loading=\"lazy\" decoding=\"async\" \/><\/a>\n\t\t\t<\/div><\/figure><figure class='gallery-item'>\n\t\t\t<div class='gallery-icon portrait'>\n\t\t\t\t<a href='https:\/\/www.ffrum.at\/website\/wp1\/whatsapp-image-2025-04-12-at-8-37-59-pm-4\/'><img loading=\"lazy\" width=\"150\" height=\"150\" src=\"https:\/\/www.ffrum.at\/website\/wp1\/wp-content\/uploads\/2025\/04\/WhatsApp-Image-2025-04-12-at-8.37.59-PM-4-150x150.jpeg\" class=\"attachment-thumbnail size-thumbnail\" alt=\"WhatsApp Image 2025-04-12 at 8.37.59 PM (4)\" loading=\"lazy\" decoding=\"async\" \/><\/a>\n\t\t\t<\/div><\/figure><figure class='gallery-item'>\n\t\t\t<div class='gallery-icon portrait'>\n\t\t\t\t<a href='https:\/\/www.ffrum.at\/website\/wp1\/whatsapp-image-2025-04-12-at-8-37-59-pm-3\/'><img loading=\"lazy\" width=\"150\" height=\"150\" src=\"https:\/\/www.ffrum.at\/website\/wp1\/wp-content\/uploads\/2025\/04\/WhatsApp-Image-2025-04-12-at-8.37.59-PM-3-150x150.jpeg\" class=\"attachment-thumbnail size-thumbnail\" alt=\"WhatsApp Image 2025-04-12 at 8.37.59 PM (3)\" loading=\"lazy\" decoding=\"async\" \/><\/a>\n\t\t\t<\/div><\/figure><figure class='gallery-item'>\n\t\t\t<div class='gallery-icon portrait'>\n\t\t\t\t<a href='https:\/\/www.ffrum.at\/website\/wp1\/whatsapp-image-2025-04-12-at-8-37-59-pm-2\/'><img loading=\"lazy\" width=\"150\" height=\"150\" src=\"https:\/\/www.ffrum.at\/website\/wp1\/wp-content\/uploads\/2025\/04\/WhatsApp-Image-2025-04-12-at-8.37.59-PM-2-150x150.jpeg\" class=\"attachment-thumbnail size-thumbnail\" alt=\"WhatsApp Image 2025-04-12 at 8.37.59 PM (2)\" loading=\"lazy\" decoding=\"async\" \/><\/a>\n\t\t\t<\/div><\/figure><figure class='gallery-item'>\n\t\t\t<div class='gallery-icon portrait'>\n\t\t\t\t<a href='https:\/\/www.ffrum.at\/website\/wp1\/whatsapp-image-2025-04-12-at-8-37-59-pm-1\/'><img loading=\"lazy\" width=\"150\" height=\"150\" src=\"https:\/\/www.ffrum.at\/website\/wp1\/wp-content\/uploads\/2025\/04\/WhatsApp-Image-2025-04-12-at-8.37.59-PM-1-150x150.jpeg\" class=\"attachment-thumbnail size-thumbnail\" alt=\"WhatsApp Image 2025-04-12 at 8.37.59 PM (1)\" loading=\"lazy\" decoding=\"async\" \/><\/a>\n\t\t\t<\/div><\/figure><figure class='gallery-item'>\n\t\t\t<div class='gallery-icon portrait'>\n\t\t\t\t<a href='https:\/\/www.ffrum.at\/website\/wp1\/whatsapp-image-2025-04-12-at-8-37-58-pm\/'><img loading=\"lazy\" width=\"150\" height=\"150\" src=\"https:\/\/www.ffrum.at\/website\/wp1\/wp-content\/uploads\/2025\/04\/WhatsApp-Image-2025-04-12-at-8.37.58-PM-150x150.jpeg\" class=\"attachment-thumbnail size-thumbnail\" alt=\"WhatsApp Image 2025-04-12 at 8.37.58 PM\" loading=\"lazy\" decoding=\"async\" \/><\/a>\n\t\t\t<\/div><\/figure><figure class='gallery-item'>\n\t\t\t<div class='gallery-icon portrait'>\n\t\t\t\t<a href='https:\/\/www.ffrum.at\/website\/wp1\/whatsapp-image-2025-04-12-at-8-37-58-pm-2\/'><img loading=\"lazy\" width=\"150\" height=\"150\" src=\"https:\/\/www.ffrum.at\/website\/wp1\/wp-content\/uploads\/2025\/04\/WhatsApp-Image-2025-04-12-at-8.37.58-PM-2-150x150.jpeg\" class=\"attachment-thumbnail size-thumbnail\" alt=\"WhatsApp Image 2025-04-12 at 8.37.58 PM (2)\" loading=\"lazy\" decoding=\"async\" \/><\/a>\n\t\t\t<\/div><\/figure><figure class='gallery-item'>\n\t\t\t<div class='gallery-icon portrait'>\n\t\t\t\t<a href='https:\/\/www.ffrum.at\/website\/wp1\/whatsapp-image-2025-04-12-at-8-37-58-pm-1\/'><img loading=\"lazy\" width=\"150\" height=\"150\" src=\"https:\/\/www.ffrum.at\/website\/wp1\/wp-content\/uploads\/2025\/04\/WhatsApp-Image-2025-04-12-at-8.37.58-PM-1-150x150.jpeg\" class=\"attachment-thumbnail size-thumbnail\" alt=\"WhatsApp Image 2025-04-12 at 8.37.58 PM (1)\" loading=\"lazy\" decoding=\"async\" \/><\/a>\n\t\t\t<\/div><\/figure>\n\t\t<\/div>\n\n","protected":false},"excerpt":{"rendered":"<p>Am 12.4.2015 nahm auch die FF Rum beim Abschnitt\u00fcbungstag in Absam teil. Hierbei waren 3&#8230;<\/p>\n","protected":false},"author":6,"featured_media":7433,"comment_status":"closed","ping_status":"open","sticky":false,"template":"","format":"standard","meta":{"footnotes":""},"categories":[50,1],"tags":[],"class_list":["post-7426","post","type-post","status-publish","format-standard","has-post-thumbnail","hentry","category-50","category-kameradschaft"],"_links":{"self":[{"href":"https:\/\/www.ffrum.at\/website\/wp1\/wp-json\/wp\/v2\/posts\/7426","targetHints":{"allow":["GET"]}}],"collection":[{"href":"https:\/\/www.ffrum.at\/website\/wp1\/wp-json\/wp\/v2\/posts"}],"about":[{"href":"https:\/\/www.ffrum.at\/website\/wp1\/wp-json\/wp\/v2\/types\/post"}],"author":[{"embeddable":true,"href":"https:\/\/www.ffrum.at\/website\/wp1\/wp-json\/wp\/v2\/users\/6"}],"replies":[{"embeddable":true,"href":"https:\/\/www.ffrum.at\/website\/wp1\/wp-json\/wp\/v2\/comments?post=7426"}],"version-history":[{"count":3,"href":"https:\/\/www.ffrum.at\/website\/wp1\/wp-json\/wp\/v2\/posts\/7426\/revisions"}],"predecessor-version":[{"id":7441,"href":"https:\/\/www.ffrum.at\/website\/wp1\/wp-json\/wp\/v2\/posts\/7426\/revisions\/7441"}],"wp:featuredmedia":[{"embeddable":true,"href":"https:\/\/www.ffrum.at\/website\/wp1\/wp-json\/wp\/v2\/media\/7433"}],"wp:attachment":[{"href":"https:\/\/www.ffrum.at\/website\/wp1\/wp-json\/wp\/v2\/media?parent=7426"}],"wp:term":[{"taxonomy":"category","embeddable":true,"href":"https:\/\/www.ffrum.at\/website\/wp1\/wp-json\/wp\/v2\/categories?post=7426"},{"taxonomy":"post_tag","embeddable":true,"href":"https:\/\/www.ffrum.at\/website\/wp1\/wp-json\/wp\/v2\/tags?post=7426"}],"curies":[{"name":"wp","href":"https:\/\/api.w.org\/{rel}","templated":true}]}}