{"id":7381,"date":"2025-03-27T03:08:34","date_gmt":"2025-03-27T02:08:34","guid":{"rendered":"https:\/\/www.ffrum.at\/website\/wp1\/?p=7381"},"modified":"2026-01-08T10:24:04","modified_gmt":"2026-01-08T09:24:04","slug":"baum-auf-strasse-am-26-03-2025","status":"publish","type":"post","link":"https:\/\/www.ffrum.at\/website\/wp1\/2025\/03\/27\/baum-auf-strasse-am-26-03-2025\/","title":{"rendered":"Baum auf Stra\u00dfe am 26.03.2025"},"content":{"rendered":"<p>In der Nacht von Dienstag den 25.03.2025 auf Mittwoch den 26.03.2025 wurde die Freiwillige Feuerwehr Rum um 02:48 Uhr zu einem Einsatz gerufen, es befand sich ein Baum auf einer Stra\u00dfe. Der Baum wurde mittels einer Motors\u00e4ge zerkleinert und aus dem Stra\u00dfenbereich ger\u00e4umt. Anschlie\u00dfend wurde der Stra\u00dfenabschnitt ges\u00e4ubert und die FF Rum konnte wieder einr\u00fccken.<\/p>\n<p>&nbsp;<\/p>\n<p>Im Einsatz standen:<\/p>\n<ul>\n<li>KDO Rum<\/li>\n<li>Tank 1 Rum<\/li>\n<li>Exekutivdienst<\/li>\n<\/ul>\n<p>&nbsp;<\/p>\n<p>Bericht: FF Rum<br \/>\nBilder: FF Rum<\/p>\n<div id='gallery-1' class='gallery galleryid-7381 gallery-columns-3 gallery-size-thumbnail'><figure class='gallery-item'>\n\t\t\t<div class='gallery-icon portrait'>\n\t\t\t\t<a href='https:\/\/www.ffrum.at\/website\/wp1\/20250326_020147962_ios\/'><img loading=\"lazy\" width=\"150\" height=\"150\" src=\"https:\/\/www.ffrum.at\/website\/wp1\/wp-content\/uploads\/2025\/03\/20250326_020147962_iOS-150x150.jpg\" class=\"attachment-thumbnail size-thumbnail\" alt=\"20250326_020147962_iOS\" loading=\"lazy\" decoding=\"async\" \/><\/a>\n\t\t\t<\/div><\/figure><figure class='gallery-item'>\n\t\t\t<div class='gallery-icon landscape'>\n\t\t\t\t<a href='https:\/\/www.ffrum.at\/website\/wp1\/20250326_020327892_ios\/'><img loading=\"lazy\" width=\"150\" height=\"150\" src=\"https:\/\/www.ffrum.at\/website\/wp1\/wp-content\/uploads\/2025\/03\/20250326_020327892_iOS-150x150.jpg\" class=\"attachment-thumbnail size-thumbnail\" alt=\"20250326_020327892_iOS\" loading=\"lazy\" decoding=\"async\" \/><\/a>\n\t\t\t<\/div><\/figure><figure class='gallery-item'>\n\t\t\t<div class='gallery-icon landscape'>\n\t\t\t\t<a href='https:\/\/www.ffrum.at\/website\/wp1\/20250326_020515085_ios\/'><img loading=\"lazy\" width=\"150\" height=\"150\" src=\"https:\/\/www.ffrum.at\/website\/wp1\/wp-content\/uploads\/2025\/03\/20250326_020515085_iOS-150x150.jpg\" class=\"attachment-thumbnail size-thumbnail\" alt=\"20250326_020515085_iOS\" loading=\"lazy\" decoding=\"async\" \/><\/a>\n\t\t\t<\/div><\/figure><figure class='gallery-item'>\n\t\t\t<div class='gallery-icon landscape'>\n\t\t\t\t<a href='https:\/\/www.ffrum.at\/website\/wp1\/20250326_020659165_ios\/'><img loading=\"lazy\" width=\"150\" height=\"150\" src=\"https:\/\/www.ffrum.at\/website\/wp1\/wp-content\/uploads\/2025\/03\/20250326_020659165_iOS-150x150.jpg\" class=\"attachment-thumbnail size-thumbnail\" alt=\"20250326_020659165_iOS\" loading=\"lazy\" decoding=\"async\" \/><\/a>\n\t\t\t<\/div><\/figure><figure class='gallery-item'>\n\t\t\t<div class='gallery-icon portrait'>\n\t\t\t\t<a href='https:\/\/www.ffrum.at\/website\/wp1\/20250326_023039000_ios\/'><img loading=\"lazy\" width=\"150\" height=\"150\" src=\"https:\/\/www.ffrum.at\/website\/wp1\/wp-content\/uploads\/2025\/03\/20250326_023039000_iOS-150x150.jpg\" class=\"attachment-thumbnail size-thumbnail\" alt=\"20250326_023039000_iOS\" loading=\"lazy\" decoding=\"async\" \/><\/a>\n\t\t\t<\/div><\/figure>\n\t\t<\/div>\n\n","protected":false},"excerpt":{"rendered":"<p>In der Nacht von Dienstag den 25.03.2025 auf Mittwoch den 26.03.2025 wurde die Freiwillige Feuerwehr&#8230;<\/p>\n","protected":false},"author":6,"featured_media":7384,"comment_status":"closed","ping_status":"open","sticky":false,"template":"","format":"standard","meta":{"footnotes":""},"categories":[50,35],"tags":[],"class_list":["post-7381","post","type-post","status-publish","format-standard","has-post-thumbnail","hentry","category-50","category-technischer-einsatz"],"_links":{"self":[{"href":"https:\/\/www.ffrum.at\/website\/wp1\/wp-json\/wp\/v2\/posts\/7381","targetHints":{"allow":["GET"]}}],"collection":[{"href":"https:\/\/www.ffrum.at\/website\/wp1\/wp-json\/wp\/v2\/posts"}],"about":[{"href":"https:\/\/www.ffrum.at\/website\/wp1\/wp-json\/wp\/v2\/types\/post"}],"author":[{"embeddable":true,"href":"https:\/\/www.ffrum.at\/website\/wp1\/wp-json\/wp\/v2\/users\/6"}],"replies":[{"embeddable":true,"href":"https:\/\/www.ffrum.at\/website\/wp1\/wp-json\/wp\/v2\/comments?post=7381"}],"version-history":[{"count":5,"href":"https:\/\/www.ffrum.at\/website\/wp1\/wp-json\/wp\/v2\/posts\/7381\/revisions"}],"predecessor-version":[{"id":7391,"href":"https:\/\/www.ffrum.at\/website\/wp1\/wp-json\/wp\/v2\/posts\/7381\/revisions\/7391"}],"wp:featuredmedia":[{"embeddable":true,"href":"https:\/\/www.ffrum.at\/website\/wp1\/wp-json\/wp\/v2\/media\/7384"}],"wp:attachment":[{"href":"https:\/\/www.ffrum.at\/website\/wp1\/wp-json\/wp\/v2\/media?parent=7381"}],"wp:term":[{"taxonomy":"category","embeddable":true,"href":"https:\/\/www.ffrum.at\/website\/wp1\/wp-json\/wp\/v2\/categories?post=7381"},{"taxonomy":"post_tag","embeddable":true,"href":"https:\/\/www.ffrum.at\/website\/wp1\/wp-json\/wp\/v2\/tags?post=7381"}],"curies":[{"name":"wp","href":"https:\/\/api.w.org\/{rel}","templated":true}]}}