{"id":7354,"date":"2025-03-16T20:00:36","date_gmt":"2025-03-16T19:00:36","guid":{"rendered":"https:\/\/www.ffrum.at\/website\/wp1\/?p=7354"},"modified":"2026-01-08T10:24:04","modified_gmt":"2026-01-08T09:24:04","slug":"tr-camp-2025","status":"publish","type":"post","link":"https:\/\/www.ffrum.at\/website\/wp1\/2025\/03\/16\/tr-camp-2025\/","title":{"rendered":"TR-Camp 2025"},"content":{"rendered":"<p data-start=\"150\" data-end=\"419\">Am <strong data-start=\"153\" data-end=\"177\">17. und 18. Mai 2025<\/strong> findet in <strong data-start=\"188\" data-end=\"202\">Rum, Tirol<\/strong> das <strong data-start=\"207\" data-end=\"218\">TR-Camp<\/strong> statt \u2013 eine Spezialausbildung f\u00fcr Feuerwehr und Rettungsdienst. Die Vorbereitungen laufen bereits auf Hochtouren, und wir freuen uns, dieses hochkar\u00e4tige Ausbildungswochenende ausrichten zu d\u00fcrfen!<\/p>\n<p data-start=\"421\" data-end=\"471\">\ud83d\udea8 <strong data-start=\"424\" data-end=\"466\">JETZT anmelden \u2013 Pl\u00e4tze sind begrenzt!<\/strong> \ud83d\udea8<\/p>\n<p data-start=\"473\" data-end=\"793\"><strong data-start=\"473\" data-end=\"526\">Praxisnahe Ausbildung an verschiedenen Stationen:<\/strong><br data-start=\"526\" data-end=\"529\" \/>\u2705 Erkundung beim Verkehrsunfall<br data-start=\"560\" data-end=\"563\" \/>\u2705 Sichern und Stabilisieren<br data-start=\"590\" data-end=\"593\" \/>\u2705 Seitenaufprall mit starker Verformung<br data-start=\"632\" data-end=\"635\" \/>\u2705 Maschinenunf\u00e4lle<br data-start=\"653\" data-end=\"656\" \/>\u2705 Alternative Rettungsmethoden ohne Hydraulik<br data-start=\"701\" data-end=\"704\" \/>\u2705 Patientenbetreuung<br data-start=\"724\" data-end=\"727\" \/>\u2705 Heben schwerer Lasten<br data-start=\"750\" data-end=\"753\" \/>\u2705 Alternative Antriebe &amp; Nutzfahrzeuge<\/p>\n<p data-start=\"795\" data-end=\"846\">\ud83d\udcb0 <strong data-start=\"798\" data-end=\"844\">Teilnahmegeb\u00fchr: 200 \u20ac (inkl. Verpflegung)<\/strong><\/p>\n<p data-start=\"848\" data-end=\"931\">\ud83d\udccc <strong data-start=\"851\" data-end=\"870\">JETZT ANMELDEN:<\/strong> <a href=\"https:\/\/forms.gle\/sHJCNhYWUcz96Hj99\" target=\"_new\" rel=\"noopener\" data-start=\"871\" data-end=\"929\">Zum Anmeldeformular<\/a><\/p>\n<p data-start=\"933\" data-end=\"976\">Wir freuen uns auf eure Teilnahme! \ud83d\ude92\ud83d\ude91\ud83d\udd25<\/p>\n","protected":false},"excerpt":{"rendered":"<p>Am 17. und 18. Mai 2025 findet in Rum, Tirol das TR-Camp statt \u2013 eine&#8230;<\/p>\n","protected":false},"author":10,"featured_media":7355,"comment_status":"closed","ping_status":"open","sticky":false,"template":"","format":"standard","meta":{"footnotes":""},"categories":[50,14],"tags":[],"class_list":["post-7354","post","type-post","status-publish","format-standard","has-post-thumbnail","hentry","category-50","category-san-gruppe"],"_links":{"self":[{"href":"https:\/\/www.ffrum.at\/website\/wp1\/wp-json\/wp\/v2\/posts\/7354","targetHints":{"allow":["GET"]}}],"collection":[{"href":"https:\/\/www.ffrum.at\/website\/wp1\/wp-json\/wp\/v2\/posts"}],"about":[{"href":"https:\/\/www.ffrum.at\/website\/wp1\/wp-json\/wp\/v2\/types\/post"}],"author":[{"embeddable":true,"href":"https:\/\/www.ffrum.at\/website\/wp1\/wp-json\/wp\/v2\/users\/10"}],"replies":[{"embeddable":true,"href":"https:\/\/www.ffrum.at\/website\/wp1\/wp-json\/wp\/v2\/comments?post=7354"}],"version-history":[{"count":2,"href":"https:\/\/www.ffrum.at\/website\/wp1\/wp-json\/wp\/v2\/posts\/7354\/revisions"}],"predecessor-version":[{"id":7357,"href":"https:\/\/www.ffrum.at\/website\/wp1\/wp-json\/wp\/v2\/posts\/7354\/revisions\/7357"}],"wp:featuredmedia":[{"embeddable":true,"href":"https:\/\/www.ffrum.at\/website\/wp1\/wp-json\/wp\/v2\/media\/7355"}],"wp:attachment":[{"href":"https:\/\/www.ffrum.at\/website\/wp1\/wp-json\/wp\/v2\/media?parent=7354"}],"wp:term":[{"taxonomy":"category","embeddable":true,"href":"https:\/\/www.ffrum.at\/website\/wp1\/wp-json\/wp\/v2\/categories?post=7354"},{"taxonomy":"post_tag","embeddable":true,"href":"https:\/\/www.ffrum.at\/website\/wp1\/wp-json\/wp\/v2\/tags?post=7354"}],"curies":[{"name":"wp","href":"https:\/\/api.w.org\/{rel}","templated":true}]}}