{"id":7336,"date":"2025-03-16T16:08:22","date_gmt":"2025-03-16T15:08:22","guid":{"rendered":"https:\/\/www.ffrum.at\/website\/wp1\/?p=7336"},"modified":"2026-01-08T10:24:04","modified_gmt":"2026-01-08T09:24:04","slug":"jahreshauptversammlung-der-freiwilligen-feuerwehr-rum-am-freitag-den-14-maerz-2025","status":"publish","type":"post","link":"https:\/\/www.ffrum.at\/website\/wp1\/2025\/03\/16\/jahreshauptversammlung-der-freiwilligen-feuerwehr-rum-am-freitag-den-14-maerz-2025\/","title":{"rendered":"Jahreshauptversammlung der Freiwilligen Feuerwehr Rum am Freitag, den 14. M\u00e4rz 2025"},"content":{"rendered":"<p>Am Freitag, den 14. M\u00e4rz 2025 fand im Ger\u00e4tehaus der Freiwilligen Feuerwehr Rum die 133. Jahreshauptversammlung statt.<\/p>\n<p>Nach der Feststellung der Beschlussf\u00e4higkeit konnte Kommandant HBI Romed Stocker zahlreiche Ehreng\u00e4ste, darunter Landeshauptmannstellvertreter a.D. <strong>Hans Tanzer<\/strong>, B\u00fcrgermeister <strong>Josef Karbon<\/strong>, zahlreiche <strong>Gemeinder\u00e4te<\/strong>, Kontrollinspektor 2. Kdt. Stellvertreter <strong>Bernhard Schmidt<\/strong>, vom Roten Kreuz Dr. <strong>Raphael Lamprecht<\/strong>, Abschnittskommandant <strong>Kurt Riedmann<\/strong> und Bezirksfeuerwehrkommandant <strong>Thomas Reiner<\/strong> begr\u00fc\u00dfen.<\/p>\n<p>Im Anschluss folgte eine Gedenkminute f\u00fcr unsere verstorbenen Kameraden. Im Jahr 2024 mussten wir von keinem Kameraden Abschied nehmen. Aus gegeben Anlass gedenkten wir an den k\u00fcrzlich verstorbenen Bezirksfeuerwehrkommandanten des Bezirkes Innsbruck Stadt Gerhad Mayregger. Darauf folgten die Berichte aus dem Jahr 2024 der Schriftf\u00fchrerin Michaela Posch, des Kommandanten Romed Stocker und des Kommandant Stellvertreter Philipp Schanes<\/p>\n<p>Der Gesamtmitgliederstand der Freiwilligen Feuerwehr Rum betrug mit 31.12.2024: 149 Mitglieder. Davon 84 aktive Mitglieder, 18 Feuerwehrjugendmitglieder, 15 Reservisten, 32 Mitglieder au\u00dfer Dienst.<\/p>\n<p>Die Freiwillige Feuerwehr Rum bew\u00e4ltigte im Jahr 2024 <strong>156 Eins\u00e4tze<\/strong> mit 1.655 eingesetzten Mitgliedern und 1.826 Einsatzstunden.<\/p>\n<p>Im Jahr 2024 wurden <strong>142 Gesamt\u00fcbungen<\/strong> abgehalten mit 1.523 eingesetzten Mitgliedern und 3.461 \u00dcbungs- und Schulungsstunden.<\/p>\n<p>Die T\u00e4tigkeitsstatistik zeigte <strong>943 Gesamtt\u00e4tigkeiten<\/strong> auf mit 1.806 eingesetzten Mitgliedern und 8.375 geleisteten Stunden.<\/p>\n<p>Nach dem Bericht der Kassierin Ingrid Huber und der Verlesung des Kassapr\u00fcferberichtes, wurde die Kassierin mit dem Vorstand von der Vollversammlung entlastet.<\/p>\n<p>Es folgte der Bericht des Jugendbetreuerteams durch JB Helfer Patrick Schanes: Die Feuerwehrjugend Rum bestehend aus 18 Feuerwehrjugendmitglieder hatte im Jahr 2024 3 Neueintritte und 1 \u00dcberstellung in den Aktivdienst.<\/p>\n<p>29 Jugend\u00fcbungen, 15 Bewerbs\u00fcbungen, 2 Bewerbsteilnahmen und 1 Teilnahme Zeltlager, sowie 8 zus\u00e4tzliche T\u00e4tigkeiten konnte die Feuerwehrjugend im Jahr 2024 t\u00e4tigen.<\/p>\n<p>Der n\u00e4chste Tagesordnungspunkt waren die ausstehenden Bef\u00f6rderungen vom Jahr 2024:<\/p>\n<p>Florian Nolf wurde zum Hauptfeuerwehrmann bef\u00f6rdert.<\/p>\n<p>Im Anschluss daran, bedankte sich Kommandant Romed Stocker bei Simon Karbon, der als Ger\u00e4tewart im Jahr 2024 aus dem Ausschuss ausgeschieden ist, und bei Rainer H\u00f6pperger, der seine Funktionen als Zugskommandant, Beauftragter Sanit\u00e4tsdienst und Gehilfe Atemschutzbeauftragter niedergelegt hat, f\u00fcr ihren Einsatz und ihre geleistete Arbeit mit der \u00dcberreichung eines Geschenkes.<\/p>\n<p>Danach folgte der Tagesordnungspunkt Verteilung der Lehrgangsbest\u00e4tigungen. Im Jahr wurden gesamt <strong>55 Kurse<\/strong> besucht von 26 Mitgliedern und 522 Unterrichtseinheiten. Kommandant Romed Stocker und Kommandant Stv. Philipp Schanes \u00fcberreichten im Anschluss daran noch die Bewerbsurkunden aus dem Jahr 2024.<\/p>\n<p>Zum Abschluss der Jahreshauptversammlung folgte nach den Ansprachen der anwesenden Ehreng\u00e4ste noch der Tagesordnungspunkt Allf\u00e4lliges. Abschlie\u00dfend schloss Kommandant Romed Stocker die 133. Jahreshauptversammlung mit einem dreifachen \u201eGut Heil\u201c.<\/p>\n<div id='gallery-1' class='gallery galleryid-7336 gallery-columns-3 gallery-size-thumbnail'><figure class='gallery-item'>\n\t\t\t<div class='gallery-icon landscape'>\n\t\t\t\t<a href='https:\/\/www.ffrum.at\/website\/wp1\/2025\/03\/16\/jahreshauptversammlung-der-freiwilligen-feuerwehr-rum-am-freitag-den-14-maerz-2025\/20250314_204851124_ios\/'><img loading=\"lazy\" width=\"150\" height=\"150\" src=\"https:\/\/www.ffrum.at\/website\/wp1\/wp-content\/uploads\/2025\/03\/20250314_204851124_iOS-150x150.jpg\" class=\"attachment-thumbnail size-thumbnail\" alt=\"20250314_204851124_iOS\" loading=\"lazy\" decoding=\"async\" \/><\/a>\n\t\t\t<\/div><\/figure><figure class='gallery-item'>\n\t\t\t<div class='gallery-icon landscape'>\n\t\t\t\t<a href='https:\/\/www.ffrum.at\/website\/wp1\/2025\/03\/16\/jahreshauptversammlung-der-freiwilligen-feuerwehr-rum-am-freitag-den-14-maerz-2025\/20250314_204735065_ios\/'><img loading=\"lazy\" width=\"150\" height=\"150\" src=\"https:\/\/www.ffrum.at\/website\/wp1\/wp-content\/uploads\/2025\/03\/20250314_204735065_iOS-150x150.jpg\" class=\"attachment-thumbnail size-thumbnail\" alt=\"20250314_204735065_iOS\" loading=\"lazy\" decoding=\"async\" \/><\/a>\n\t\t\t<\/div><\/figure><figure class='gallery-item'>\n\t\t\t<div class='gallery-icon landscape'>\n\t\t\t\t<a href='https:\/\/www.ffrum.at\/website\/wp1\/2025\/03\/16\/jahreshauptversammlung-der-freiwilligen-feuerwehr-rum-am-freitag-den-14-maerz-2025\/20250314_204703765_ios\/'><img loading=\"lazy\" width=\"150\" height=\"150\" src=\"https:\/\/www.ffrum.at\/website\/wp1\/wp-content\/uploads\/2025\/03\/20250314_204703765_iOS-150x150.jpg\" class=\"attachment-thumbnail size-thumbnail\" alt=\"20250314_204703765_iOS\" loading=\"lazy\" decoding=\"async\" \/><\/a>\n\t\t\t<\/div><\/figure><figure class='gallery-item'>\n\t\t\t<div class='gallery-icon portrait'>\n\t\t\t\t<a href='https:\/\/www.ffrum.at\/website\/wp1\/2025\/03\/16\/jahreshauptversammlung-der-freiwilligen-feuerwehr-rum-am-freitag-den-14-maerz-2025\/20250314_204620623_ios\/'><img loading=\"lazy\" width=\"150\" height=\"150\" src=\"https:\/\/www.ffrum.at\/website\/wp1\/wp-content\/uploads\/2025\/03\/20250314_204620623_iOS-150x150.jpg\" class=\"attachment-thumbnail size-thumbnail\" alt=\"20250314_204620623_iOS\" loading=\"lazy\" decoding=\"async\" \/><\/a>\n\t\t\t<\/div><\/figure><figure class='gallery-item'>\n\t\t\t<div class='gallery-icon landscape'>\n\t\t\t\t<a href='https:\/\/www.ffrum.at\/website\/wp1\/2025\/03\/16\/jahreshauptversammlung-der-freiwilligen-feuerwehr-rum-am-freitag-den-14-maerz-2025\/20250314_204529562_ios\/'><img loading=\"lazy\" width=\"150\" height=\"150\" src=\"https:\/\/www.ffrum.at\/website\/wp1\/wp-content\/uploads\/2025\/03\/20250314_204529562_iOS-150x150.jpg\" class=\"attachment-thumbnail size-thumbnail\" alt=\"20250314_204529562_iOS\" loading=\"lazy\" decoding=\"async\" \/><\/a>\n\t\t\t<\/div><\/figure><figure class='gallery-item'>\n\t\t\t<div class='gallery-icon landscape'>\n\t\t\t\t<a href='https:\/\/www.ffrum.at\/website\/wp1\/2025\/03\/16\/jahreshauptversammlung-der-freiwilligen-feuerwehr-rum-am-freitag-den-14-maerz-2025\/20250314_204446462_ios\/'><img loading=\"lazy\" width=\"150\" height=\"150\" src=\"https:\/\/www.ffrum.at\/website\/wp1\/wp-content\/uploads\/2025\/03\/20250314_204446462_iOS-150x150.jpg\" class=\"attachment-thumbnail size-thumbnail\" alt=\"20250314_204446462_iOS\" loading=\"lazy\" decoding=\"async\" \/><\/a>\n\t\t\t<\/div><\/figure><figure class='gallery-item'>\n\t\t\t<div class='gallery-icon landscape'>\n\t\t\t\t<a href='https:\/\/www.ffrum.at\/website\/wp1\/2025\/03\/16\/jahreshauptversammlung-der-freiwilligen-feuerwehr-rum-am-freitag-den-14-maerz-2025\/20250314_204341260_ios\/'><img loading=\"lazy\" width=\"150\" height=\"150\" src=\"https:\/\/www.ffrum.at\/website\/wp1\/wp-content\/uploads\/2025\/03\/20250314_204341260_iOS-150x150.jpg\" class=\"attachment-thumbnail size-thumbnail\" alt=\"20250314_204341260_iOS\" loading=\"lazy\" decoding=\"async\" \/><\/a>\n\t\t\t<\/div><\/figure><figure class='gallery-item'>\n\t\t\t<div class='gallery-icon landscape'>\n\t\t\t\t<a href='https:\/\/www.ffrum.at\/website\/wp1\/2025\/03\/16\/jahreshauptversammlung-der-freiwilligen-feuerwehr-rum-am-freitag-den-14-maerz-2025\/20250314_204300094_ios\/'><img loading=\"lazy\" width=\"150\" height=\"150\" src=\"https:\/\/www.ffrum.at\/website\/wp1\/wp-content\/uploads\/2025\/03\/20250314_204300094_iOS-150x150.jpg\" class=\"attachment-thumbnail size-thumbnail\" alt=\"20250314_204300094_iOS\" loading=\"lazy\" decoding=\"async\" \/><\/a>\n\t\t\t<\/div><\/figure><figure class='gallery-item'>\n\t\t\t<div class='gallery-icon landscape'>\n\t\t\t\t<a href='https:\/\/www.ffrum.at\/website\/wp1\/2025\/03\/16\/jahreshauptversammlung-der-freiwilligen-feuerwehr-rum-am-freitag-den-14-maerz-2025\/20250314_204053332_ios\/'><img loading=\"lazy\" width=\"150\" height=\"150\" src=\"https:\/\/www.ffrum.at\/website\/wp1\/wp-content\/uploads\/2025\/03\/20250314_204053332_iOS-150x150.jpg\" class=\"attachment-thumbnail size-thumbnail\" alt=\"20250314_204053332_iOS\" loading=\"lazy\" decoding=\"async\" \/><\/a>\n\t\t\t<\/div><\/figure><figure class='gallery-item'>\n\t\t\t<div class='gallery-icon landscape'>\n\t\t\t\t<a href='https:\/\/www.ffrum.at\/website\/wp1\/2025\/03\/16\/jahreshauptversammlung-der-freiwilligen-feuerwehr-rum-am-freitag-den-14-maerz-2025\/20250314_202824567_ios\/'><img loading=\"lazy\" width=\"150\" height=\"150\" src=\"https:\/\/www.ffrum.at\/website\/wp1\/wp-content\/uploads\/2025\/03\/20250314_202824567_iOS-150x150.jpg\" class=\"attachment-thumbnail size-thumbnail\" alt=\"20250314_202824567_iOS\" loading=\"lazy\" decoding=\"async\" \/><\/a>\n\t\t\t<\/div><\/figure><figure class='gallery-item'>\n\t\t\t<div class='gallery-icon landscape'>\n\t\t\t\t<a href='https:\/\/www.ffrum.at\/website\/wp1\/2025\/03\/16\/jahreshauptversammlung-der-freiwilligen-feuerwehr-rum-am-freitag-den-14-maerz-2025\/20250314_202712730_ios\/'><img loading=\"lazy\" width=\"150\" height=\"150\" src=\"https:\/\/www.ffrum.at\/website\/wp1\/wp-content\/uploads\/2025\/03\/20250314_202712730_iOS-150x150.jpg\" class=\"attachment-thumbnail size-thumbnail\" alt=\"20250314_202712730_iOS\" loading=\"lazy\" decoding=\"async\" \/><\/a>\n\t\t\t<\/div><\/figure><figure class='gallery-item'>\n\t\t\t<div class='gallery-icon landscape'>\n\t\t\t\t<a href='https:\/\/www.ffrum.at\/website\/wp1\/2025\/03\/16\/jahreshauptversammlung-der-freiwilligen-feuerwehr-rum-am-freitag-den-14-maerz-2025\/20250314_202609516_ios\/'><img loading=\"lazy\" width=\"150\" height=\"150\" src=\"https:\/\/www.ffrum.at\/website\/wp1\/wp-content\/uploads\/2025\/03\/20250314_202609516_iOS-150x150.jpg\" class=\"attachment-thumbnail size-thumbnail\" alt=\"20250314_202609516_iOS\" loading=\"lazy\" decoding=\"async\" \/><\/a>\n\t\t\t<\/div><\/figure><figure class='gallery-item'>\n\t\t\t<div class='gallery-icon portrait'>\n\t\t\t\t<a href='https:\/\/www.ffrum.at\/website\/wp1\/2025\/03\/16\/jahreshauptversammlung-der-freiwilligen-feuerwehr-rum-am-freitag-den-14-maerz-2025\/20250314_190842217_ios\/'><img loading=\"lazy\" width=\"150\" height=\"150\" src=\"https:\/\/www.ffrum.at\/website\/wp1\/wp-content\/uploads\/2025\/03\/20250314_190842217_iOS-150x150.jpg\" class=\"attachment-thumbnail size-thumbnail\" alt=\"20250314_190842217_iOS\" loading=\"lazy\" decoding=\"async\" \/><\/a>\n\t\t\t<\/div><\/figure><figure class='gallery-item'>\n\t\t\t<div class='gallery-icon landscape'>\n\t\t\t\t<a href='https:\/\/www.ffrum.at\/website\/wp1\/2025\/03\/16\/jahreshauptversammlung-der-freiwilligen-feuerwehr-rum-am-freitag-den-14-maerz-2025\/20250314_190754610_ios\/'><img loading=\"lazy\" width=\"150\" height=\"150\" src=\"https:\/\/www.ffrum.at\/website\/wp1\/wp-content\/uploads\/2025\/03\/20250314_190754610_iOS-150x150.jpg\" class=\"attachment-thumbnail size-thumbnail\" alt=\"20250314_190754610_iOS\" loading=\"lazy\" decoding=\"async\" \/><\/a>\n\t\t\t<\/div><\/figure><figure class='gallery-item'>\n\t\t\t<div class='gallery-icon portrait'>\n\t\t\t\t<a href='https:\/\/www.ffrum.at\/website\/wp1\/2025\/03\/16\/jahreshauptversammlung-der-freiwilligen-feuerwehr-rum-am-freitag-den-14-maerz-2025\/20250314_190826042_ios\/'><img loading=\"lazy\" width=\"150\" height=\"150\" src=\"https:\/\/www.ffrum.at\/website\/wp1\/wp-content\/uploads\/2025\/03\/20250314_190826042_iOS-150x150.jpg\" class=\"attachment-thumbnail size-thumbnail\" alt=\"20250314_190826042_iOS\" loading=\"lazy\" decoding=\"async\" \/><\/a>\n\t\t\t<\/div><\/figure>\n\t\t<\/div>\n\n","protected":false},"excerpt":{"rendered":"<p>Am Freitag, den 14. M\u00e4rz 2025 fand im Ger\u00e4tehaus der Freiwilligen Feuerwehr Rum die 133&#8230;.<\/p>\n","protected":false},"author":10,"featured_media":7345,"comment_status":"closed","ping_status":"open","sticky":false,"template":"","format":"standard","meta":{"footnotes":""},"categories":[50,1],"tags":[],"class_list":["post-7336","post","type-post","status-publish","format-standard","has-post-thumbnail","hentry","category-50","category-kameradschaft"],"_links":{"self":[{"href":"https:\/\/www.ffrum.at\/website\/wp1\/wp-json\/wp\/v2\/posts\/7336","targetHints":{"allow":["GET"]}}],"collection":[{"href":"https:\/\/www.ffrum.at\/website\/wp1\/wp-json\/wp\/v2\/posts"}],"about":[{"href":"https:\/\/www.ffrum.at\/website\/wp1\/wp-json\/wp\/v2\/types\/post"}],"author":[{"embeddable":true,"href":"https:\/\/www.ffrum.at\/website\/wp1\/wp-json\/wp\/v2\/users\/10"}],"replies":[{"embeddable":true,"href":"https:\/\/www.ffrum.at\/website\/wp1\/wp-json\/wp\/v2\/comments?post=7336"}],"version-history":[{"count":2,"href":"https:\/\/www.ffrum.at\/website\/wp1\/wp-json\/wp\/v2\/posts\/7336\/revisions"}],"predecessor-version":[{"id":7353,"href":"https:\/\/www.ffrum.at\/website\/wp1\/wp-json\/wp\/v2\/posts\/7336\/revisions\/7353"}],"wp:featuredmedia":[{"embeddable":true,"href":"https:\/\/www.ffrum.at\/website\/wp1\/wp-json\/wp\/v2\/media\/7345"}],"wp:attachment":[{"href":"https:\/\/www.ffrum.at\/website\/wp1\/wp-json\/wp\/v2\/media?parent=7336"}],"wp:term":[{"taxonomy":"category","embeddable":true,"href":"https:\/\/www.ffrum.at\/website\/wp1\/wp-json\/wp\/v2\/categories?post=7336"},{"taxonomy":"post_tag","embeddable":true,"href":"https:\/\/www.ffrum.at\/website\/wp1\/wp-json\/wp\/v2\/tags?post=7336"}],"curies":[{"name":"wp","href":"https:\/\/api.w.org\/{rel}","templated":true}]}}