{"id":7321,"date":"2025-03-10T23:18:02","date_gmt":"2025-03-10T22:18:02","guid":{"rendered":"https:\/\/www.ffrum.at\/website\/wp1\/?p=7321"},"modified":"2026-01-08T10:24:04","modified_gmt":"2026-01-08T09:24:04","slug":"erha-tec-firetraining-vom-07-08-03-2025","status":"publish","type":"post","link":"https:\/\/www.ffrum.at\/website\/wp1\/2025\/03\/10\/erha-tec-firetraining-vom-07-08-03-2025\/","title":{"rendered":"ERHA-TEC Firetraining vom 07-08.03.2025"},"content":{"rendered":"<p>Vom 7. bis 8. M\u00e4rz nahmen vier Mitglieder der Freiwilligen Feuerwehr Rum \u2013 Florian Gahl, Philipp Schanes, Anton Lechner und Valentin Winter \u2013 an einem speziellen Atemschutztraining der ERHA-TEC Firetraining GmbH in B\u00f6blingen, Deutschland, teil.<\/p>\n<p>Die Schulung beinhaltete intensive praktische \u00dcbungen, darunter das anspruchsvolle Flash-Over-Training. Ein Flash-Over bezeichnet das pl\u00f6tzliche Entz\u00fcnden aller brennbaren Materialien in einem Raum, eine \u00e4u\u00dferst gef\u00e4hrliche Situation, die spezielles Wissen und gezieltes Training erfordert. Neben dem Flash-Over-Training wurden unsere Mitglieder in weiteren wichtigen Bereichen geschult:<\/p>\n<p><strong>Hitzebest\u00e4ndigkeit und Schutzkleidung:<\/strong> Die Teilnehmer lernten, wie sie sich unter extremen Bedingungen richtig verhalten und welche Schutzkleidung notwendig ist.<\/p>\n<p><strong>Taktisches Vorgehen:<\/strong> Es wurden verschiedene Taktiken trainiert, um sicher und effizient in verrauchten und hitzeintensiven Umgebungen agieren zu k\u00f6nnen.<\/p>\n<p><strong>Teamarbeit und Kommunikation:<\/strong> Klare Kommunikation und effektive Zusammenarbeit wurden durch praxisnahe \u00dcbungen intensiv geschult.<\/p>\n<p><strong>K\u00fchlung von Rauchgasen:<\/strong> Unsere Mitglieder erhielten spezielle Anweisungen zur richtigen K\u00fchlung von Rauchgasen, um die Gefahr eines Flashovers zu minimieren und die Sichtverh\u00e4ltnisse im Brandraum zu verbessern.<\/p>\n<p><strong>L\u00f6schtechniken:<\/strong> Verschiedene L\u00f6schmethoden wurden praxisnah erprobt, um Br\u00e4nde effizient und sicher zu bek\u00e4mpfen.<\/p>\n<p>Diese Weiterbildung hat dazu beigetragen, dass unsere Mitglieder ihr Wissen und ihre F\u00e4higkeiten im Bereich Atemschutz weiter vertiefen konnten. Solche Schulungen sind essenziell, um sicherzustellen, dass unsere Einsatzkr\u00e4fte bestm\u00f6glich auf gef\u00e4hrliche Situationen vorbereitet sind.<\/p>\n<div id='gallery-1' class='gallery galleryid-7321 gallery-columns-3 gallery-size-thumbnail'><figure class='gallery-item'>\n\t\t\t<div class='gallery-icon landscape'>\n\t\t\t\t<a href='https:\/\/www.ffrum.at\/website\/wp1\/2025\/03\/10\/erha-tec-firetraining-vom-07-08-03-2025\/7ee9d81a-1173-4cac-8e2d-e1853f0b9c3d\/'><img loading=\"lazy\" width=\"150\" height=\"150\" src=\"https:\/\/www.ffrum.at\/website\/wp1\/wp-content\/uploads\/2025\/03\/7ee9d81a-1173-4cac-8e2d-e1853f0b9c3d-150x150.jpeg\" class=\"attachment-thumbnail size-thumbnail\" alt=\"7ee9d81a-1173-4cac-8e2d-e1853f0b9c3d\" loading=\"lazy\" decoding=\"async\" \/><\/a>\n\t\t\t<\/div><\/figure><figure class='gallery-item'>\n\t\t\t<div class='gallery-icon portrait'>\n\t\t\t\t<a href='https:\/\/www.ffrum.at\/website\/wp1\/2025\/03\/10\/erha-tec-firetraining-vom-07-08-03-2025\/0a041111-2f24-4cda-8771-93505a5a62db\/'><img loading=\"lazy\" width=\"150\" height=\"150\" src=\"https:\/\/www.ffrum.at\/website\/wp1\/wp-content\/uploads\/2025\/03\/0a041111-2f24-4cda-8771-93505a5a62db-150x150.jpeg\" class=\"attachment-thumbnail size-thumbnail\" alt=\"0a041111-2f24-4cda-8771-93505a5a62db\" loading=\"lazy\" decoding=\"async\" \/><\/a>\n\t\t\t<\/div><\/figure><figure class='gallery-item'>\n\t\t\t<div class='gallery-icon portrait'>\n\t\t\t\t<a href='https:\/\/www.ffrum.at\/website\/wp1\/2025\/03\/10\/erha-tec-firetraining-vom-07-08-03-2025\/02becfbf-00a6-4809-8bcc-95730e6bbb8a\/'><img loading=\"lazy\" width=\"150\" height=\"150\" src=\"https:\/\/www.ffrum.at\/website\/wp1\/wp-content\/uploads\/2025\/03\/02becfbf-00a6-4809-8bcc-95730e6bbb8a-150x150.jpeg\" class=\"attachment-thumbnail size-thumbnail\" alt=\"02becfbf-00a6-4809-8bcc-95730e6bbb8a\" loading=\"lazy\" decoding=\"async\" \/><\/a>\n\t\t\t<\/div><\/figure>\n\t\t<\/div>\n\n","protected":false},"excerpt":{"rendered":"<p>Vom 7. bis 8. M\u00e4rz nahmen vier Mitglieder der Freiwilligen Feuerwehr Rum \u2013 Florian Gahl,&#8230;<\/p>\n","protected":false},"author":10,"featured_media":7325,"comment_status":"closed","ping_status":"open","sticky":false,"template":"","format":"standard","meta":{"footnotes":""},"categories":[50,45],"tags":[],"class_list":["post-7321","post","type-post","status-publish","format-standard","has-post-thumbnail","hentry","category-50","category-atemschutz"],"_links":{"self":[{"href":"https:\/\/www.ffrum.at\/website\/wp1\/wp-json\/wp\/v2\/posts\/7321","targetHints":{"allow":["GET"]}}],"collection":[{"href":"https:\/\/www.ffrum.at\/website\/wp1\/wp-json\/wp\/v2\/posts"}],"about":[{"href":"https:\/\/www.ffrum.at\/website\/wp1\/wp-json\/wp\/v2\/types\/post"}],"author":[{"embeddable":true,"href":"https:\/\/www.ffrum.at\/website\/wp1\/wp-json\/wp\/v2\/users\/10"}],"replies":[{"embeddable":true,"href":"https:\/\/www.ffrum.at\/website\/wp1\/wp-json\/wp\/v2\/comments?post=7321"}],"version-history":[{"count":2,"href":"https:\/\/www.ffrum.at\/website\/wp1\/wp-json\/wp\/v2\/posts\/7321\/revisions"}],"predecessor-version":[{"id":7328,"href":"https:\/\/www.ffrum.at\/website\/wp1\/wp-json\/wp\/v2\/posts\/7321\/revisions\/7328"}],"wp:featuredmedia":[{"embeddable":true,"href":"https:\/\/www.ffrum.at\/website\/wp1\/wp-json\/wp\/v2\/media\/7325"}],"wp:attachment":[{"href":"https:\/\/www.ffrum.at\/website\/wp1\/wp-json\/wp\/v2\/media?parent=7321"}],"wp:term":[{"taxonomy":"category","embeddable":true,"href":"https:\/\/www.ffrum.at\/website\/wp1\/wp-json\/wp\/v2\/categories?post=7321"},{"taxonomy":"post_tag","embeddable":true,"href":"https:\/\/www.ffrum.at\/website\/wp1\/wp-json\/wp\/v2\/tags?post=7321"}],"curies":[{"name":"wp","href":"https:\/\/api.w.org\/{rel}","templated":true}]}}