{"id":7274,"date":"2025-02-24T18:39:42","date_gmt":"2025-02-24T17:39:42","guid":{"rendered":"https:\/\/www.ffrum.at\/website\/wp1\/?p=7274"},"modified":"2026-01-08T10:25:00","modified_gmt":"2026-01-08T09:25:00","slug":"besichtigung-der-bestattung-neumair-am-17-februar-2025","status":"publish","type":"post","link":"https:\/\/www.ffrum.at\/website\/wp1\/2025\/02\/24\/besichtigung-der-bestattung-neumair-am-17-februar-2025\/","title":{"rendered":"Besichtigung der Bestattung Neumair am 17. Februar 2025"},"content":{"rendered":"<p data-start=\"61\" data-end=\"360\">Am 17. Februar 2025 hatten wir von der San\/Tec-Gruppe der Freiwilligen Feuerwehr Rum die Gelegenheit, die Bestattung Neumair zu besichtigen. Unter der Leitung von Christine Pernlochner erhielten wir spannende Einblicke in die Arbeit eines Bestattungsunternehmens und einen Blick hinter die Kulissen.<\/p>\n<p data-start=\"362\" data-end=\"796\">Christine Pernlochner nahm sich viel Zeit, uns den Weg vom Diesseits ins Jenseits n\u00e4herzubringen. Mit ihrer humorvollen und offenen Art gelang es ihr, uns ein nicht ganz einfaches Thema auf eine angenehme Weise n\u00e4herzubringen. Es war eine wirklich interessante und lehrreiche Erfahrung, die uns nicht nur die verschiedenen Aspekte der Bestattung zeigte, sondern auch ein neues Verst\u00e4ndnis f\u00fcr die Arbeit in diesem Bereich vermittelte.<\/p>\n<p data-start=\"798\" data-end=\"1004\" data-is-last-node=\"\" data-is-only-node=\"\">Wir m\u00f6chten uns ganz herzlich bei Christine Pernlochner f\u00fcr die tolle F\u00fchrung bedanken und freuen uns auf zuk\u00fcnftige Treffen. Es war ein eindrucksvoller Abend, der uns noch lange in Erinnerung bleiben wird.<\/p>\n<div id='gallery-1' class='gallery galleryid-7274 gallery-columns-3 gallery-size-thumbnail'><figure class='gallery-item'>\n\t\t\t<div class='gallery-icon landscape'>\n\t\t\t\t<a href='https:\/\/www.ffrum.at\/website\/wp1\/2025\/02\/24\/besichtigung-der-bestattung-neumair-am-17-februar-2025\/whatsapp-bild-2025-02-24-um-18-37-28_ca92c108\/'><img loading=\"lazy\" width=\"150\" height=\"150\" src=\"https:\/\/www.ffrum.at\/website\/wp1\/wp-content\/uploads\/2025\/02\/WhatsApp-Bild-2025-02-24-um-18.37.28_ca92c108-150x150.jpg\" class=\"attachment-thumbnail size-thumbnail\" alt=\"WhatsApp Bild 2025-02-24 um 18.37.28_ca92c108\" loading=\"lazy\" decoding=\"async\" \/><\/a>\n\t\t\t<\/div><\/figure>\n\t\t<\/div>\n\n","protected":false},"excerpt":{"rendered":"<p>Am 17. Februar 2025 hatten wir von der San\/Tec-Gruppe der Freiwilligen Feuerwehr Rum die Gelegenheit,&#8230;<\/p>\n","protected":false},"author":10,"featured_media":7276,"comment_status":"closed","ping_status":"open","sticky":false,"template":"","format":"standard","meta":{"footnotes":""},"categories":[50,1],"tags":[],"class_list":["post-7274","post","type-post","status-publish","format-standard","has-post-thumbnail","hentry","category-50","category-kameradschaft"],"_links":{"self":[{"href":"https:\/\/www.ffrum.at\/website\/wp1\/wp-json\/wp\/v2\/posts\/7274","targetHints":{"allow":["GET"]}}],"collection":[{"href":"https:\/\/www.ffrum.at\/website\/wp1\/wp-json\/wp\/v2\/posts"}],"about":[{"href":"https:\/\/www.ffrum.at\/website\/wp1\/wp-json\/wp\/v2\/types\/post"}],"author":[{"embeddable":true,"href":"https:\/\/www.ffrum.at\/website\/wp1\/wp-json\/wp\/v2\/users\/10"}],"replies":[{"embeddable":true,"href":"https:\/\/www.ffrum.at\/website\/wp1\/wp-json\/wp\/v2\/comments?post=7274"}],"version-history":[{"count":2,"href":"https:\/\/www.ffrum.at\/website\/wp1\/wp-json\/wp\/v2\/posts\/7274\/revisions"}],"predecessor-version":[{"id":7277,"href":"https:\/\/www.ffrum.at\/website\/wp1\/wp-json\/wp\/v2\/posts\/7274\/revisions\/7277"}],"wp:featuredmedia":[{"embeddable":true,"href":"https:\/\/www.ffrum.at\/website\/wp1\/wp-json\/wp\/v2\/media\/7276"}],"wp:attachment":[{"href":"https:\/\/www.ffrum.at\/website\/wp1\/wp-json\/wp\/v2\/media?parent=7274"}],"wp:term":[{"taxonomy":"category","embeddable":true,"href":"https:\/\/www.ffrum.at\/website\/wp1\/wp-json\/wp\/v2\/categories?post=7274"},{"taxonomy":"post_tag","embeddable":true,"href":"https:\/\/www.ffrum.at\/website\/wp1\/wp-json\/wp\/v2\/tags?post=7274"}],"curies":[{"name":"wp","href":"https:\/\/api.w.org\/{rel}","templated":true}]}}