{"id":7210,"date":"2025-01-23T20:59:25","date_gmt":"2025-01-23T19:59:25","guid":{"rendered":"https:\/\/www.ffrum.at\/website\/wp1\/?p=7210"},"modified":"2026-01-08T10:23:43","modified_gmt":"2026-01-08T09:23:43","slug":"eisuebung-der-san-tec-gruppe-am-20-01-2025","status":"publish","type":"post","link":"https:\/\/www.ffrum.at\/website\/wp1\/2025\/01\/23\/eisuebung-der-san-tec-gruppe-am-20-01-2025\/","title":{"rendered":"Eis\u00fcbung der San\/Tec Gruppe am 20.01.2025"},"content":{"rendered":"<p>Am Montag, den 20. Januar 2025, fand nach jahrelangen Verschiebungen endlich die mit Spannung erwartete Eis\u00fcbung der Freiwilligen Feuerwehr Rum statt. Ziel der \u00dcbung war es, das Team auf einen Rettungseinsatz bei einem Sturz ins Eis vorzubereiten \u2013 ein Szenario, das sowohl schnelles Handeln als auch Erfahrung verlangt. Um die \u00dcbung so realistisch wie m\u00f6glich zu gestalten, wagte sich unser Manni, auch bekannt als \u201eEisprinzessin\u201c, in die kalten Fluten des R\u00f6merparks. Dieser mutige Schritt stellte sicher, dass die Einsatzkr\u00e4fte mit den extremen Bedingungen eines realen Einsatzes vertraut gemacht wurden.<\/p>\n<p>Nach einem kurzen theoretischen Teil, in dem die wichtigsten Grundlagen zur Eisrettung besprochen wurden, machten sich die Einsatzkr\u00e4fte auf den Weg zum Unfallort. Eine Person war im R\u00f6merpark eingebrochen \u2013 ein gef\u00e4hrlicher Vorfall, bei dem jede Minute z\u00e4hlte. Umso mehr, da es f\u00fcr die meisten keine Option war, wie unser Manni, als Apnoetaucher mit einer hohen K\u00e4ltetoleranz, in den eisigen Gew\u00e4ssern zu bleiben.<br \/>\nOhne z\u00fcgiges Handeln konnte die Person rasch unterk\u00fchlen. Dank des schnellen und gut koordinierten Einsatzes der Feuerwehrkr\u00e4fte konnte die \u201eEisprinzessin\u201c nach wenigen Minuten unverletzt aus den kalten Fluten gerettet werden. Die \u00dcbung zeigte eindrucksvoll, wie wichtig schnelle Reaktionen und fundiertes Wissen im Umgang mit Eins\u00e4tzen dieser Art sind.<\/p>\n<p>Zum Ausklang der gelungenen \u00dcbung versammelten sich alle Beteiligten im Feuerwehrhaus, wo bei einem gem\u00fctlichen Beisammensein mit Fish &amp; Chips der Abend ausklingen konnte.<\/p>\n<div id='gallery-1' class='gallery galleryid-7210 gallery-columns-3 gallery-size-thumbnail'><figure class='gallery-item'>\n\t\t\t<div class='gallery-icon portrait'>\n\t\t\t\t<a href='https:\/\/www.ffrum.at\/website\/wp1\/2025\/01\/23\/eisuebung-der-san-tec-gruppe-am-20-01-2025\/20250120_184003629_ios\/'><img loading=\"lazy\" width=\"150\" height=\"150\" src=\"https:\/\/www.ffrum.at\/website\/wp1\/wp-content\/uploads\/2025\/01\/20250120_184003629_iOS-150x150.jpg\" class=\"attachment-thumbnail size-thumbnail\" alt=\"20250120_184003629_iOS\" loading=\"lazy\" decoding=\"async\" \/><\/a>\n\t\t\t<\/div><\/figure><figure class='gallery-item'>\n\t\t\t<div class='gallery-icon landscape'>\n\t\t\t\t<a href='https:\/\/www.ffrum.at\/website\/wp1\/2025\/01\/23\/eisuebung-der-san-tec-gruppe-am-20-01-2025\/20250120_184131851_ios\/'><img loading=\"lazy\" width=\"150\" height=\"150\" src=\"https:\/\/www.ffrum.at\/website\/wp1\/wp-content\/uploads\/2025\/01\/20250120_184131851_iOS-150x150.jpg\" class=\"attachment-thumbnail size-thumbnail\" alt=\"20250120_184131851_iOS\" loading=\"lazy\" decoding=\"async\" \/><\/a>\n\t\t\t<\/div><\/figure><figure class='gallery-item'>\n\t\t\t<div class='gallery-icon portrait'>\n\t\t\t\t<a href='https:\/\/www.ffrum.at\/website\/wp1\/2025\/01\/23\/eisuebung-der-san-tec-gruppe-am-20-01-2025\/20250120_190736697_ios\/'><img loading=\"lazy\" width=\"150\" height=\"150\" src=\"https:\/\/www.ffrum.at\/website\/wp1\/wp-content\/uploads\/2025\/01\/20250120_190736697_iOS-150x150.jpg\" class=\"attachment-thumbnail size-thumbnail\" alt=\"20250120_190736697_iOS\" loading=\"lazy\" decoding=\"async\" \/><\/a>\n\t\t\t<\/div><\/figure><figure class='gallery-item'>\n\t\t\t<div class='gallery-icon landscape'>\n\t\t\t\t<a href='https:\/\/www.ffrum.at\/website\/wp1\/2025\/01\/23\/eisuebung-der-san-tec-gruppe-am-20-01-2025\/20250120_191111564_ios\/'><img loading=\"lazy\" width=\"150\" height=\"150\" src=\"https:\/\/www.ffrum.at\/website\/wp1\/wp-content\/uploads\/2025\/01\/20250120_191111564_iOS-150x150.jpg\" class=\"attachment-thumbnail size-thumbnail\" alt=\"20250120_191111564_iOS\" loading=\"lazy\" decoding=\"async\" \/><\/a>\n\t\t\t<\/div><\/figure><figure class='gallery-item'>\n\t\t\t<div class='gallery-icon landscape'>\n\t\t\t\t<a href='https:\/\/www.ffrum.at\/website\/wp1\/2025\/01\/23\/eisuebung-der-san-tec-gruppe-am-20-01-2025\/20250120_191150853_ios\/'><img loading=\"lazy\" width=\"150\" height=\"150\" src=\"https:\/\/www.ffrum.at\/website\/wp1\/wp-content\/uploads\/2025\/01\/20250120_191150853_iOS-150x150.jpg\" class=\"attachment-thumbnail size-thumbnail\" alt=\"20250120_191150853_iOS\" loading=\"lazy\" decoding=\"async\" \/><\/a>\n\t\t\t<\/div><\/figure><figure class='gallery-item'>\n\t\t\t<div class='gallery-icon landscape'>\n\t\t\t\t<a href='https:\/\/www.ffrum.at\/website\/wp1\/2025\/01\/23\/eisuebung-der-san-tec-gruppe-am-20-01-2025\/20250120_191157183_ios\/'><img loading=\"lazy\" width=\"150\" height=\"150\" src=\"https:\/\/www.ffrum.at\/website\/wp1\/wp-content\/uploads\/2025\/01\/20250120_191157183_iOS-150x150.jpg\" class=\"attachment-thumbnail size-thumbnail\" alt=\"20250120_191157183_iOS\" loading=\"lazy\" decoding=\"async\" \/><\/a>\n\t\t\t<\/div><\/figure><figure class='gallery-item'>\n\t\t\t<div class='gallery-icon landscape'>\n\t\t\t\t<a href='https:\/\/www.ffrum.at\/website\/wp1\/2025\/01\/23\/eisuebung-der-san-tec-gruppe-am-20-01-2025\/20250120_191316406_ios\/'><img loading=\"lazy\" width=\"150\" height=\"150\" src=\"https:\/\/www.ffrum.at\/website\/wp1\/wp-content\/uploads\/2025\/01\/20250120_191316406_iOS-150x150.jpg\" class=\"attachment-thumbnail size-thumbnail\" alt=\"20250120_191316406_iOS\" loading=\"lazy\" decoding=\"async\" \/><\/a>\n\t\t\t<\/div><\/figure><figure class='gallery-item'>\n\t\t\t<div class='gallery-icon landscape'>\n\t\t\t\t<a href='https:\/\/www.ffrum.at\/website\/wp1\/2025\/01\/23\/eisuebung-der-san-tec-gruppe-am-20-01-2025\/20250120_191639859_ios\/'><img loading=\"lazy\" width=\"150\" height=\"150\" src=\"https:\/\/www.ffrum.at\/website\/wp1\/wp-content\/uploads\/2025\/01\/20250120_191639859_iOS-150x150.jpg\" class=\"attachment-thumbnail size-thumbnail\" alt=\"20250120_191639859_iOS\" loading=\"lazy\" decoding=\"async\" \/><\/a>\n\t\t\t<\/div><\/figure>\n\t\t<\/div>\n\n","protected":false},"excerpt":{"rendered":"<p>Am Montag, den 20. Januar 2025, fand nach jahrelangen Verschiebungen endlich die mit Spannung erwartete&#8230;<\/p>\n","protected":false},"author":10,"featured_media":7212,"comment_status":"closed","ping_status":"open","sticky":false,"template":"","format":"standard","meta":{"footnotes":""},"categories":[50,14],"tags":[],"class_list":["post-7210","post","type-post","status-publish","format-standard","has-post-thumbnail","hentry","category-50","category-san-gruppe"],"_links":{"self":[{"href":"https:\/\/www.ffrum.at\/website\/wp1\/wp-json\/wp\/v2\/posts\/7210","targetHints":{"allow":["GET"]}}],"collection":[{"href":"https:\/\/www.ffrum.at\/website\/wp1\/wp-json\/wp\/v2\/posts"}],"about":[{"href":"https:\/\/www.ffrum.at\/website\/wp1\/wp-json\/wp\/v2\/types\/post"}],"author":[{"embeddable":true,"href":"https:\/\/www.ffrum.at\/website\/wp1\/wp-json\/wp\/v2\/users\/10"}],"replies":[{"embeddable":true,"href":"https:\/\/www.ffrum.at\/website\/wp1\/wp-json\/wp\/v2\/comments?post=7210"}],"version-history":[{"count":2,"href":"https:\/\/www.ffrum.at\/website\/wp1\/wp-json\/wp\/v2\/posts\/7210\/revisions"}],"predecessor-version":[{"id":7220,"href":"https:\/\/www.ffrum.at\/website\/wp1\/wp-json\/wp\/v2\/posts\/7210\/revisions\/7220"}],"wp:featuredmedia":[{"embeddable":true,"href":"https:\/\/www.ffrum.at\/website\/wp1\/wp-json\/wp\/v2\/media\/7212"}],"wp:attachment":[{"href":"https:\/\/www.ffrum.at\/website\/wp1\/wp-json\/wp\/v2\/media?parent=7210"}],"wp:term":[{"taxonomy":"category","embeddable":true,"href":"https:\/\/www.ffrum.at\/website\/wp1\/wp-json\/wp\/v2\/categories?post=7210"},{"taxonomy":"post_tag","embeddable":true,"href":"https:\/\/www.ffrum.at\/website\/wp1\/wp-json\/wp\/v2\/tags?post=7210"}],"curies":[{"name":"wp","href":"https:\/\/api.w.org\/{rel}","templated":true}]}}