{"id":7159,"date":"2024-12-18T18:19:45","date_gmt":"2024-12-18T17:19:45","guid":{"rendered":"https:\/\/www.ffrum.at\/website\/wp1\/?p=7159"},"modified":"2025-03-16T22:42:42","modified_gmt":"2025-03-16T21:42:42","slug":"geschenkuebergabe-im-einsatz-fuer-kinderweihnachtswuensche","status":"publish","type":"post","link":"https:\/\/www.ffrum.at\/website\/wp1\/2024\/12\/18\/geschenkuebergabe-im-einsatz-fuer-kinderweihnachtswuensche\/","title":{"rendered":"Geschenk\u00fcbergabe im Einsatz f\u00fcr Kinderweihnachtsw\u00fcnsche"},"content":{"rendered":"<p class=\"s3\"><span class=\"s4\"><span class=\"bumpedFont15\">Auch heuer r\u00fcckt die Freiwillige Feuerwehr Rum wieder zu einem ganz besonderen Einsatz aus:<\/span><\/span><\/p>\n<p class=\"s3\"><span class=\"s5\"><span class=\"bumpedFont15\">\u201eIm Einsatz f\u00fcr Kinderweihnachtsw\u00fcnsche\u201c <\/span><\/span><\/p>\n<p class=\"s3\"><span class=\"s4\"><span class=\"bumpedFont15\">F\u00fcr diese Aktion konnte <\/span><\/span><span class=\"s4\"><span class=\"bumpedFont15\">sich Familien die auf finanzielle Hilfe angewiesen sind,<\/span><\/span><span class=\"s4\"><span class=\"bumpedFont15\"> bis 10. November 2024 bei der Gemeinde Rum bewerben. <\/span><\/span><\/p>\n<p class=\"s3\"><span class=\"s4\"><span class=\"bumpedFont15\">13 <\/span><\/span><span class=\"s4\"><span class=\"bumpedFont15\">Rumer<\/span><\/span><span class=\"s4\"><span class=\"bumpedFont15\"> Kinder und ihre Weihnachtsw\u00fcnsche wurden den Helfern der FF Rum gemeldet. <\/span><\/span><\/p>\n<p class=\"s3\"><span class=\"s4\"><span class=\"bumpedFont15\">Die Einsatzhelfer machten sich auf den Weg um die W\u00fcnsche der Kinder zu erf\u00fcllen. Am Montag, 16. Dezember 2024 konnten die Geschenke an die Vizeb\u00fcrgermeisterin Sabine <\/span><\/span><span class=\"s4\"><span class=\"bumpedFont15\">H\u00f6lbling<\/span><\/span><span class=\"s4\"><span class=\"bumpedFont15\"> \u00fcbergeben werden. Die Familien bleiben anonym und k\u00f6nnen das Weihnachtsgeschenk f\u00fcr ihr Kind in der Gemeinde abholen. <\/span><\/span><\/p>\n<p class=\"s3\"><span class=\"s4\"><span class=\"bumpedFont15\">Die Aktion wird einerseits aus dem Erl\u00f6s der Veranstaltung am <\/span><\/span><span class=\"s4\"><span class=\"bumpedFont15\">Sonntag, den <\/span><\/span><span class=\"s4\"><span class=\"bumpedFont15\">22.12.2024 im Ger\u00e4tehaus, von den Spendengeldern der Friedenslichtaktion und von Sponsoren finanziert. <\/span><\/span><\/p>\n<p class=\"s3\"><span class=\"s4\"><span class=\"bumpedFont15\">Daher freut sich die Freiwillige Feuerwehr Rum auf Ihren Besuch am 22.12.2024 von 18:00 -21:00 Uhr. <\/span><\/span><\/p>\n<p class=\"s3\"><span class=\"s4\"><span class=\"bumpedFont15\">F\u00fcr Speis und Trank wird bestens gesorgt sein: Punsch, Gl\u00fchwein, <\/span><\/span><span class=\"s4\"><span class=\"bumpedFont15\">Kiachl<\/span><\/span><span class=\"s4\"><span class=\"bumpedFont15\"> mit Sauerkraut, Preiselbeeren oder Zimt<\/span><\/span> <span class=\"s4\"><span class=\"bumpedFont15\">&amp;<\/span><\/span> <span class=\"s4\"><span class=\"bumpedFont15\">Zucker, Pommes frites f\u00fcr die Kinder.<\/span><\/span><\/p>\n<p class=\"s3\"><span class=\"s4\"><span class=\"bumpedFont15\">Ebenso gibt es die M\u00f6glichkeit <\/span><\/span><span class=\"s4\"><span class=\"bumpedFont15\">am Sonntag, den 22.12.2024 <\/span><\/span><span class=\"s4\"><span class=\"bumpedFont15\">das Friedenslicht<\/span><\/span><span class=\"s4\"><span class=\"bumpedFont15\"> in der Zeit von 18:00 \u2013 21:00 Uhr im Ger\u00e4thaus<\/span><\/span><span class=\"s4\"><span class=\"bumpedFont15\"> abzuholen.<\/span><\/span><\/p>\n<p class=\"s3\"><span class=\"s4\"><span class=\"bumpedFont15\">Vor Ort k\u00f6nnen Friedenslichtkerzen f\u00fcr 5 \u20ac erworben werden.<\/span><\/span><\/p>\n<p class=\"s3\"><span class=\"s4\"><span class=\"bumpedFont15\">Der gesamte Erl\u00f6s kommt der Aktion \u201eIm Einsatz f\u00fcr Kinderweihnachtsw\u00fcnsche\u201c zu Gute. <\/span><\/span><\/p>\n<p class=\"s3\"><span class=\"s4\"><span class=\"bumpedFont15\">Wir <\/span><\/span><span class=\"s4\"><span class=\"bumpedFont15\">bedanken uns<\/span><\/span><span class=\"s4\"><span class=\"bumpedFont15\"> schon im vor hinein <\/span><\/span><span class=\"s4\"><span class=\"bumpedFont15\">f\u00fcr ihre Spende <\/span><\/span><span class=\"s4\"><span class=\"bumpedFont15\">und w\u00fcnschen allen <\/span><\/span><span class=\"s4\"><span class=\"bumpedFont15\">Rumer<\/span><\/span><span class=\"s4\"><span class=\"bumpedFont15\"> B\u00fcrgern e<\/span><\/span><span class=\"s4\"><span class=\"bumpedFont15\">ine besinnliche und sch\u00f6ne <\/span><\/span><span class=\"s4\"><span class=\"bumpedFont15\">Weihnachtszeit!<\/span><\/span><\/p>\n<p class=\"s3\"><img fetchpriority=\"high\" decoding=\"async\" class=\"alignnone size-medium wp-image-7162\" src=\"https:\/\/www.ffrum.at\/website\/wp1\/wp-content\/uploads\/2024\/12\/IMG_4389-224x300.jpeg\" alt=\"\" width=\"224\" height=\"300\" srcset=\"https:\/\/www.ffrum.at\/website\/wp1\/wp-content\/uploads\/2024\/12\/IMG_4389-224x300.jpeg 224w, https:\/\/www.ffrum.at\/website\/wp1\/wp-content\/uploads\/2024\/12\/IMG_4389-766x1024.jpeg 766w, https:\/\/www.ffrum.at\/website\/wp1\/wp-content\/uploads\/2024\/12\/IMG_4389-768x1027.jpeg 768w, https:\/\/www.ffrum.at\/website\/wp1\/wp-content\/uploads\/2024\/12\/IMG_4389-1024x1369.jpeg 1024w, https:\/\/www.ffrum.at\/website\/wp1\/wp-content\/uploads\/2024\/12\/IMG_4389.jpeg 1146w\" sizes=\"(max-width: 224px) 100vw, 224px\" \/><\/p>\n","protected":false},"excerpt":{"rendered":"<p>Auch heuer r\u00fcckt die Freiwillige Feuerwehr Rum wieder zu einem ganz besonderen Einsatz aus: \u201eIm&#8230;<\/p>\n","protected":false},"author":5,"featured_media":7161,"comment_status":"closed","ping_status":"open","sticky":false,"template":"","format":"standard","meta":{"footnotes":""},"categories":[49,1],"tags":[],"class_list":["post-7159","post","type-post","status-publish","format-standard","has-post-thumbnail","hentry","category-49","category-kameradschaft"],"_links":{"self":[{"href":"https:\/\/www.ffrum.at\/website\/wp1\/wp-json\/wp\/v2\/posts\/7159","targetHints":{"allow":["GET"]}}],"collection":[{"href":"https:\/\/www.ffrum.at\/website\/wp1\/wp-json\/wp\/v2\/posts"}],"about":[{"href":"https:\/\/www.ffrum.at\/website\/wp1\/wp-json\/wp\/v2\/types\/post"}],"author":[{"embeddable":true,"href":"https:\/\/www.ffrum.at\/website\/wp1\/wp-json\/wp\/v2\/users\/5"}],"replies":[{"embeddable":true,"href":"https:\/\/www.ffrum.at\/website\/wp1\/wp-json\/wp\/v2\/comments?post=7159"}],"version-history":[{"count":4,"href":"https:\/\/www.ffrum.at\/website\/wp1\/wp-json\/wp\/v2\/posts\/7159\/revisions"}],"predecessor-version":[{"id":7166,"href":"https:\/\/www.ffrum.at\/website\/wp1\/wp-json\/wp\/v2\/posts\/7159\/revisions\/7166"}],"wp:featuredmedia":[{"embeddable":true,"href":"https:\/\/www.ffrum.at\/website\/wp1\/wp-json\/wp\/v2\/media\/7161"}],"wp:attachment":[{"href":"https:\/\/www.ffrum.at\/website\/wp1\/wp-json\/wp\/v2\/media?parent=7159"}],"wp:term":[{"taxonomy":"category","embeddable":true,"href":"https:\/\/www.ffrum.at\/website\/wp1\/wp-json\/wp\/v2\/categories?post=7159"},{"taxonomy":"post_tag","embeddable":true,"href":"https:\/\/www.ffrum.at\/website\/wp1\/wp-json\/wp\/v2\/tags?post=7159"}],"curies":[{"name":"wp","href":"https:\/\/api.w.org\/{rel}","templated":true}]}}