{"id":7126,"date":"2024-12-08T17:28:09","date_gmt":"2024-12-08T16:28:09","guid":{"rendered":"https:\/\/www.ffrum.at\/website\/wp1\/?p=7126"},"modified":"2025-03-16T22:30:18","modified_gmt":"2025-03-16T21:30:18","slug":"ein-hoch-auf-das-brautpaar-jennifer-und-martin","status":"publish","type":"post","link":"https:\/\/www.ffrum.at\/website\/wp1\/2024\/12\/08\/ein-hoch-auf-das-brautpaar-jennifer-und-martin\/","title":{"rendered":"Ein Hoch auf das Brautpaar &#8211; Jennifer und Martin"},"content":{"rendered":"<p>Am 07.Dezember gab unser Kamerad Martin seiner Jennifer das \u201eJa\u201c Wort.<\/p>\n<p>Das Kommando folgte der Einladung des Brautpaares und durfte die freie Trauung in Seefeld begleiten.<\/p>\n<p>Im Namen der gesamten Feuerwehr gratulierte das Kommando dem Brautpaar und wurde diesem der Feuerkorb \u00fcberreicht, damit ihre Liebe ewig brennt.<\/p>\n<p><strong>Liebe Jennifer, <\/strong><strong>lieber Martin!<\/strong><\/p>\n<p><strong>wir gratulieren Euch zu Eurer Verm\u00e4hlung und w\u00fcnschen Euch f\u00fcr Eure gemeinsame Zukunft alles Gl\u00fcck dieser Welt!<\/strong><\/p>\n<div id='gallery-1' class='gallery galleryid-7126 gallery-columns-3 gallery-size-thumbnail'><figure class='gallery-item'>\n\t\t\t<div class='gallery-icon landscape'>\n\t\t\t\t<a href='https:\/\/www.ffrum.at\/website\/wp1\/2024\/12\/08\/ein-hoch-auf-das-brautpaar-jennifer-und-martin\/20241207_152934000_ios\/'><img loading=\"lazy\" width=\"150\" height=\"150\" src=\"https:\/\/www.ffrum.at\/website\/wp1\/wp-content\/uploads\/2024\/12\/20241207_152934000_iOS-150x150.jpg\" class=\"attachment-thumbnail size-thumbnail\" alt=\"20241207_152934000_iOS\" loading=\"lazy\" decoding=\"async\" \/><\/a>\n\t\t\t<\/div><\/figure><figure class='gallery-item'>\n\t\t\t<div class='gallery-icon portrait'>\n\t\t\t\t<a href='https:\/\/www.ffrum.at\/website\/wp1\/20241207_152934000_ios-2\/'><img loading=\"lazy\" width=\"150\" height=\"150\" src=\"https:\/\/www.ffrum.at\/website\/wp1\/wp-content\/uploads\/2024\/12\/20241207_152934000_iOS-2-150x150.jpg\" class=\"attachment-thumbnail size-thumbnail\" alt=\"20241207_152934000_iOS 2\" loading=\"lazy\" decoding=\"async\" \/><\/a>\n\t\t\t<\/div><\/figure><figure class='gallery-item'>\n\t\t\t<div class='gallery-icon portrait'>\n\t\t\t\t<a href='https:\/\/www.ffrum.at\/website\/wp1\/20241207_152934000_ios-1\/'><img loading=\"lazy\" width=\"150\" height=\"150\" src=\"https:\/\/www.ffrum.at\/website\/wp1\/wp-content\/uploads\/2024\/12\/20241207_152934000_iOS-1-150x150.jpg\" class=\"attachment-thumbnail size-thumbnail\" alt=\"20241207_152934000_iOS 1\" loading=\"lazy\" decoding=\"async\" \/><\/a>\n\t\t\t<\/div><\/figure><figure class='gallery-item'>\n\t\t\t<div class='gallery-icon landscape'>\n\t\t\t\t<a href='https:\/\/www.ffrum.at\/website\/wp1\/20241207_152931000_ios\/'><img loading=\"lazy\" width=\"150\" height=\"150\" src=\"https:\/\/www.ffrum.at\/website\/wp1\/wp-content\/uploads\/2024\/12\/20241207_152931000_iOS-150x150.jpg\" class=\"attachment-thumbnail size-thumbnail\" alt=\"20241207_152931000_iOS\" loading=\"lazy\" decoding=\"async\" \/><\/a>\n\t\t\t<\/div><\/figure>\n\t\t<\/div>\n\n","protected":false},"excerpt":{"rendered":"<p>Am 07.Dezember gab unser Kamerad Martin seiner Jennifer das \u201eJa\u201c Wort. Das Kommando folgte der&#8230;<\/p>\n","protected":false},"author":5,"featured_media":7131,"comment_status":"closed","ping_status":"open","sticky":false,"template":"","format":"standard","meta":{"footnotes":""},"categories":[49,1],"tags":[],"class_list":["post-7126","post","type-post","status-publish","format-standard","has-post-thumbnail","hentry","category-49","category-kameradschaft"],"_links":{"self":[{"href":"https:\/\/www.ffrum.at\/website\/wp1\/wp-json\/wp\/v2\/posts\/7126","targetHints":{"allow":["GET"]}}],"collection":[{"href":"https:\/\/www.ffrum.at\/website\/wp1\/wp-json\/wp\/v2\/posts"}],"about":[{"href":"https:\/\/www.ffrum.at\/website\/wp1\/wp-json\/wp\/v2\/types\/post"}],"author":[{"embeddable":true,"href":"https:\/\/www.ffrum.at\/website\/wp1\/wp-json\/wp\/v2\/users\/5"}],"replies":[{"embeddable":true,"href":"https:\/\/www.ffrum.at\/website\/wp1\/wp-json\/wp\/v2\/comments?post=7126"}],"version-history":[{"count":5,"href":"https:\/\/www.ffrum.at\/website\/wp1\/wp-json\/wp\/v2\/posts\/7126\/revisions"}],"predecessor-version":[{"id":7147,"href":"https:\/\/www.ffrum.at\/website\/wp1\/wp-json\/wp\/v2\/posts\/7126\/revisions\/7147"}],"wp:featuredmedia":[{"embeddable":true,"href":"https:\/\/www.ffrum.at\/website\/wp1\/wp-json\/wp\/v2\/media\/7131"}],"wp:attachment":[{"href":"https:\/\/www.ffrum.at\/website\/wp1\/wp-json\/wp\/v2\/media?parent=7126"}],"wp:term":[{"taxonomy":"category","embeddable":true,"href":"https:\/\/www.ffrum.at\/website\/wp1\/wp-json\/wp\/v2\/categories?post=7126"},{"taxonomy":"post_tag","embeddable":true,"href":"https:\/\/www.ffrum.at\/website\/wp1\/wp-json\/wp\/v2\/tags?post=7126"}],"curies":[{"name":"wp","href":"https:\/\/api.w.org\/{rel}","templated":true}]}}