{"id":7111,"date":"2024-12-08T17:15:25","date_gmt":"2024-12-08T16:15:25","guid":{"rendered":"https:\/\/www.ffrum.at\/website\/wp1\/?p=7111"},"modified":"2025-03-16T22:30:18","modified_gmt":"2025-03-16T21:30:18","slug":"weihnachtsfeier-der-san-tec-gruppe","status":"publish","type":"post","link":"https:\/\/www.ffrum.at\/website\/wp1\/2024\/12\/08\/weihnachtsfeier-der-san-tec-gruppe\/","title":{"rendered":"Weihnachtsfeier der San-Tec-Gruppe"},"content":{"rendered":"<p><span data-contrast=\"auto\">Am 2. Dezember veranstaltete die San-Tec-Gruppe ihre bereits traditionelle Weihnachtsfeier im Feuerwehrhaus. Organisiert von Gruppenkommandant HBI Rainer H\u00f6pperger wurden die Teilnehmer nicht nur ausgezeichnet verk\u00f6stigt, sondern auch \u00fcber das vergangene Jahr bilanziert.\u00a0<\/span><\/p>\n<p><span data-contrast=\"auto\">Es wurden 9 SAN-\u00dcbungen abgehalten, eine ATS Untersuchung mit FA Dr. Harald Paul durchgef\u00fchrt, 2 Teilnehmer zum TR Camp nach Nestelbach entsendet, 7 Teilnehmer nahmen an den THL Tagen in Krieglach teil und beim diesj\u00e4hrigen Sanit\u00e4ts Leistungsbewerb in Nieder\u00f6blarn konnten 5 Trupps mit insgesamt 12 Teilnehmern das Leistungsabzeichen ergattern. <\/span><span data-ccp-props=\"{&quot;201341983&quot;:0,&quot;335559739&quot;:160,&quot;335559740&quot;:259}\">\u00a0<\/span>Die Mitglieder mit den meisten Teilnahmen im Bereich SAN wurden dieses Jahr ebenso ausgezeichnet.<\/p>\n<p>Im Anschluss an das gewaltige Weihnachtsmen\u00fc fand das bereits zur Tradition gewordene &#8222;Fichtln&#8220; statt und wurde der Abend im kameradschaftlichen Beisammensein gem\u00fctlich ausgeklungen.<\/p>\n<div id='gallery-1' class='gallery galleryid-7111 gallery-columns-3 gallery-size-thumbnail'><figure class='gallery-item'>\n\t\t\t<div class='gallery-icon landscape'>\n\t\t\t\t<a href='https:\/\/www.ffrum.at\/website\/wp1\/2024\/12\/08\/weihnachtsfeier-der-san-tec-gruppe\/20241202_192259896_ios\/'><img loading=\"lazy\" width=\"150\" height=\"150\" src=\"https:\/\/www.ffrum.at\/website\/wp1\/wp-content\/uploads\/2024\/12\/20241202_192259896_iOS-150x150.jpg\" class=\"attachment-thumbnail size-thumbnail\" alt=\"20241202_192259896_iOS\" loading=\"lazy\" decoding=\"async\" \/><\/a>\n\t\t\t<\/div><\/figure><figure class='gallery-item'>\n\t\t\t<div class='gallery-icon portrait'>\n\t\t\t\t<a href='https:\/\/www.ffrum.at\/website\/wp1\/2024\/12\/08\/weihnachtsfeier-der-san-tec-gruppe\/20241202_204014292_ios\/'><img loading=\"lazy\" width=\"150\" height=\"150\" src=\"https:\/\/www.ffrum.at\/website\/wp1\/wp-content\/uploads\/2024\/12\/20241202_204014292_iOS-150x150.jpg\" class=\"attachment-thumbnail size-thumbnail\" alt=\"20241202_204014292_iOS\" loading=\"lazy\" decoding=\"async\" \/><\/a>\n\t\t\t<\/div><\/figure><figure class='gallery-item'>\n\t\t\t<div class='gallery-icon landscape'>\n\t\t\t\t<a href='https:\/\/www.ffrum.at\/website\/wp1\/20241202_204035149_ios\/'><img loading=\"lazy\" width=\"150\" height=\"150\" src=\"https:\/\/www.ffrum.at\/website\/wp1\/wp-content\/uploads\/2024\/12\/20241202_204035149_iOS-150x150.jpg\" class=\"attachment-thumbnail size-thumbnail\" alt=\"20241202_204035149_iOS\" loading=\"lazy\" decoding=\"async\" \/><\/a>\n\t\t\t<\/div><\/figure><figure class='gallery-item'>\n\t\t\t<div class='gallery-icon portrait'>\n\t\t\t\t<a href='https:\/\/www.ffrum.at\/website\/wp1\/20241202_204201635_ios\/'><img loading=\"lazy\" width=\"150\" height=\"150\" src=\"https:\/\/www.ffrum.at\/website\/wp1\/wp-content\/uploads\/2024\/12\/20241202_204201635_iOS-150x150.jpg\" class=\"attachment-thumbnail size-thumbnail\" alt=\"20241202_204201635_iOS\" loading=\"lazy\" decoding=\"async\" \/><\/a>\n\t\t\t<\/div><\/figure><figure class='gallery-item'>\n\t\t\t<div class='gallery-icon portrait'>\n\t\t\t\t<a href='https:\/\/www.ffrum.at\/website\/wp1\/20241202_205516776_ios-2\/'><img loading=\"lazy\" width=\"150\" height=\"150\" src=\"https:\/\/www.ffrum.at\/website\/wp1\/wp-content\/uploads\/2024\/12\/20241202_205516776_iOS-1-150x150.jpg\" class=\"attachment-thumbnail size-thumbnail\" alt=\"20241202_205516776_iOS\" loading=\"lazy\" decoding=\"async\" \/><\/a>\n\t\t\t<\/div><\/figure><figure class='gallery-item'>\n\t\t\t<div class='gallery-icon portrait'>\n\t\t\t\t<a href='https:\/\/www.ffrum.at\/website\/wp1\/20241202_191549972_ios\/'><img loading=\"lazy\" width=\"150\" height=\"150\" src=\"https:\/\/www.ffrum.at\/website\/wp1\/wp-content\/uploads\/2024\/12\/20241202_191549972_iOS-150x150.jpg\" class=\"attachment-thumbnail size-thumbnail\" alt=\"20241202_191549972_iOS\" loading=\"lazy\" decoding=\"async\" \/><\/a>\n\t\t\t<\/div><\/figure><figure class='gallery-item'>\n\t\t\t<div class='gallery-icon landscape'>\n\t\t\t\t<a href='https:\/\/www.ffrum.at\/website\/wp1\/20241202_191659875_ios\/'><img loading=\"lazy\" width=\"150\" height=\"150\" src=\"https:\/\/www.ffrum.at\/website\/wp1\/wp-content\/uploads\/2024\/12\/20241202_191659875_iOS-150x150.jpg\" class=\"attachment-thumbnail size-thumbnail\" alt=\"20241202_191659875_iOS\" loading=\"lazy\" decoding=\"async\" \/><\/a>\n\t\t\t<\/div><\/figure><figure class='gallery-item'>\n\t\t\t<div class='gallery-icon landscape'>\n\t\t\t\t<a href='https:\/\/www.ffrum.at\/website\/wp1\/20241202_192104105_ios\/'><img loading=\"lazy\" width=\"150\" height=\"150\" src=\"https:\/\/www.ffrum.at\/website\/wp1\/wp-content\/uploads\/2024\/12\/20241202_192104105_iOS-150x150.jpg\" class=\"attachment-thumbnail size-thumbnail\" alt=\"20241202_192104105_iOS\" loading=\"lazy\" decoding=\"async\" \/><\/a>\n\t\t\t<\/div><\/figure><figure class='gallery-item'>\n\t\t\t<div class='gallery-icon landscape'>\n\t\t\t\t<a href='https:\/\/www.ffrum.at\/website\/wp1\/20241202_192152140_ios\/'><img loading=\"lazy\" width=\"150\" height=\"150\" src=\"https:\/\/www.ffrum.at\/website\/wp1\/wp-content\/uploads\/2024\/12\/20241202_192152140_iOS-150x150.jpg\" class=\"attachment-thumbnail size-thumbnail\" alt=\"20241202_192152140_iOS\" loading=\"lazy\" decoding=\"async\" \/><\/a>\n\t\t\t<\/div><\/figure><figure class='gallery-item'>\n\t\t\t<div class='gallery-icon landscape'>\n\t\t\t\t<a href='https:\/\/www.ffrum.at\/website\/wp1\/20241202_192129979_ios\/'><img loading=\"lazy\" width=\"150\" height=\"150\" src=\"https:\/\/www.ffrum.at\/website\/wp1\/wp-content\/uploads\/2024\/12\/20241202_192129979_iOS-150x150.jpg\" class=\"attachment-thumbnail size-thumbnail\" alt=\"20241202_192129979_iOS\" loading=\"lazy\" decoding=\"async\" \/><\/a>\n\t\t\t<\/div><\/figure><figure class='gallery-item'>\n\t\t\t<div class='gallery-icon landscape'>\n\t\t\t\t<a href='https:\/\/www.ffrum.at\/website\/wp1\/20241202_192222859_ios\/'><img loading=\"lazy\" width=\"150\" height=\"150\" src=\"https:\/\/www.ffrum.at\/website\/wp1\/wp-content\/uploads\/2024\/12\/20241202_192222859_iOS-150x150.jpg\" class=\"attachment-thumbnail size-thumbnail\" alt=\"20241202_192222859_iOS\" loading=\"lazy\" decoding=\"async\" \/><\/a>\n\t\t\t<\/div><\/figure><figure class='gallery-item'>\n\t\t\t<div class='gallery-icon portrait'>\n\t\t\t\t<a href='https:\/\/www.ffrum.at\/website\/wp1\/20241202_205516776_ios\/'><img loading=\"lazy\" width=\"150\" height=\"150\" src=\"https:\/\/www.ffrum.at\/website\/wp1\/wp-content\/uploads\/2024\/12\/20241202_205516776_iOS-150x150.jpg\" class=\"attachment-thumbnail size-thumbnail\" alt=\"20241202_205516776_iOS\" loading=\"lazy\" decoding=\"async\" \/><\/a>\n\t\t\t<\/div><\/figure>\n\t\t<\/div>\n\n<p>&nbsp;<\/p>\n","protected":false},"excerpt":{"rendered":"<p>Am 2. Dezember veranstaltete die San-Tec-Gruppe ihre bereits traditionelle Weihnachtsfeier im Feuerwehrhaus. Organisiert von Gruppenkommandant&#8230;<\/p>\n","protected":false},"author":5,"featured_media":7113,"comment_status":"closed","ping_status":"open","sticky":false,"template":"","format":"gallery","meta":{"footnotes":""},"categories":[49,1],"tags":[],"class_list":["post-7111","post","type-post","status-publish","format-gallery","has-post-thumbnail","hentry","category-49","category-kameradschaft","post_format-post-format-gallery"],"_links":{"self":[{"href":"https:\/\/www.ffrum.at\/website\/wp1\/wp-json\/wp\/v2\/posts\/7111","targetHints":{"allow":["GET"]}}],"collection":[{"href":"https:\/\/www.ffrum.at\/website\/wp1\/wp-json\/wp\/v2\/posts"}],"about":[{"href":"https:\/\/www.ffrum.at\/website\/wp1\/wp-json\/wp\/v2\/types\/post"}],"author":[{"embeddable":true,"href":"https:\/\/www.ffrum.at\/website\/wp1\/wp-json\/wp\/v2\/users\/5"}],"replies":[{"embeddable":true,"href":"https:\/\/www.ffrum.at\/website\/wp1\/wp-json\/wp\/v2\/comments?post=7111"}],"version-history":[{"count":2,"href":"https:\/\/www.ffrum.at\/website\/wp1\/wp-json\/wp\/v2\/posts\/7111\/revisions"}],"predecessor-version":[{"id":7125,"href":"https:\/\/www.ffrum.at\/website\/wp1\/wp-json\/wp\/v2\/posts\/7111\/revisions\/7125"}],"wp:featuredmedia":[{"embeddable":true,"href":"https:\/\/www.ffrum.at\/website\/wp1\/wp-json\/wp\/v2\/media\/7113"}],"wp:attachment":[{"href":"https:\/\/www.ffrum.at\/website\/wp1\/wp-json\/wp\/v2\/media?parent=7111"}],"wp:term":[{"taxonomy":"category","embeddable":true,"href":"https:\/\/www.ffrum.at\/website\/wp1\/wp-json\/wp\/v2\/categories?post=7111"},{"taxonomy":"post_tag","embeddable":true,"href":"https:\/\/www.ffrum.at\/website\/wp1\/wp-json\/wp\/v2\/tags?post=7111"}],"curies":[{"name":"wp","href":"https:\/\/api.w.org\/{rel}","templated":true}]}}