{"id":6952,"date":"2024-11-04T12:46:48","date_gmt":"2024-11-04T11:46:48","guid":{"rendered":"https:\/\/www.ffrum.at\/website\/wp1\/?p=6952"},"modified":"2025-03-16T22:30:03","modified_gmt":"2025-03-16T21:30:03","slug":"toerggelen-auf-der-rumer-alm-am-19-10-2024","status":"publish","type":"post","link":"https:\/\/www.ffrum.at\/website\/wp1\/2024\/11\/04\/toerggelen-auf-der-rumer-alm-am-19-10-2024\/","title":{"rendered":"T\u00f6rggelen auf der Rumer Alm am 19.10.2024"},"content":{"rendered":"<p>Am Samstag, den 19. Oktober 2024 war es wieder soweit. Das j\u00e4hrliche T\u00f6rggelen der Freiwilligen Feuerwehr Rum fand heuer auf der Rumer Alm statt.<\/p>\n<p>Man hatte die M\u00f6glichkeit als \u201eBergsteiger\u201c zu Fu\u00df auf die Rumer Alm zu kommen oder den \u201eWohlf\u00fchlfaktor\u201c zu w\u00e4hlen und mittels Feuerwehrauto auf die Rumer Alm zu gelangen.<\/p>\n<p>37 Teilnehmer z\u00e4hlte das heurige T\u00f6rggelen. Eingeladen waren Mitglieder der Aktivmannschaft, Reservisten und Mitglieder au\u00dfer Dienst, sowie unsere Ehrenmitglieder und Patinen mit deren Partner. Die Chaffeure f\u00fcr den Wohlf\u00fchlfaktor waren Romed Stocker und Philipp Schanes. Oben eingetroffen, begann das T\u00f6rggelen mit einem Aperitif. Dann ging es schon los mit einem leckeren T\u00f6rggelemen\u00fc: Grammelschmalz mit Bauernbrot gefolgt von drei Suppen: Gerstlsuppe, Kaspresskn\u00f6delsuppe und K\u00fcrbissuppe. Alle drei Suppen wurden am Tisch eingestellt und jeder konnte sich bedienen.<\/p>\n<p>Schweinsbraten, Plattln mit Kraut, Rippelen, Hirschragout mit Blaukraut, Gselcht&#8217;s, Sauerkraut, Semmelkn\u00f6del, mitgebratene Erd\u00e4pfel wurden auf einer gro\u00dfen Platte serviert und jeder konnte sich nach Herzenslust daran bedienen.<\/p>\n<p>Kirchtagskrapfen und gebratenen Kastanien machten den Abschluss des T\u00f6rggelemen\u00fcs. Es wurde reichlich getrunken und gelacht. Valentin Winter sorgte mit seiner Ziachorgel f\u00fcr musikalische Unterhaltung. Gegen 1:00 Uhr fuhr die letzte Partie von der Rumer Alm.<\/p>\n<p>Wieder ein gelungener und vor allem kameradschaftlicher Abend wo Jung und Alt vertreten waren.<\/p>\n<div id='gallery-1' class='gallery galleryid-6952 gallery-columns-3 gallery-size-thumbnail'><figure class='gallery-item'>\n\t\t\t<div class='gallery-icon landscape'>\n\t\t\t\t<a href='https:\/\/www.ffrum.at\/website\/wp1\/2024\/11\/04\/toerggelen-auf-der-rumer-alm-am-19-10-2024\/20241019_155521472_ios\/'><img loading=\"lazy\" width=\"150\" height=\"150\" src=\"https:\/\/www.ffrum.at\/website\/wp1\/wp-content\/uploads\/2024\/11\/20241019_155521472_iOS-150x150.jpeg\" class=\"attachment-thumbnail size-thumbnail\" alt=\"20241019_155521472_iOS\" loading=\"lazy\" decoding=\"async\" \/><\/a>\n\t\t\t<\/div><\/figure><figure class='gallery-item'>\n\t\t\t<div class='gallery-icon portrait'>\n\t\t\t\t<a href='https:\/\/www.ffrum.at\/website\/wp1\/2024\/11\/04\/toerggelen-auf-der-rumer-alm-am-19-10-2024\/20241019_170822513_ios\/'><img loading=\"lazy\" width=\"150\" height=\"150\" src=\"https:\/\/www.ffrum.at\/website\/wp1\/wp-content\/uploads\/2024\/11\/20241019_170822513_iOS-150x150.jpeg\" class=\"attachment-thumbnail size-thumbnail\" alt=\"20241019_170822513_iOS\" loading=\"lazy\" decoding=\"async\" \/><\/a>\n\t\t\t<\/div><\/figure><figure class='gallery-item'>\n\t\t\t<div class='gallery-icon landscape'>\n\t\t\t\t<a href='https:\/\/www.ffrum.at\/website\/wp1\/2024\/11\/04\/toerggelen-auf-der-rumer-alm-am-19-10-2024\/20241019_174424237_ios\/'><img loading=\"lazy\" width=\"150\" height=\"150\" src=\"https:\/\/www.ffrum.at\/website\/wp1\/wp-content\/uploads\/2024\/11\/20241019_174424237_iOS-150x150.jpeg\" class=\"attachment-thumbnail size-thumbnail\" alt=\"20241019_174424237_iOS\" loading=\"lazy\" decoding=\"async\" \/><\/a>\n\t\t\t<\/div><\/figure><figure class='gallery-item'>\n\t\t\t<div class='gallery-icon landscape'>\n\t\t\t\t<a href='https:\/\/www.ffrum.at\/website\/wp1\/2024\/11\/04\/toerggelen-auf-der-rumer-alm-am-19-10-2024\/20241019_174443527_ios\/'><img loading=\"lazy\" width=\"150\" height=\"150\" src=\"https:\/\/www.ffrum.at\/website\/wp1\/wp-content\/uploads\/2024\/11\/20241019_174443527_iOS-150x150.jpeg\" class=\"attachment-thumbnail size-thumbnail\" alt=\"20241019_174443527_iOS\" loading=\"lazy\" decoding=\"async\" \/><\/a>\n\t\t\t<\/div><\/figure><figure class='gallery-item'>\n\t\t\t<div class='gallery-icon portrait'>\n\t\t\t\t<a href='https:\/\/www.ffrum.at\/website\/wp1\/2024\/11\/04\/toerggelen-auf-der-rumer-alm-am-19-10-2024\/20241019_174505059_ios\/'><img loading=\"lazy\" width=\"150\" height=\"150\" src=\"https:\/\/www.ffrum.at\/website\/wp1\/wp-content\/uploads\/2024\/11\/20241019_174505059_iOS-150x150.jpeg\" class=\"attachment-thumbnail size-thumbnail\" alt=\"20241019_174505059_iOS\" loading=\"lazy\" decoding=\"async\" \/><\/a>\n\t\t\t<\/div><\/figure><figure class='gallery-item'>\n\t\t\t<div class='gallery-icon portrait'>\n\t\t\t\t<a href='https:\/\/www.ffrum.at\/website\/wp1\/2024\/11\/04\/toerggelen-auf-der-rumer-alm-am-19-10-2024\/20241019_192014184_ios\/'><img loading=\"lazy\" width=\"150\" height=\"150\" src=\"https:\/\/www.ffrum.at\/website\/wp1\/wp-content\/uploads\/2024\/11\/20241019_192014184_iOS-150x150.jpeg\" class=\"attachment-thumbnail size-thumbnail\" alt=\"20241019_192014184_iOS\" loading=\"lazy\" decoding=\"async\" \/><\/a>\n\t\t\t<\/div><\/figure><figure class='gallery-item'>\n\t\t\t<div class='gallery-icon landscape'>\n\t\t\t\t<a href='https:\/\/www.ffrum.at\/website\/wp1\/2024\/11\/04\/toerggelen-auf-der-rumer-alm-am-19-10-2024\/20241019_195336287_ios\/'><img loading=\"lazy\" width=\"150\" height=\"150\" src=\"https:\/\/www.ffrum.at\/website\/wp1\/wp-content\/uploads\/2024\/11\/20241019_195336287_iOS-150x150.jpeg\" class=\"attachment-thumbnail size-thumbnail\" alt=\"20241019_195336287_iOS\" loading=\"lazy\" decoding=\"async\" \/><\/a>\n\t\t\t<\/div><\/figure><figure class='gallery-item'>\n\t\t\t<div class='gallery-icon landscape'>\n\t\t\t\t<a href='https:\/\/www.ffrum.at\/website\/wp1\/2024\/11\/04\/toerggelen-auf-der-rumer-alm-am-19-10-2024\/img_5277\/'><img loading=\"lazy\" width=\"150\" height=\"150\" src=\"https:\/\/www.ffrum.at\/website\/wp1\/wp-content\/uploads\/2024\/11\/IMG_5277-150x150.jpeg\" class=\"attachment-thumbnail size-thumbnail\" alt=\"IMG_5277\" loading=\"lazy\" decoding=\"async\" \/><\/a>\n\t\t\t<\/div><\/figure>\n\t\t<\/div>\n\n<p>Bilder: FF Rum<br \/>\nBericht: FF Rum<\/p>\n","protected":false},"excerpt":{"rendered":"<p>Am Samstag, den 19. Oktober 2024 war es wieder soweit. Das j\u00e4hrliche T\u00f6rggelen der Freiwilligen&#8230;<\/p>\n","protected":false},"author":10,"featured_media":6988,"comment_status":"closed","ping_status":"open","sticky":false,"template":"","format":"standard","meta":{"footnotes":""},"categories":[49,1],"tags":[],"class_list":["post-6952","post","type-post","status-publish","format-standard","has-post-thumbnail","hentry","category-49","category-kameradschaft"],"_links":{"self":[{"href":"https:\/\/www.ffrum.at\/website\/wp1\/wp-json\/wp\/v2\/posts\/6952","targetHints":{"allow":["GET"]}}],"collection":[{"href":"https:\/\/www.ffrum.at\/website\/wp1\/wp-json\/wp\/v2\/posts"}],"about":[{"href":"https:\/\/www.ffrum.at\/website\/wp1\/wp-json\/wp\/v2\/types\/post"}],"author":[{"embeddable":true,"href":"https:\/\/www.ffrum.at\/website\/wp1\/wp-json\/wp\/v2\/users\/10"}],"replies":[{"embeddable":true,"href":"https:\/\/www.ffrum.at\/website\/wp1\/wp-json\/wp\/v2\/comments?post=6952"}],"version-history":[{"count":2,"href":"https:\/\/www.ffrum.at\/website\/wp1\/wp-json\/wp\/v2\/posts\/6952\/revisions"}],"predecessor-version":[{"id":6990,"href":"https:\/\/www.ffrum.at\/website\/wp1\/wp-json\/wp\/v2\/posts\/6952\/revisions\/6990"}],"wp:featuredmedia":[{"embeddable":true,"href":"https:\/\/www.ffrum.at\/website\/wp1\/wp-json\/wp\/v2\/media\/6988"}],"wp:attachment":[{"href":"https:\/\/www.ffrum.at\/website\/wp1\/wp-json\/wp\/v2\/media?parent=6952"}],"wp:term":[{"taxonomy":"category","embeddable":true,"href":"https:\/\/www.ffrum.at\/website\/wp1\/wp-json\/wp\/v2\/categories?post=6952"},{"taxonomy":"post_tag","embeddable":true,"href":"https:\/\/www.ffrum.at\/website\/wp1\/wp-json\/wp\/v2\/tags?post=6952"}],"curies":[{"name":"wp","href":"https:\/\/api.w.org\/{rel}","templated":true}]}}