{"id":6848,"date":"2024-09-16T21:03:11","date_gmt":"2024-09-16T19:03:11","guid":{"rendered":"https:\/\/www.ffrum.at\/website\/wp1\/?p=6848"},"modified":"2025-03-16T22:30:04","modified_gmt":"2025-03-16T21:30:04","slug":"25-jahre-feuerwehrjugend-rum-ein-besonderer-ausflug-fuer-unsere-feuerwehrjugend","status":"publish","type":"post","link":"https:\/\/www.ffrum.at\/website\/wp1\/2024\/09\/16\/25-jahre-feuerwehrjugend-rum-ein-besonderer-ausflug-fuer-unsere-feuerwehrjugend\/","title":{"rendered":"25 Jahre Feuerwehrjugend Rum &#8211; Ein besonderer Ausflug f\u00fcr unsere Feuerwehrjugend"},"content":{"rendered":"<p><strong>Die Feuerwehrjugend Rum wurde am 1. September 1999 gegr\u00fcndet.<\/strong><\/p>\n<p><strong>Zum 25-j\u00e4hrigen Bestehen der Feuerwehrjugend Rum ging es f\u00fcr unsere Feuerwehrjugend und Jugendbetreuerteam nach M\u00fcnchen mit einem Besuch und F\u00fchrung bei der Berufsfeuerwehr M\u00fcnchen und einem Besuch mit F\u00fchrung bei den Bavaria Filmstudios.<\/strong><\/p>\n<p>Am Samstag, den 14.09.2024 ging es um 07:00 Uhr mit dem Bus Richtung M\u00fcnchen. Leider war uns der Wettergott nicht gut gesonnen und es regnete in Str\u00f6men. P\u00fcnktlich zur vereinbarten F\u00fchrung kamen wir um 09.30 Uhr bei der Berufsfeuerwehr M\u00fcnchen 2 in Sendling an und wurden dort bereits erwartet. In einem Schulungsraum wurde uns die Arbeit mit den diversen speziellen Aufgaben der BF M\u00fcnchen 2 erkl\u00e4rt. Danach ging es in die \u00dcbungshalle, in dem auch verschiedene Fahrzeuge zu besichtigen waren. Auch ein nachgebautes Geb\u00e4ude zum be\u00fcben der unterschiedlichsten Brandszenarien wurde uns gezeigt. Aufgrund des 24-Stunden Dienstes der Feuerwehrleute bekamen wir auch die Zimmer, die K\u00fcche, die Kantine, etc. zu sehen in dem sich die Feuerwehrleute bei ihrem Dienst aufhalten.<\/p>\n<p>Der Abschluss war in der Fahrzeughalle mit den aktuellen Fahrzeugen, bei dem wir unseren Vortragenden noch Fragen stellen konnten. Da die F\u00fchrung nach zwei Stunden beendet war und wir noch Zeit vor der Besichtigung der Bavaria Filmstudios hatten, kehrten wir zu Mittag bei McDonald in der N\u00e4he der Bavaria Filmstadt ein. Gest\u00e4rkt, aber immer noch bei starkem Regen fuhren wir in die Bavaria Filmstadt. Um ca. 13.45 Uhr begann unsere F\u00fchrung in dem uns erkl\u00e4rt wurde welche Filme hier gedreht wurden und wie es bei Filmarbeiten abl\u00e4uft. Im 4-D Film von \u201eMoglis Dschungel Abenteuer\u201c begann ein aufregendes Theater der Extraklasse. Mit 3-D Brillen und verschiedenen Effekten wurden wir mit visuellen, optischen und mechanischen Effekten durch den Film begleitet.<\/p>\n<p>Wir bekamen die Kulissen von \u201eJim Knopf und Lukas dem Lokomotivf\u00fchrer\u201c von \u201edas Boot\u201c, von \u201eChantal im M\u00e4rchenland\u201c, von \u201edie Zauberfl\u00f6te\u201c und \u201edie unendliche Geschichte\u201c und noch einigen Filmen zu sehen. Die absoluten Highlights waren aber einige \u201eDrehs\u201c die wir selber machen konnten. Wir durften als Schauspieler eine Szene in \u201eFack ju G\u00f6the\u201c, eine Szene mit einem Drachen der \u00fcber uns hinweg fliegt und einem fahrenden Zug der entgleist, besetzen. Am Schluss der F\u00fchrung konnten wir den Film erwerben und somit haben wir f\u00fcr immer eine bleibende Erinnerung. Da sich das Wetter leider immer noch nicht gebessert hatte, traten wir unsere R\u00fcckreise bereits um 16.00 Uhr an. Beim Eintreffen im Ger\u00e4tehaus um 18.15 Uhr erwartete uns Kommandant Romed Stocker mit zwei gro\u00dfen Familienpizzen, die wir uns dann noch gen\u00fcsslich schmecken lie\u00dfen.<\/p>\n<p><strong>Wir bedanken uns f\u00fcr den tollen und informativen Ausflug der uns hier erm\u00f6glicht wurde. Er war ein echtes Highlight im Jahr 2024 anl\u00e4sslich des 25-j\u00e4hrigen Bestehens unserer Feuerwehrwehrjugend Rum.<\/strong><\/p>\n<div id='gallery-1' class='gallery galleryid-6848 gallery-columns-3 gallery-size-thumbnail'><figure class='gallery-item'>\n\t\t\t<div class='gallery-icon landscape'>\n\t\t\t\t<a href='https:\/\/www.ffrum.at\/website\/wp1\/2024\/09\/16\/25-jahre-feuerwehrjugend-rum-ein-besonderer-ausflug-fuer-unsere-feuerwehrjugend\/1176ce3d-3d28-4388-947e-a2426b2fe5ab\/'><img loading=\"lazy\" width=\"150\" height=\"150\" src=\"https:\/\/www.ffrum.at\/website\/wp1\/wp-content\/uploads\/2024\/09\/1176ce3d-3d28-4388-947e-a2426b2fe5ab-150x150.jpg\" class=\"attachment-thumbnail size-thumbnail\" alt=\"1176ce3d-3d28-4388-947e-a2426b2fe5ab\" loading=\"lazy\" decoding=\"async\" \/><\/a>\n\t\t\t<\/div><\/figure><figure class='gallery-item'>\n\t\t\t<div class='gallery-icon landscape'>\n\t\t\t\t<a href='https:\/\/www.ffrum.at\/website\/wp1\/2024\/09\/16\/25-jahre-feuerwehrjugend-rum-ein-besonderer-ausflug-fuer-unsere-feuerwehrjugend\/20240914_094923\/'><img loading=\"lazy\" width=\"150\" height=\"150\" src=\"https:\/\/www.ffrum.at\/website\/wp1\/wp-content\/uploads\/2024\/09\/20240914_094923-150x150.jpg\" class=\"attachment-thumbnail size-thumbnail\" alt=\"20240914_094923\" loading=\"lazy\" decoding=\"async\" \/><\/a>\n\t\t\t<\/div><\/figure><figure class='gallery-item'>\n\t\t\t<div class='gallery-icon landscape'>\n\t\t\t\t<a href='https:\/\/www.ffrum.at\/website\/wp1\/2024\/09\/16\/25-jahre-feuerwehrjugend-rum-ein-besonderer-ausflug-fuer-unsere-feuerwehrjugend\/20240914_095515\/'><img loading=\"lazy\" width=\"150\" height=\"150\" src=\"https:\/\/www.ffrum.at\/website\/wp1\/wp-content\/uploads\/2024\/09\/20240914_095515-150x150.jpg\" class=\"attachment-thumbnail size-thumbnail\" alt=\"20240914_095515\" loading=\"lazy\" decoding=\"async\" \/><\/a>\n\t\t\t<\/div><\/figure><figure class='gallery-item'>\n\t\t\t<div class='gallery-icon landscape'>\n\t\t\t\t<a href='https:\/\/www.ffrum.at\/website\/wp1\/2024\/09\/16\/25-jahre-feuerwehrjugend-rum-ein-besonderer-ausflug-fuer-unsere-feuerwehrjugend\/9278b6e8-eaea-41de-a00d-d650cabf5984\/'><img loading=\"lazy\" width=\"150\" height=\"150\" src=\"https:\/\/www.ffrum.at\/website\/wp1\/wp-content\/uploads\/2024\/09\/9278b6e8-eaea-41de-a00d-d650cabf5984-150x150.jpg\" class=\"attachment-thumbnail size-thumbnail\" alt=\"9278b6e8-eaea-41de-a00d-d650cabf5984\" loading=\"lazy\" decoding=\"async\" \/><\/a>\n\t\t\t<\/div><\/figure><figure class='gallery-item'>\n\t\t\t<div class='gallery-icon landscape'>\n\t\t\t\t<a href='https:\/\/www.ffrum.at\/website\/wp1\/2024\/09\/16\/25-jahre-feuerwehrjugend-rum-ein-besonderer-ausflug-fuer-unsere-feuerwehrjugend\/f03fc7d0-c6fc-4543-8f58-7fba56c4e1ce\/'><img loading=\"lazy\" width=\"150\" height=\"150\" src=\"https:\/\/www.ffrum.at\/website\/wp1\/wp-content\/uploads\/2024\/09\/f03fc7d0-c6fc-4543-8f58-7fba56c4e1ce-150x150.jpg\" class=\"attachment-thumbnail size-thumbnail\" alt=\"f03fc7d0-c6fc-4543-8f58-7fba56c4e1ce\" loading=\"lazy\" decoding=\"async\" \/><\/a>\n\t\t\t<\/div><\/figure><figure class='gallery-item'>\n\t\t\t<div class='gallery-icon portrait'>\n\t\t\t\t<a href='https:\/\/www.ffrum.at\/website\/wp1\/2024\/09\/16\/25-jahre-feuerwehrjugend-rum-ein-besonderer-ausflug-fuer-unsere-feuerwehrjugend\/1a9202d2-6c74-4b84-ac40-9c7b953d5f70\/'><img loading=\"lazy\" width=\"150\" height=\"150\" src=\"https:\/\/www.ffrum.at\/website\/wp1\/wp-content\/uploads\/2024\/09\/1a9202d2-6c74-4b84-ac40-9c7b953d5f70-150x150.jpg\" class=\"attachment-thumbnail size-thumbnail\" alt=\"1a9202d2-6c74-4b84-ac40-9c7b953d5f70\" loading=\"lazy\" decoding=\"async\" \/><\/a>\n\t\t\t<\/div><\/figure><figure class='gallery-item'>\n\t\t\t<div class='gallery-icon portrait'>\n\t\t\t\t<a href='https:\/\/www.ffrum.at\/website\/wp1\/2024\/09\/16\/25-jahre-feuerwehrjugend-rum-ein-besonderer-ausflug-fuer-unsere-feuerwehrjugend\/2ccd0c72-bbba-4dc4-9cb7-b125082f7b7d\/'><img loading=\"lazy\" width=\"150\" height=\"150\" src=\"https:\/\/www.ffrum.at\/website\/wp1\/wp-content\/uploads\/2024\/09\/2ccd0c72-bbba-4dc4-9cb7-b125082f7b7d-150x150.jpg\" class=\"attachment-thumbnail size-thumbnail\" alt=\"2ccd0c72-bbba-4dc4-9cb7-b125082f7b7d\" loading=\"lazy\" decoding=\"async\" \/><\/a>\n\t\t\t<\/div><\/figure>\n\t\t<\/div>\n\n<p><strong><\/p>\n<p><\/strong>Bericht: FF Rum<br \/>\nBilder: FF Rum<strong><br \/>\n<\/strong><\/p>\n<p>&nbsp;<\/p>\n","protected":false},"excerpt":{"rendered":"<p>Die Feuerwehrjugend Rum wurde am 1. September 1999 gegr\u00fcndet. Zum 25-j\u00e4hrigen Bestehen der Feuerwehrjugend Rum&#8230;<\/p>\n","protected":false},"author":10,"featured_media":6855,"comment_status":"closed","ping_status":"open","sticky":false,"template":"","format":"standard","meta":{"footnotes":""},"categories":[49,46],"tags":[],"class_list":["post-6848","post","type-post","status-publish","format-standard","has-post-thumbnail","hentry","category-49","category-jugend"],"_links":{"self":[{"href":"https:\/\/www.ffrum.at\/website\/wp1\/wp-json\/wp\/v2\/posts\/6848","targetHints":{"allow":["GET"]}}],"collection":[{"href":"https:\/\/www.ffrum.at\/website\/wp1\/wp-json\/wp\/v2\/posts"}],"about":[{"href":"https:\/\/www.ffrum.at\/website\/wp1\/wp-json\/wp\/v2\/types\/post"}],"author":[{"embeddable":true,"href":"https:\/\/www.ffrum.at\/website\/wp1\/wp-json\/wp\/v2\/users\/10"}],"replies":[{"embeddable":true,"href":"https:\/\/www.ffrum.at\/website\/wp1\/wp-json\/wp\/v2\/comments?post=6848"}],"version-history":[{"count":2,"href":"https:\/\/www.ffrum.at\/website\/wp1\/wp-json\/wp\/v2\/posts\/6848\/revisions"}],"predecessor-version":[{"id":6857,"href":"https:\/\/www.ffrum.at\/website\/wp1\/wp-json\/wp\/v2\/posts\/6848\/revisions\/6857"}],"wp:featuredmedia":[{"embeddable":true,"href":"https:\/\/www.ffrum.at\/website\/wp1\/wp-json\/wp\/v2\/media\/6855"}],"wp:attachment":[{"href":"https:\/\/www.ffrum.at\/website\/wp1\/wp-json\/wp\/v2\/media?parent=6848"}],"wp:term":[{"taxonomy":"category","embeddable":true,"href":"https:\/\/www.ffrum.at\/website\/wp1\/wp-json\/wp\/v2\/categories?post=6848"},{"taxonomy":"post_tag","embeddable":true,"href":"https:\/\/www.ffrum.at\/website\/wp1\/wp-json\/wp\/v2\/tags?post=6848"}],"curies":[{"name":"wp","href":"https:\/\/api.w.org\/{rel}","templated":true}]}}