{"id":6784,"date":"2024-08-29T15:35:58","date_gmt":"2024-08-29T13:35:58","guid":{"rendered":"https:\/\/www.ffrum.at\/website\/wp1\/?p=6784"},"modified":"2025-03-16T22:30:04","modified_gmt":"2025-03-16T21:30:04","slug":"besuch-der-justizanstalt-innsbruck-ein-blick-hinter-die-kulissen","status":"publish","type":"post","link":"https:\/\/www.ffrum.at\/website\/wp1\/2024\/08\/29\/besuch-der-justizanstalt-innsbruck-ein-blick-hinter-die-kulissen\/","title":{"rendered":"Besuch der Justizanstalt Innsbruck: Ein Blick hinter die Kulissen"},"content":{"rendered":"<p>Im Rahmen unseres Sommerprogramms hatten wir von der Freiwilligen Feuerwehr Rum am 17. Juli 2024 und am 28. August 2024 die besondere Gelegenheit, die Justizanstalt Innsbruck zu besuchen. Rund 30 Mitglieder unserer Feuerwehr nutzten diese einmalige Chance, um das Gef\u00e4ngnis einmal von innen zu sehen und einen Blick hinter die Kulissen des Strafvollzugs zu werfen. Die F\u00fchrungen wurden von Bernhard Grausam, der auch die Betriebsfeuerwehr der Justizanstalt Innsbruck leitet, und Valentina Hager geleitet, die uns mit viel Engagement und Fachwissen durch das Gel\u00e4nde begleiteten.<\/p>\n<p>W\u00e4hrend des Rundgangs erhielten wir tiefe Einblicke in den Alltag der Justizanstalt. Wir besichtigten verschiedene Bereiche der Haftanstalt, darunter die Zellenbl\u00f6cke, die Arbeitsst\u00e4tten der Insassen sowie die Freizeitanlagen. Besonders interessant war es, die Betriebsfeuerwehr unter der Leitung von Bernhard Grausam kennenzulernen und mehr \u00fcber die spezifischen Anforderungen und Herausforderungen eines solchen Einsatzgebietes zu erfahren.<\/p>\n<p>Unsere Gastgeber erkl\u00e4rten uns ausf\u00fchrlich die Aufgaben und Sicherheitsvorkehrungen, die mit dem Betrieb einer Justizanstalt und der dazugeh\u00f6rigen Betriebsfeuerwehr verbunden sind. Durch die interessante und aufschlussreiche F\u00fchrung konnten wir viel \u00fcber das Leben hinter den Gef\u00e4ngnismauern und den Betrieb der Feuerwehr in diesem besonderen Umfeld lernen.<\/p>\n<p>Der Besuch war nicht nur informativ, sondern auch eine besondere Erfahrung, die uns allen lange in Erinnerung bleiben wird.<\/p>\n<p><strong>Wir m\u00f6chten uns herzlich bei Bernhard Grausam und Valentina Hager f\u00fcr die tolle F\u00fchrung bedanken. Ihr Engagement und ihre Bereitschaft, uns solche Einblicke zu erm\u00f6glichen, sind nicht selbstverst\u00e4ndlich! Vielen Dank!<br \/>\n<\/strong><\/p>\n<div id='gallery-1' class='gallery galleryid-6784 gallery-columns-3 gallery-size-thumbnail'><figure class='gallery-item'>\n\t\t\t<div class='gallery-icon landscape'>\n\t\t\t\t<a href='https:\/\/www.ffrum.at\/website\/wp1\/2024\/08\/29\/besuch-der-justizanstalt-innsbruck-ein-blick-hinter-die-kulissen\/img-20240829-wa0007\/'><img loading=\"lazy\" width=\"150\" height=\"150\" src=\"https:\/\/www.ffrum.at\/website\/wp1\/wp-content\/uploads\/2024\/08\/IMG-20240829-WA0007-150x150.jpg\" class=\"attachment-thumbnail size-thumbnail\" alt=\"IMG-20240829-WA0007\" loading=\"lazy\" decoding=\"async\" \/><\/a>\n\t\t\t<\/div><\/figure><figure class='gallery-item'>\n\t\t\t<div class='gallery-icon landscape'>\n\t\t\t\t<a href='https:\/\/www.ffrum.at\/website\/wp1\/2024\/08\/29\/besuch-der-justizanstalt-innsbruck-ein-blick-hinter-die-kulissen\/whatsapp-bild-2024-07-17-um-22-15-47_fcf5f1c2\/'><img loading=\"lazy\" width=\"150\" height=\"150\" src=\"https:\/\/www.ffrum.at\/website\/wp1\/wp-content\/uploads\/2024\/08\/WhatsApp-Bild-2024-07-17-um-22.15.47_fcf5f1c2-150x150.jpg\" class=\"attachment-thumbnail size-thumbnail\" alt=\"WhatsApp Bild 2024-07-17 um 22.15.47_fcf5f1c2\" loading=\"lazy\" decoding=\"async\" \/><\/a>\n\t\t\t<\/div><\/figure><figure class='gallery-item'>\n\t\t\t<div class='gallery-icon landscape'>\n\t\t\t\t<a href='https:\/\/www.ffrum.at\/website\/wp1\/2024\/08\/29\/besuch-der-justizanstalt-innsbruck-ein-blick-hinter-die-kulissen\/img-20240829-wa0006\/'><img loading=\"lazy\" width=\"150\" height=\"150\" src=\"https:\/\/www.ffrum.at\/website\/wp1\/wp-content\/uploads\/2024\/08\/IMG-20240829-WA0006-150x150.jpg\" class=\"attachment-thumbnail size-thumbnail\" alt=\"IMG-20240829-WA0006\" loading=\"lazy\" decoding=\"async\" \/><\/a>\n\t\t\t<\/div><\/figure>\n\t\t<\/div>\n\n<p>Fotos: FF Rum<br \/>\nBericht: FF Rum<\/p>\n","protected":false},"excerpt":{"rendered":"<p>Im Rahmen unseres Sommerprogramms hatten wir von der Freiwilligen Feuerwehr Rum am 17. Juli 2024&#8230;<\/p>\n","protected":false},"author":10,"featured_media":6804,"comment_status":"closed","ping_status":"open","sticky":false,"template":"","format":"standard","meta":{"footnotes":""},"categories":[49,1],"tags":[],"class_list":["post-6784","post","type-post","status-publish","format-standard","has-post-thumbnail","hentry","category-49","category-kameradschaft"],"_links":{"self":[{"href":"https:\/\/www.ffrum.at\/website\/wp1\/wp-json\/wp\/v2\/posts\/6784","targetHints":{"allow":["GET"]}}],"collection":[{"href":"https:\/\/www.ffrum.at\/website\/wp1\/wp-json\/wp\/v2\/posts"}],"about":[{"href":"https:\/\/www.ffrum.at\/website\/wp1\/wp-json\/wp\/v2\/types\/post"}],"author":[{"embeddable":true,"href":"https:\/\/www.ffrum.at\/website\/wp1\/wp-json\/wp\/v2\/users\/10"}],"replies":[{"embeddable":true,"href":"https:\/\/www.ffrum.at\/website\/wp1\/wp-json\/wp\/v2\/comments?post=6784"}],"version-history":[{"count":5,"href":"https:\/\/www.ffrum.at\/website\/wp1\/wp-json\/wp\/v2\/posts\/6784\/revisions"}],"predecessor-version":[{"id":6809,"href":"https:\/\/www.ffrum.at\/website\/wp1\/wp-json\/wp\/v2\/posts\/6784\/revisions\/6809"}],"wp:featuredmedia":[{"embeddable":true,"href":"https:\/\/www.ffrum.at\/website\/wp1\/wp-json\/wp\/v2\/media\/6804"}],"wp:attachment":[{"href":"https:\/\/www.ffrum.at\/website\/wp1\/wp-json\/wp\/v2\/media?parent=6784"}],"wp:term":[{"taxonomy":"category","embeddable":true,"href":"https:\/\/www.ffrum.at\/website\/wp1\/wp-json\/wp\/v2\/categories?post=6784"},{"taxonomy":"post_tag","embeddable":true,"href":"https:\/\/www.ffrum.at\/website\/wp1\/wp-json\/wp\/v2\/tags?post=6784"}],"curies":[{"name":"wp","href":"https:\/\/api.w.org\/{rel}","templated":true}]}}