{"id":6259,"date":"2024-06-29T17:36:08","date_gmt":"2024-06-29T15:36:08","guid":{"rendered":"https:\/\/www.ffrum.at\/website\/wp1\/?p=6259"},"modified":"2025-03-16T22:29:48","modified_gmt":"2025-03-16T21:29:48","slug":"weiterbildung-unserer-mitglieder-beim-erha-tec-firetraining","status":"publish","type":"post","link":"https:\/\/www.ffrum.at\/website\/wp1\/2024\/06\/29\/weiterbildung-unserer-mitglieder-beim-erha-tec-firetraining\/","title":{"rendered":"Weiterbildung unserer Mitglieder beim ERHA-TEC Firetraining"},"content":{"rendered":"<p>Vom 21-23.06 nahmen drei Mitglieder der Freiwilligen Feuerwehr Rum \u2013 Philipp Firlinger, Dominik Gruber und Yannick Gasser \u2013 an einem speziellen Atemschutztraining der ERHA-TEC Firetraining GmbH in B\u00f6blingen, Deutschland, teil.<\/p>\n<p>Die Schulung umfasste praktische \u00dcbungen, darunter das anspruchsvolle Flash Over-Training. Ein Flash Over beschreibt das pl\u00f6tzliche Entz\u00fcnden aller brennbaren Materialien in einem Raum, was eine \u00e4u\u00dferst gef\u00e4hrliche Situation darstellt und spezielle Kenntnisse erfordert. Neben dem Flash Over-Training wurden unsere Mitglieder auch in anderen wichtigen Bereichen geschult:<\/p>\n<ul>\n<li><strong>Hitzebest\u00e4ndigkeit und Schutzkleidung<\/strong>: Die Teilnehmer lernten, wie man sich unter extremen Bedingungen richtig verh\u00e4lt und welche Schutzkleidung erforderlich ist.<\/li>\n<li><strong>Taktisches Vorgehen<\/strong>: Verschiedene Taktiken wurden trainiert, um sicher und effizient in verrauchten und hitzeintensiven Umgebungen arbeiten zu k\u00f6nnen.<\/li>\n<li><strong>Teamarbeit und Kommunikation<\/strong>: Effektive Zusammenarbeit und klare Kommunikation im Team wurden in diversen \u00dcbungen intensiv ge\u00fcbt.<\/li>\n<li><strong>K\u00fchlung von Rauchgasen<\/strong>: Die Mitglieder erhielten spezielle Anweisungen zur richtigen K\u00fchlung von Rauchgasen, um die Gefahr eines Flashovers zu minimieren und die Sicht im Brandraum zu verbessern.<\/li>\n<li><strong>L\u00f6schtechniken<\/strong>: Verschiedene L\u00f6schtechniken wurden praxisnah erprobt, um Br\u00e4nde effizient und sicher bek\u00e4mpfen zu k\u00f6nnen.<\/li>\n<\/ul>\n<p>Diese Schulung erm\u00f6glichte es unseren Mitgliedern, ihr Wissen und ihre F\u00e4higkeiten im Atemschutzwesen zu erweitern. Wir sind froh, dass wir durch solche Weiterbildungen sicherstellen k\u00f6nnen, dass unsere Einsatzkr\u00e4fte optimal auf m\u00f6gliche Gefahren vorbereitet sind.<\/p>\n<p>&nbsp;<\/p>\n<div id='gallery-1' class='gallery galleryid-6259 gallery-columns-3 gallery-size-thumbnail'><figure class='gallery-item'>\n\t\t\t<div class='gallery-icon landscape'>\n\t\t\t\t<a href='https:\/\/www.ffrum.at\/website\/wp1\/2024\/06\/29\/weiterbildung-unserer-mitglieder-beim-erha-tec-firetraining\/2024-06-21-erha-tec-5\/'><img loading=\"lazy\" width=\"150\" height=\"150\" src=\"https:\/\/www.ffrum.at\/website\/wp1\/wp-content\/uploads\/2024\/06\/2024-06-21-Erha-tec-5-150x150.jpg\" class=\"attachment-thumbnail size-thumbnail\" alt=\"2024-06-21 Erha-tec (5)\" loading=\"lazy\" decoding=\"async\" \/><\/a>\n\t\t\t<\/div><\/figure><figure class='gallery-item'>\n\t\t\t<div class='gallery-icon landscape'>\n\t\t\t\t<a href='https:\/\/www.ffrum.at\/website\/wp1\/2024\/06\/29\/weiterbildung-unserer-mitglieder-beim-erha-tec-firetraining\/2024-06-21-erha-tec-3\/'><img loading=\"lazy\" width=\"150\" height=\"150\" src=\"https:\/\/www.ffrum.at\/website\/wp1\/wp-content\/uploads\/2024\/06\/2024-06-21-Erha-tec-3-150x150.jpg\" class=\"attachment-thumbnail size-thumbnail\" alt=\"2024-06-21 Erha-tec (3)\" loading=\"lazy\" decoding=\"async\" \/><\/a>\n\t\t\t<\/div><\/figure><figure class='gallery-item'>\n\t\t\t<div class='gallery-icon landscape'>\n\t\t\t\t<a href='https:\/\/www.ffrum.at\/website\/wp1\/2024\/06\/29\/weiterbildung-unserer-mitglieder-beim-erha-tec-firetraining\/2024-06-21-erha-tec-1\/'><img loading=\"lazy\" width=\"150\" height=\"150\" src=\"https:\/\/www.ffrum.at\/website\/wp1\/wp-content\/uploads\/2024\/06\/2024-06-21-Erha-tec-1-150x150.jpg\" class=\"attachment-thumbnail size-thumbnail\" alt=\"2024-06-21 Erha-tec (1)\" loading=\"lazy\" decoding=\"async\" \/><\/a>\n\t\t\t<\/div><\/figure><figure class='gallery-item'>\n\t\t\t<div class='gallery-icon portrait'>\n\t\t\t\t<a href='https:\/\/www.ffrum.at\/website\/wp1\/2024\/06\/29\/weiterbildung-unserer-mitglieder-beim-erha-tec-firetraining\/2024-06-21-erha-tec-4\/'><img loading=\"lazy\" width=\"150\" height=\"150\" src=\"https:\/\/www.ffrum.at\/website\/wp1\/wp-content\/uploads\/2024\/06\/2024-06-21-Erha-tec-4-150x150.jpg\" class=\"attachment-thumbnail size-thumbnail\" alt=\"2024-06-21 Erha-tec (4)\" loading=\"lazy\" decoding=\"async\" \/><\/a>\n\t\t\t<\/div><\/figure><figure class='gallery-item'>\n\t\t\t<div class='gallery-icon portrait'>\n\t\t\t\t<a href='https:\/\/www.ffrum.at\/website\/wp1\/2024\/06\/29\/weiterbildung-unserer-mitglieder-beim-erha-tec-firetraining\/2024-06-21-erha-tec-6\/'><img loading=\"lazy\" width=\"150\" height=\"150\" src=\"https:\/\/www.ffrum.at\/website\/wp1\/wp-content\/uploads\/2024\/06\/2024-06-21-Erha-tec-6-150x150.jpg\" class=\"attachment-thumbnail size-thumbnail\" alt=\"2024-06-21 Erha-tec (6)\" loading=\"lazy\" decoding=\"async\" \/><\/a>\n\t\t\t<\/div><\/figure><figure class='gallery-item'>\n\t\t\t<div class='gallery-icon portrait'>\n\t\t\t\t<a href='https:\/\/www.ffrum.at\/website\/wp1\/2024\/06\/29\/weiterbildung-unserer-mitglieder-beim-erha-tec-firetraining\/2024-06-21-erha-tec-7\/'><img loading=\"lazy\" width=\"150\" height=\"150\" src=\"https:\/\/www.ffrum.at\/website\/wp1\/wp-content\/uploads\/2024\/06\/2024-06-21-Erha-tec-7-150x150.jpg\" class=\"attachment-thumbnail size-thumbnail\" alt=\"2024-06-21 Erha-tec (7)\" loading=\"lazy\" decoding=\"async\" \/><\/a>\n\t\t\t<\/div><\/figure>\n\t\t<\/div>\n\n","protected":false},"excerpt":{"rendered":"<p>Vom 21-23.06 nahmen drei Mitglieder der Freiwilligen Feuerwehr Rum \u2013 Philipp Firlinger, Dominik Gruber und&#8230;<\/p>\n","protected":false},"author":10,"featured_media":6264,"comment_status":"closed","ping_status":"open","sticky":false,"template":"","format":"standard","meta":{"footnotes":""},"categories":[49,45],"tags":[],"class_list":["post-6259","post","type-post","status-publish","format-standard","has-post-thumbnail","hentry","category-49","category-atemschutz"],"_links":{"self":[{"href":"https:\/\/www.ffrum.at\/website\/wp1\/wp-json\/wp\/v2\/posts\/6259","targetHints":{"allow":["GET"]}}],"collection":[{"href":"https:\/\/www.ffrum.at\/website\/wp1\/wp-json\/wp\/v2\/posts"}],"about":[{"href":"https:\/\/www.ffrum.at\/website\/wp1\/wp-json\/wp\/v2\/types\/post"}],"author":[{"embeddable":true,"href":"https:\/\/www.ffrum.at\/website\/wp1\/wp-json\/wp\/v2\/users\/10"}],"replies":[{"embeddable":true,"href":"https:\/\/www.ffrum.at\/website\/wp1\/wp-json\/wp\/v2\/comments?post=6259"}],"version-history":[{"count":1,"href":"https:\/\/www.ffrum.at\/website\/wp1\/wp-json\/wp\/v2\/posts\/6259\/revisions"}],"predecessor-version":[{"id":6267,"href":"https:\/\/www.ffrum.at\/website\/wp1\/wp-json\/wp\/v2\/posts\/6259\/revisions\/6267"}],"wp:featuredmedia":[{"embeddable":true,"href":"https:\/\/www.ffrum.at\/website\/wp1\/wp-json\/wp\/v2\/media\/6264"}],"wp:attachment":[{"href":"https:\/\/www.ffrum.at\/website\/wp1\/wp-json\/wp\/v2\/media?parent=6259"}],"wp:term":[{"taxonomy":"category","embeddable":true,"href":"https:\/\/www.ffrum.at\/website\/wp1\/wp-json\/wp\/v2\/categories?post=6259"},{"taxonomy":"post_tag","embeddable":true,"href":"https:\/\/www.ffrum.at\/website\/wp1\/wp-json\/wp\/v2\/tags?post=6259"}],"curies":[{"name":"wp","href":"https:\/\/api.w.org\/{rel}","templated":true}]}}