{"id":5916,"date":"2024-03-12T20:15:10","date_gmt":"2024-03-12T19:15:10","guid":{"rendered":"https:\/\/www.ffrum.at\/website\/wp1\/?p=5916"},"modified":"2025-03-16T22:29:34","modified_gmt":"2025-03-16T21:29:34","slug":"unser-feuerwehrstorch-im-einsatz-fuer-nina","status":"publish","type":"post","link":"https:\/\/www.ffrum.at\/website\/wp1\/2024\/03\/12\/unser-feuerwehrstorch-im-einsatz-fuer-nina\/","title":{"rendered":"Unser Feuerwehrstorch im Einsatz f\u00fcr Nina"},"content":{"rendered":"<p>Derzeit hat unser Storch keine ruhige Zeit. Gerade erst gelandet, zieht der Zugvogel schon wieder weiter.<\/p>\n<p>Dieses mal zu unserem Kameraden Sebastian. Am 11.M\u00e4rz um 00:09 Uhr erblickte die kleine Nina das Licht dieser Welt. \u00dcber stolze 51cm und 3305 Gramm Gl\u00fcck darf sich die junge Familie freuen.<\/p>\n<p>Auf diesem Wege m\u00f6chten wir der Familie nochmals unseren Gl\u00fcckwunsch zum Nachwuchs aussprechen und der kleinen Nina alles Gl\u00fcck dieser Welt w\u00fcnschen!<\/p>\n<div id='gallery-1' class='gallery galleryid-5916 gallery-columns-3 gallery-size-thumbnail'><figure class='gallery-item'>\n\t\t\t<div class='gallery-icon portrait'>\n\t\t\t\t<a href='https:\/\/www.ffrum.at\/website\/wp1\/2024\/03\/12\/unser-feuerwehrstorch-im-einsatz-fuer-nina\/20240311_030640000_ios\/'><img loading=\"lazy\" width=\"150\" height=\"150\" src=\"https:\/\/www.ffrum.at\/website\/wp1\/wp-content\/uploads\/2024\/03\/20240311_030640000_iOS-150x150.jpeg\" class=\"attachment-thumbnail size-thumbnail\" alt=\"Feuerwehrstorch Nina\" loading=\"lazy\" decoding=\"async\" \/><\/a>\n\t\t\t<\/div><\/figure><figure class='gallery-item'>\n\t\t\t<div class='gallery-icon portrait'>\n\t\t\t\t<a href='https:\/\/www.ffrum.at\/website\/wp1\/2024\/03\/12\/unser-feuerwehrstorch-im-einsatz-fuer-nina\/20240312_191736\/'><img loading=\"lazy\" width=\"150\" height=\"150\" src=\"https:\/\/www.ffrum.at\/website\/wp1\/wp-content\/uploads\/2024\/03\/20240312_191736-150x150.jpeg\" class=\"attachment-thumbnail size-thumbnail\" alt=\"Feuerwehrstorch Nina\" loading=\"lazy\" decoding=\"async\" \/><\/a>\n\t\t\t<\/div><\/figure><figure class='gallery-item'>\n\t\t\t<div class='gallery-icon portrait'>\n\t\t\t\t<a href='https:\/\/www.ffrum.at\/website\/wp1\/2024\/03\/12\/unser-feuerwehrstorch-im-einsatz-fuer-nina\/20240312_192313\/'><img loading=\"lazy\" width=\"150\" height=\"150\" src=\"https:\/\/www.ffrum.at\/website\/wp1\/wp-content\/uploads\/2024\/03\/20240312_192313-150x150.jpeg\" class=\"attachment-thumbnail size-thumbnail\" alt=\"Feuerwehrstorch Nina\" loading=\"lazy\" decoding=\"async\" \/><\/a>\n\t\t\t<\/div><\/figure>\n\t\t<\/div>\n\n","protected":false},"excerpt":{"rendered":"<p>Derzeit hat unser Storch keine ruhige Zeit. Gerade erst gelandet, zieht der Zugvogel schon wieder&#8230;<\/p>\n","protected":false},"author":5,"featured_media":5919,"comment_status":"closed","ping_status":"open","sticky":false,"template":"","format":"standard","meta":{"footnotes":""},"categories":[49,1],"tags":[],"class_list":["post-5916","post","type-post","status-publish","format-standard","has-post-thumbnail","hentry","category-49","category-kameradschaft"],"_links":{"self":[{"href":"https:\/\/www.ffrum.at\/website\/wp1\/wp-json\/wp\/v2\/posts\/5916","targetHints":{"allow":["GET"]}}],"collection":[{"href":"https:\/\/www.ffrum.at\/website\/wp1\/wp-json\/wp\/v2\/posts"}],"about":[{"href":"https:\/\/www.ffrum.at\/website\/wp1\/wp-json\/wp\/v2\/types\/post"}],"author":[{"embeddable":true,"href":"https:\/\/www.ffrum.at\/website\/wp1\/wp-json\/wp\/v2\/users\/5"}],"replies":[{"embeddable":true,"href":"https:\/\/www.ffrum.at\/website\/wp1\/wp-json\/wp\/v2\/comments?post=5916"}],"version-history":[{"count":2,"href":"https:\/\/www.ffrum.at\/website\/wp1\/wp-json\/wp\/v2\/posts\/5916\/revisions"}],"predecessor-version":[{"id":5921,"href":"https:\/\/www.ffrum.at\/website\/wp1\/wp-json\/wp\/v2\/posts\/5916\/revisions\/5921"}],"wp:featuredmedia":[{"embeddable":true,"href":"https:\/\/www.ffrum.at\/website\/wp1\/wp-json\/wp\/v2\/media\/5919"}],"wp:attachment":[{"href":"https:\/\/www.ffrum.at\/website\/wp1\/wp-json\/wp\/v2\/media?parent=5916"}],"wp:term":[{"taxonomy":"category","embeddable":true,"href":"https:\/\/www.ffrum.at\/website\/wp1\/wp-json\/wp\/v2\/categories?post=5916"},{"taxonomy":"post_tag","embeddable":true,"href":"https:\/\/www.ffrum.at\/website\/wp1\/wp-json\/wp\/v2\/tags?post=5916"}],"curies":[{"name":"wp","href":"https:\/\/api.w.org\/{rel}","templated":true}]}}