{"id":5861,"date":"2024-03-11T18:13:55","date_gmt":"2024-03-11T17:13:55","guid":{"rendered":"https:\/\/www.ffrum.at\/website\/wp1\/?p=5861"},"modified":"2025-03-16T22:29:34","modified_gmt":"2025-03-16T21:29:34","slug":"jahreshauptversammlung-der-freiwilligen-feuerwehr-rum-am-freitag-den-8-maerz-2024","status":"publish","type":"post","link":"https:\/\/www.ffrum.at\/website\/wp1\/2024\/03\/11\/jahreshauptversammlung-der-freiwilligen-feuerwehr-rum-am-freitag-den-8-maerz-2024\/","title":{"rendered":"Jahreshauptversammlung der Freiwilligen Feuerwehr Rum  am Freitag, den 8. M\u00e4rz 2024"},"content":{"rendered":"<p>Am Freitag, den 8. M\u00e4rz 2024 fand im Ger\u00e4tehaus der Freiwilligen Feuerwehr Rum die 132. Jahreshauptversammlung statt.<\/p>\n<p>Nach der Feststellung der Beschlussf\u00e4higkeit konnte Kommandant HBI Romed Stocker zahlreiche Ehreng\u00e4ste, darunter Landeshauptmannstellvertreter a.D. Hans Tanzer, B\u00fcrgermeister Josef Karbon, zahlreiche Gemeinder\u00e4te, Pastorlassistentin Mag.a Marion Prieler, Abteilungsinspektor Daniel K\u00f6lli, Obmann des roten Kreuzes Hall Andreas Hlavac, Abschnittskommandant Kurt Riedmann und Bezirksfeuerwehrkommandant Thomas Reiner begr\u00fc\u00dfen.<\/p>\n<p>Im Anschluss folgte eine Gedenkminute f\u00fcr die 2 verstorbenen Kameraden im Jahr 2023: Klaus Radam und Josef Grubhofer. Darauf folgten die Berichte aus dem Jahr 2023 der Schriftf\u00fchrerin, des Kommandanten und Kommandant Stellvertreter und der Jugendbetreuerin:<\/p>\n<p>Der Gesamtmitgliederstand der Freiwilligen Feuerwehr Rum betrug mit 31.12.2023: 151 Mitglieder. Davon 86 aktive Mitglieder, 16 Feuerwehrjugendmitglieder, 15 Reservisten, 32 Au\u00dfer Dienst, 1 Ehrenmitglied und 1 Gastmitglied.<\/p>\n<p>Die Freiwillige Feuerwehr Rum bew\u00e4ltigte im Jahr 2023 189 Eins\u00e4tze mit 1.466 eingesetzten Mitgliedern und 1.761,5 Einsatzstunden. Im Jahr 2023 wurden 154 Gesamt\u00fcbungen abgehalten mit 1.526 eingesetzten Mitgliedern und 3.725,5 \u00dcbungs- und Schulungsstunden. Die T\u00e4tigkeitsstatistik zeigte 1.493 Gesamtt\u00e4tigkeiten auf mit 1.849 eingesetzten Mitgliedern und 8.144 geleisteten Stunden.<\/p>\n<p>Nach dem Bericht des Kassiers wurde die Kameradschaftskasse von der Vollversammlung entlastet und die Rechnungspr\u00fcfer wiedergew\u00e4hlt.<\/p>\n<p>&nbsp;<\/p>\n<p>Danach folgte der Tagesordnungspunkt Verteilung der Lehrgangsbest\u00e4tigungen. Im Jahr wurden gesamt 149 Kurse besucht von 37 Mitgliedern und 1.365,5 Unterrichtseinheiten.<\/p>\n<p>Nach der Verteilung der 5,5 t F\u00fchrerscheine und den Bewerbsurkunde, wurde Natascha Wolf nochmal zu ihrer Auszeichnung \u201eGlanzleistung \u2013 junges Ehrenamt\u201c gratuliert.<\/p>\n<p>Es folgten noch die ausstehenden Bef\u00f6rderungen vom Jahr 2023:<\/p>\n<p>\u00b7 Maria Bovenzi zum OFM<\/p>\n<p>\u00b7 Yannick Gasser zum LM<\/p>\n<p>&nbsp;<\/p>\n<p>und die \u00dcbergabe der ausstehenden Auszeichnung von 2023<\/p>\n<p>&nbsp;<\/p>\n<p>Ehrenzeichen LFV Tirol 60 Jahre<\/p>\n<p>\u00b7 Walter Fagschlunger, 2023<\/p>\n<p>&nbsp;<\/p>\n<p>Die Jahreshauptversammlung wurde auch zum Anlass genommen, um sich bei Kurt Riedmann der von 1. Oktober 2010 \u2013 31.12.2023 Drehleiterbeauftragter der FF Rum war sich f\u00fcr seinen Einsatz zu bedanken. Es wurde ihm ein Geschenk \u00fcbereicht.<\/p>\n<p>&nbsp;<\/p>\n<p>Der H\u00f6hepunkt der Versammlung war die Ernennung von Alber Klotz zum Ehrenmitglied.<\/p>\n<p>Albert Klotz war 21 Jahre Kommandant der FF Rum von 04.03.1978 \u2013 28.02.1999.<\/p>\n<p>&nbsp;<\/p>\n<p>Zum Abschluss der Jahreshauptversammlung folgte nach den Ansprachen der anwesenden Ehreng\u00e4ste noch der Tagesordnungspunkt Allf\u00e4lliges. Anschlie\u00dfend schloss der Kommandant Romed Stocker die 132. Jahreshauptversammlung mit einem dreifachen \u201eGut Heil\u201c.<\/p>\n<div id='gallery-1' class='gallery galleryid-5861 gallery-columns-3 gallery-size-thumbnail'><figure class='gallery-item'>\n\t\t\t<div class='gallery-icon portrait'>\n\t\t\t\t<a href='https:\/\/www.ffrum.at\/website\/wp1\/2024\/03\/11\/jahreshauptversammlung-der-freiwilligen-feuerwehr-rum-am-freitag-den-8-maerz-2024\/2024-03-08-jahreshauptversammlung_359-2\/'><img loading=\"lazy\" width=\"150\" height=\"150\" src=\"https:\/\/www.ffrum.at\/website\/wp1\/wp-content\/uploads\/2024\/03\/2024-03-08-Jahreshauptversammlung_359-1-150x150.jpg\" class=\"attachment-thumbnail size-thumbnail\" alt=\"2024-03-08 Jahreshauptversammlung_359\" aria-describedby=\"gallery-1-5878\" loading=\"lazy\" decoding=\"async\" \/><\/a>\n\t\t\t<\/div>\n\t\t\t\t<figcaption class='wp-caption-text gallery-caption' id='gallery-1-5878'>\n\t\t\t\t2024-03-08-Jahreshauptversammlung_01\n\t\t\t\t<\/figcaption><\/figure><figure class='gallery-item'>\n\t\t\t<div class='gallery-icon landscape'>\n\t\t\t\t<a href='https:\/\/www.ffrum.at\/website\/wp1\/2024\/03\/11\/jahreshauptversammlung-der-freiwilligen-feuerwehr-rum-am-freitag-den-8-maerz-2024\/2024-03-08-jahreshauptversammlung_356-2\/'><img loading=\"lazy\" width=\"150\" height=\"150\" src=\"https:\/\/www.ffrum.at\/website\/wp1\/wp-content\/uploads\/2024\/03\/2024-03-08-Jahreshauptversammlung_356-1-150x150.jpg\" class=\"attachment-thumbnail size-thumbnail\" alt=\"2024-03-08 Jahreshauptversammlung_356\" aria-describedby=\"gallery-1-5879\" loading=\"lazy\" decoding=\"async\" \/><\/a>\n\t\t\t<\/div>\n\t\t\t\t<figcaption class='wp-caption-text gallery-caption' id='gallery-1-5879'>\n\t\t\t\t2024-03-08-Jahreshauptversammlung_02\n\t\t\t\t<\/figcaption><\/figure><figure class='gallery-item'>\n\t\t\t<div class='gallery-icon portrait'>\n\t\t\t\t<a href='https:\/\/www.ffrum.at\/website\/wp1\/2024\/03\/11\/jahreshauptversammlung-der-freiwilligen-feuerwehr-rum-am-freitag-den-8-maerz-2024\/2024-03-08-jahreshauptversammlung_353-2\/'><img loading=\"lazy\" width=\"150\" height=\"150\" src=\"https:\/\/www.ffrum.at\/website\/wp1\/wp-content\/uploads\/2024\/03\/2024-03-08-Jahreshauptversammlung_353-1-150x150.jpg\" class=\"attachment-thumbnail size-thumbnail\" alt=\"2024-03-08 Jahreshauptversammlung_353\" aria-describedby=\"gallery-1-5880\" loading=\"lazy\" decoding=\"async\" \/><\/a>\n\t\t\t<\/div>\n\t\t\t\t<figcaption class='wp-caption-text gallery-caption' id='gallery-1-5880'>\n\t\t\t\t2024-03-08-Jahreshauptversammlung_03\n\t\t\t\t<\/figcaption><\/figure><figure class='gallery-item'>\n\t\t\t<div class='gallery-icon landscape'>\n\t\t\t\t<a href='https:\/\/www.ffrum.at\/website\/wp1\/2024\/03\/11\/jahreshauptversammlung-der-freiwilligen-feuerwehr-rum-am-freitag-den-8-maerz-2024\/2024-03-08-jahreshauptversammlung_349-2\/'><img loading=\"lazy\" width=\"150\" height=\"150\" src=\"https:\/\/www.ffrum.at\/website\/wp1\/wp-content\/uploads\/2024\/03\/2024-03-08-Jahreshauptversammlung_349-1-150x150.jpg\" class=\"attachment-thumbnail size-thumbnail\" alt=\"2024-03-08 Jahreshauptversammlung_349\" aria-describedby=\"gallery-1-5881\" loading=\"lazy\" decoding=\"async\" \/><\/a>\n\t\t\t<\/div>\n\t\t\t\t<figcaption class='wp-caption-text gallery-caption' id='gallery-1-5881'>\n\t\t\t\t2024-03-08-Jahreshauptversammlung_04\n\t\t\t\t<\/figcaption><\/figure><figure class='gallery-item'>\n\t\t\t<div class='gallery-icon landscape'>\n\t\t\t\t<a href='https:\/\/www.ffrum.at\/website\/wp1\/2024\/03\/11\/jahreshauptversammlung-der-freiwilligen-feuerwehr-rum-am-freitag-den-8-maerz-2024\/2024-03-08-jahreshauptversammlung_343-2\/'><img loading=\"lazy\" width=\"150\" height=\"150\" src=\"https:\/\/www.ffrum.at\/website\/wp1\/wp-content\/uploads\/2024\/03\/2024-03-08-Jahreshauptversammlung_343-1-150x150.jpg\" class=\"attachment-thumbnail size-thumbnail\" alt=\"2024-03-08 Jahreshauptversammlung_343\" aria-describedby=\"gallery-1-5882\" loading=\"lazy\" decoding=\"async\" \/><\/a>\n\t\t\t<\/div>\n\t\t\t\t<figcaption class='wp-caption-text gallery-caption' id='gallery-1-5882'>\n\t\t\t\t2024-03-08-Jahreshauptversammlung_05\n\t\t\t\t<\/figcaption><\/figure><figure class='gallery-item'>\n\t\t\t<div class='gallery-icon landscape'>\n\t\t\t\t<a href='https:\/\/www.ffrum.at\/website\/wp1\/2024\/03\/11\/jahreshauptversammlung-der-freiwilligen-feuerwehr-rum-am-freitag-den-8-maerz-2024\/2024-03-08-jahreshauptversammlung_333-2\/'><img loading=\"lazy\" width=\"150\" height=\"150\" src=\"https:\/\/www.ffrum.at\/website\/wp1\/wp-content\/uploads\/2024\/03\/2024-03-08-Jahreshauptversammlung_333-1-150x150.jpg\" class=\"attachment-thumbnail size-thumbnail\" alt=\"2024-03-08 Jahreshauptversammlung_333\" aria-describedby=\"gallery-1-5883\" loading=\"lazy\" decoding=\"async\" \/><\/a>\n\t\t\t<\/div>\n\t\t\t\t<figcaption class='wp-caption-text gallery-caption' id='gallery-1-5883'>\n\t\t\t\t2024-03-08-Jahreshauptversammlung_06\n\t\t\t\t<\/figcaption><\/figure><figure class='gallery-item'>\n\t\t\t<div class='gallery-icon landscape'>\n\t\t\t\t<a href='https:\/\/www.ffrum.at\/website\/wp1\/2024\/03\/11\/jahreshauptversammlung-der-freiwilligen-feuerwehr-rum-am-freitag-den-8-maerz-2024\/2024-03-08-jahreshauptversammlung_310-2\/'><img loading=\"lazy\" width=\"150\" height=\"150\" src=\"https:\/\/www.ffrum.at\/website\/wp1\/wp-content\/uploads\/2024\/03\/2024-03-08-Jahreshauptversammlung_310-1-150x150.jpg\" class=\"attachment-thumbnail size-thumbnail\" alt=\"2024-03-08 Jahreshauptversammlung_310\" aria-describedby=\"gallery-1-5884\" loading=\"lazy\" decoding=\"async\" \/><\/a>\n\t\t\t<\/div>\n\t\t\t\t<figcaption class='wp-caption-text gallery-caption' id='gallery-1-5884'>\n\t\t\t\t2024-03-08-Jahreshauptversammlung_07\n\t\t\t\t<\/figcaption><\/figure><figure class='gallery-item'>\n\t\t\t<div class='gallery-icon landscape'>\n\t\t\t\t<a href='https:\/\/www.ffrum.at\/website\/wp1\/2024\/03\/11\/jahreshauptversammlung-der-freiwilligen-feuerwehr-rum-am-freitag-den-8-maerz-2024\/2024-03-08-jahreshauptversammlung_304-2\/'><img loading=\"lazy\" width=\"150\" height=\"150\" src=\"https:\/\/www.ffrum.at\/website\/wp1\/wp-content\/uploads\/2024\/03\/2024-03-08-Jahreshauptversammlung_304-1-150x150.jpg\" class=\"attachment-thumbnail size-thumbnail\" alt=\"2024-03-08 Jahreshauptversammlung_304\" aria-describedby=\"gallery-1-5885\" loading=\"lazy\" decoding=\"async\" \/><\/a>\n\t\t\t<\/div>\n\t\t\t\t<figcaption class='wp-caption-text gallery-caption' id='gallery-1-5885'>\n\t\t\t\t2024-03-08-Jahreshauptversammlung_08\n\t\t\t\t<\/figcaption><\/figure><figure class='gallery-item'>\n\t\t\t<div class='gallery-icon landscape'>\n\t\t\t\t<a href='https:\/\/www.ffrum.at\/website\/wp1\/2024\/03\/11\/jahreshauptversammlung-der-freiwilligen-feuerwehr-rum-am-freitag-den-8-maerz-2024\/2024-03-08-jahreshauptversammlung_286-2\/'><img loading=\"lazy\" width=\"150\" height=\"150\" src=\"https:\/\/www.ffrum.at\/website\/wp1\/wp-content\/uploads\/2024\/03\/2024-03-08-Jahreshauptversammlung_286-1-150x150.jpg\" class=\"attachment-thumbnail size-thumbnail\" alt=\"2024-03-08 Jahreshauptversammlung_286\" aria-describedby=\"gallery-1-5886\" loading=\"lazy\" decoding=\"async\" \/><\/a>\n\t\t\t<\/div>\n\t\t\t\t<figcaption class='wp-caption-text gallery-caption' id='gallery-1-5886'>\n\t\t\t\t2024-03-08-Jahreshauptversammlung_09\n\t\t\t\t<\/figcaption><\/figure><figure class='gallery-item'>\n\t\t\t<div class='gallery-icon landscape'>\n\t\t\t\t<a href='https:\/\/www.ffrum.at\/website\/wp1\/2024\/03\/11\/jahreshauptversammlung-der-freiwilligen-feuerwehr-rum-am-freitag-den-8-maerz-2024\/2024-03-08-jahreshauptversammlung_092-2\/'><img loading=\"lazy\" width=\"150\" height=\"150\" src=\"https:\/\/www.ffrum.at\/website\/wp1\/wp-content\/uploads\/2024\/03\/2024-03-08-Jahreshauptversammlung_092-1-150x150.jpg\" class=\"attachment-thumbnail size-thumbnail\" alt=\"2024-03-08 Jahreshauptversammlung_001\" aria-describedby=\"gallery-1-5887\" loading=\"lazy\" decoding=\"async\" \/><\/a>\n\t\t\t<\/div>\n\t\t\t\t<figcaption class='wp-caption-text gallery-caption' id='gallery-1-5887'>\n\t\t\t\t2024-03-08-Jahreshauptversammlung_10\n\t\t\t\t<\/figcaption><\/figure><figure class='gallery-item'>\n\t\t\t<div class='gallery-icon portrait'>\n\t\t\t\t<a href='https:\/\/www.ffrum.at\/website\/wp1\/2024-03-08_jahreshauptversammlung_059\/'><img loading=\"lazy\" width=\"150\" height=\"150\" src=\"https:\/\/www.ffrum.at\/website\/wp1\/wp-content\/uploads\/2024\/03\/2024-03-08_Jahreshauptversammlung_059-150x150.jpg\" class=\"attachment-thumbnail size-thumbnail\" alt=\"2024-03-08_Jahreshauptversammlung_059\" aria-describedby=\"gallery-1-5906\" loading=\"lazy\" decoding=\"async\" \/><\/a>\n\t\t\t<\/div>\n\t\t\t\t<figcaption class='wp-caption-text gallery-caption' id='gallery-1-5906'>\n\t\t\t\t2024-03-08-Jahreshauptversammlung_11\n\t\t\t\t<\/figcaption><\/figure><figure class='gallery-item'>\n\t\t\t<div class='gallery-icon landscape'>\n\t\t\t\t<a href='https:\/\/www.ffrum.at\/website\/wp1\/2024-03-08_jahreshauptversammlung_054\/'><img loading=\"lazy\" width=\"150\" height=\"150\" src=\"https:\/\/www.ffrum.at\/website\/wp1\/wp-content\/uploads\/2024\/03\/2024-03-08_Jahreshauptversammlung_054-150x150.jpg\" class=\"attachment-thumbnail size-thumbnail\" alt=\"2024-03-08_Jahreshauptversammlung_054\" aria-describedby=\"gallery-1-5905\" loading=\"lazy\" decoding=\"async\" \/><\/a>\n\t\t\t<\/div>\n\t\t\t\t<figcaption class='wp-caption-text gallery-caption' id='gallery-1-5905'>\n\t\t\t\t2024-03-08-Jahreshauptversammlung_12\n\t\t\t\t<\/figcaption><\/figure><figure class='gallery-item'>\n\t\t\t<div class='gallery-icon portrait'>\n\t\t\t\t<a href='https:\/\/www.ffrum.at\/website\/wp1\/2024-03-08_jahreshauptversammlung_041\/'><img loading=\"lazy\" width=\"150\" height=\"150\" src=\"https:\/\/www.ffrum.at\/website\/wp1\/wp-content\/uploads\/2024\/03\/2024-03-08_Jahreshauptversammlung_041-150x150.jpg\" class=\"attachment-thumbnail size-thumbnail\" alt=\"2024-03-08_Jahreshauptversammlung_041\" aria-describedby=\"gallery-1-5904\" loading=\"lazy\" decoding=\"async\" \/><\/a>\n\t\t\t<\/div>\n\t\t\t\t<figcaption class='wp-caption-text gallery-caption' id='gallery-1-5904'>\n\t\t\t\t2024-03-08-Jahreshauptversammlung_13\n\t\t\t\t<\/figcaption><\/figure>\n\t\t<\/div>\n\n","protected":false},"excerpt":{"rendered":"<p>Am Freitag, den 8. M\u00e4rz 2024 fand im Ger\u00e4tehaus der Freiwilligen Feuerwehr Rum die 132&#8230;.<\/p>\n","protected":false},"author":7,"featured_media":5887,"comment_status":"closed","ping_status":"open","sticky":false,"template":"","format":"standard","meta":{"footnotes":""},"categories":[49,1],"tags":[],"class_list":["post-5861","post","type-post","status-publish","format-standard","has-post-thumbnail","hentry","category-49","category-kameradschaft"],"_links":{"self":[{"href":"https:\/\/www.ffrum.at\/website\/wp1\/wp-json\/wp\/v2\/posts\/5861","targetHints":{"allow":["GET"]}}],"collection":[{"href":"https:\/\/www.ffrum.at\/website\/wp1\/wp-json\/wp\/v2\/posts"}],"about":[{"href":"https:\/\/www.ffrum.at\/website\/wp1\/wp-json\/wp\/v2\/types\/post"}],"author":[{"embeddable":true,"href":"https:\/\/www.ffrum.at\/website\/wp1\/wp-json\/wp\/v2\/users\/7"}],"replies":[{"embeddable":true,"href":"https:\/\/www.ffrum.at\/website\/wp1\/wp-json\/wp\/v2\/comments?post=5861"}],"version-history":[{"count":4,"href":"https:\/\/www.ffrum.at\/website\/wp1\/wp-json\/wp\/v2\/posts\/5861\/revisions"}],"predecessor-version":[{"id":5908,"href":"https:\/\/www.ffrum.at\/website\/wp1\/wp-json\/wp\/v2\/posts\/5861\/revisions\/5908"}],"wp:featuredmedia":[{"embeddable":true,"href":"https:\/\/www.ffrum.at\/website\/wp1\/wp-json\/wp\/v2\/media\/5887"}],"wp:attachment":[{"href":"https:\/\/www.ffrum.at\/website\/wp1\/wp-json\/wp\/v2\/media?parent=5861"}],"wp:term":[{"taxonomy":"category","embeddable":true,"href":"https:\/\/www.ffrum.at\/website\/wp1\/wp-json\/wp\/v2\/categories?post=5861"},{"taxonomy":"post_tag","embeddable":true,"href":"https:\/\/www.ffrum.at\/website\/wp1\/wp-json\/wp\/v2\/tags?post=5861"}],"curies":[{"name":"wp","href":"https:\/\/api.w.org\/{rel}","templated":true}]}}