{"id":5834,"date":"2024-02-28T21:47:31","date_gmt":"2024-02-28T20:47:31","guid":{"rendered":"https:\/\/www.ffrum.at\/website\/wp1\/?p=5834"},"modified":"2025-03-16T22:29:34","modified_gmt":"2025-03-16T21:29:34","slug":"unser-feuerwehrstorch-im-einsatz-fuer-hilda","status":"publish","type":"post","link":"https:\/\/www.ffrum.at\/website\/wp1\/2024\/02\/28\/unser-feuerwehrstorch-im-einsatz-fuer-hilda\/","title":{"rendered":"Unser Feuerwehrstorch im Einsatz f\u00fcr Hilda"},"content":{"rendered":"<p>Bereits nach wenigen Tagen wurde unser Storch wieder alarmiert. Diesesmal zu unserem Kamerad Josef und seine Marilena. Die kleine Hilda erblickte am 25.02.2024 mit einem Gewicht von 3kg und einer Gr\u00f6\u00dfe von 48cm das Licht der Welt.<\/p>\n<p>Auf diesem Wege m\u00f6chten wir der Familie nochmals unseren Gl\u00fcckwunsch zum Nachwuchs aussprechen und der kleinen Hilda alles Gl\u00fcck dieser\u00a0Welt\u00a0w\u00fcnschen!<\/p>\n<p>&nbsp;<\/p>\n<div id='gallery-1' class='gallery galleryid-5834 gallery-columns-3 gallery-size-thumbnail'><figure class='gallery-item'>\n\t\t\t<div class='gallery-icon portrait'>\n\t\t\t\t<a href='https:\/\/www.ffrum.at\/website\/wp1\/2024_02_28_unser-feuerwehrstorch-im-einsatz-fuer-hilda-01\/'><img loading=\"lazy\" width=\"150\" height=\"150\" src=\"https:\/\/www.ffrum.at\/website\/wp1\/wp-content\/uploads\/2024\/02\/2024_02_28_Unser-Feuerwehrstorch-im-Einsatz-fuer-Hilda-01-150x150.jpg\" class=\"attachment-thumbnail size-thumbnail\" alt=\"2024_02_28_Unser Feuerwehrstorch im Einsatz f\u00fcr Hilda 01\" loading=\"lazy\" decoding=\"async\" \/><\/a>\n\t\t\t<\/div><\/figure><figure class='gallery-item'>\n\t\t\t<div class='gallery-icon landscape'>\n\t\t\t\t<a href='https:\/\/www.ffrum.at\/website\/wp1\/2024_02_28_unser-feuerwehrstorch-im-einsatz-fuer-hilda-02\/'><img loading=\"lazy\" width=\"150\" height=\"150\" src=\"https:\/\/www.ffrum.at\/website\/wp1\/wp-content\/uploads\/2024\/02\/2024_02_28_Unser-Feuerwehrstorch-im-Einsatz-fuer-Hilda-02-150x150.jpg\" class=\"attachment-thumbnail size-thumbnail\" alt=\"2024_02_28_Unser Feuerwehrstorch im Einsatz f\u00fcr Hilda 02\" loading=\"lazy\" decoding=\"async\" \/><\/a>\n\t\t\t<\/div><\/figure><figure class='gallery-item'>\n\t\t\t<div class='gallery-icon portrait'>\n\t\t\t\t<a href='https:\/\/www.ffrum.at\/website\/wp1\/2024_02_28_unser-feuerwehrstorch-im-einsatz-fuer-hilda-03\/'><img loading=\"lazy\" width=\"150\" height=\"150\" src=\"https:\/\/www.ffrum.at\/website\/wp1\/wp-content\/uploads\/2024\/02\/2024_02_28_Unser-Feuerwehrstorch-im-Einsatz-fuer-Hilda-03-150x150.jpg\" class=\"attachment-thumbnail size-thumbnail\" alt=\"2024_02_28_Unser Feuerwehrstorch im Einsatz f\u00fcr Hilda 03\" loading=\"lazy\" decoding=\"async\" \/><\/a>\n\t\t\t<\/div><\/figure>\n\t\t<\/div>\n\n","protected":false},"excerpt":{"rendered":"<p>Bereits nach wenigen Tagen wurde unser Storch wieder alarmiert. Diesesmal zu unserem Kamerad Josef und&#8230;<\/p>\n","protected":false},"author":5,"featured_media":5837,"comment_status":"closed","ping_status":"open","sticky":false,"template":"","format":"standard","meta":{"footnotes":""},"categories":[49,1],"tags":[],"class_list":["post-5834","post","type-post","status-publish","format-standard","has-post-thumbnail","hentry","category-49","category-kameradschaft"],"_links":{"self":[{"href":"https:\/\/www.ffrum.at\/website\/wp1\/wp-json\/wp\/v2\/posts\/5834","targetHints":{"allow":["GET"]}}],"collection":[{"href":"https:\/\/www.ffrum.at\/website\/wp1\/wp-json\/wp\/v2\/posts"}],"about":[{"href":"https:\/\/www.ffrum.at\/website\/wp1\/wp-json\/wp\/v2\/types\/post"}],"author":[{"embeddable":true,"href":"https:\/\/www.ffrum.at\/website\/wp1\/wp-json\/wp\/v2\/users\/5"}],"replies":[{"embeddable":true,"href":"https:\/\/www.ffrum.at\/website\/wp1\/wp-json\/wp\/v2\/comments?post=5834"}],"version-history":[{"count":3,"href":"https:\/\/www.ffrum.at\/website\/wp1\/wp-json\/wp\/v2\/posts\/5834\/revisions"}],"predecessor-version":[{"id":5840,"href":"https:\/\/www.ffrum.at\/website\/wp1\/wp-json\/wp\/v2\/posts\/5834\/revisions\/5840"}],"wp:featuredmedia":[{"embeddable":true,"href":"https:\/\/www.ffrum.at\/website\/wp1\/wp-json\/wp\/v2\/media\/5837"}],"wp:attachment":[{"href":"https:\/\/www.ffrum.at\/website\/wp1\/wp-json\/wp\/v2\/media?parent=5834"}],"wp:term":[{"taxonomy":"category","embeddable":true,"href":"https:\/\/www.ffrum.at\/website\/wp1\/wp-json\/wp\/v2\/categories?post=5834"},{"taxonomy":"post_tag","embeddable":true,"href":"https:\/\/www.ffrum.at\/website\/wp1\/wp-json\/wp\/v2\/tags?post=5834"}],"curies":[{"name":"wp","href":"https:\/\/api.w.org\/{rel}","templated":true}]}}