{"id":5545,"date":"2024-01-12T11:13:22","date_gmt":"2024-01-12T10:13:22","guid":{"rendered":"https:\/\/www.ffrum.at\/website\/wp1\/?p=5545"},"modified":"2025-03-16T22:28:44","modified_gmt":"2025-03-16T21:28:44","slug":"einsatzreicher-donnerstagabend-den-11-01-2024","status":"publish","type":"post","link":"https:\/\/www.ffrum.at\/website\/wp1\/2024\/01\/12\/einsatzreicher-donnerstagabend-den-11-01-2024\/","title":{"rendered":"Einsatzreicher Donnerstagabend den 11.01.2024"},"content":{"rendered":"<p>Am Donnerstag, den 11.01.2024 um 19:31 Uhr wurde die Freiwillige Feuerwehr Rum zum ersten Einsatz des Tages im Bereich Neu-Rum gerufen. Dort vernahmen einige Bewohner einen Brandgeruch im Stiegenhaus. Die FF Rum Erkundete das Geb\u00e4ude mit Dachstuhl und Kellerabteilen, sowie die Wohnungen und konnten kein Brand festgestellt werden. Die FF Rum gab Entwarnung und r\u00fcckte wieder in das Ger\u00e4tehaus ein.<\/p>\n<p>Im Einsatz standen:<\/p>\n<ul>\n<li>Tank 1 Rum<\/li>\n<li>DLK Rum<\/li>\n<li>Exekutivdienst<\/li>\n<\/ul>\n<p>&nbsp;<\/p>\n<p>Bericht: FF Rum<br \/>\nBilder: FF Rum<\/p>\n<p><img fetchpriority=\"high\" decoding=\"async\" class=\"alignnone size-medium wp-image-5540\" src=\"https:\/\/www.ffrum.at\/website\/wp1\/wp-content\/uploads\/2024\/01\/2024_01_11_Brandgeruch_MFH_002-300x225.jpg\" alt=\"\" width=\"300\" height=\"225\" srcset=\"https:\/\/www.ffrum.at\/website\/wp1\/wp-content\/uploads\/2024\/01\/2024_01_11_Brandgeruch_MFH_002-300x225.jpg 300w, https:\/\/www.ffrum.at\/website\/wp1\/wp-content\/uploads\/2024\/01\/2024_01_11_Brandgeruch_MFH_002-1024x768.jpg 1024w, https:\/\/www.ffrum.at\/website\/wp1\/wp-content\/uploads\/2024\/01\/2024_01_11_Brandgeruch_MFH_002-768x576.jpg 768w, https:\/\/www.ffrum.at\/website\/wp1\/wp-content\/uploads\/2024\/01\/2024_01_11_Brandgeruch_MFH_002-1536x1152.jpg 1536w, https:\/\/www.ffrum.at\/website\/wp1\/wp-content\/uploads\/2024\/01\/2024_01_11_Brandgeruch_MFH_002.jpg 1600w\" sizes=\"(max-width: 300px) 100vw, 300px\" \/><\/p>\n<p>Um 21:45 Uhr wurde die Freiwillige Feuerwehr Rum zum zweiten Einsatz im Bereich Hoch-Rum alarmiert. Dort solle eine Person eingeschlossen gewesen sein. Bei Eintreffen versuchte die FF Rum sich Zugang \u00fcber ein Fenster zu verschaffen. Zeitgleich konnte mit der Person \u00fcber den Balkon Kontakt aufgenommen werden. Die betroffene Person \u00f6ffnete die Balkont\u00fcr und somit konnte die FF Rum den Patienten der Rettung f\u00fcr weitere Untersuchungen \u00fcbergeben und die FF Rum wieder einr\u00fccken.<\/p>\n<p>Im Einsatz standen:<\/p>\n<ul>\n<li>KDO Rum<\/li>\n<li>Tank 1 Rum<\/li>\n<li>DLK Rum<\/li>\n<li>Rettungsdienst Tirol<\/li>\n<li>Einsatzleitung Rettungsdienst Innsbruck<\/li>\n<li>Exekutivdienst<\/li>\n<\/ul>\n<p>&nbsp;<\/p>\n<p>Bericht: FF Rum<br \/>\nBilder: FF Rum<\/p>\n<div id='gallery-1' class='gallery galleryid-5545 gallery-columns-3 gallery-size-thumbnail'><figure class='gallery-item'>\n\t\t\t<div class='gallery-icon landscape'>\n\t\t\t\t<a href='https:\/\/www.ffrum.at\/website\/wp1\/2024_01_11_person_eingeschlossen_010\/'><img loading=\"lazy\" width=\"150\" height=\"150\" src=\"https:\/\/www.ffrum.at\/website\/wp1\/wp-content\/uploads\/2024\/01\/2024_01_11_Person_eingeschlossen_010-150x150.jpg\" class=\"attachment-thumbnail size-thumbnail\" alt=\"2024_01_11_Person_eingeschlossen_010\" loading=\"lazy\" decoding=\"async\" \/><\/a>\n\t\t\t<\/div><\/figure><figure class='gallery-item'>\n\t\t\t<div class='gallery-icon portrait'>\n\t\t\t\t<a href='https:\/\/www.ffrum.at\/website\/wp1\/2024_01_11_person_eingeschlossen_001\/'><img loading=\"lazy\" width=\"150\" height=\"150\" src=\"https:\/\/www.ffrum.at\/website\/wp1\/wp-content\/uploads\/2024\/01\/2024_01_11_Person_eingeschlossen_001-150x150.jpg\" class=\"attachment-thumbnail size-thumbnail\" alt=\"2024_01_11_Person_eingeschlossen_001\" loading=\"lazy\" decoding=\"async\" \/><\/a>\n\t\t\t<\/div><\/figure><figure class='gallery-item'>\n\t\t\t<div class='gallery-icon portrait'>\n\t\t\t\t<a href='https:\/\/www.ffrum.at\/website\/wp1\/2024_01_11_person_eingeschlossen_004\/'><img loading=\"lazy\" width=\"150\" height=\"150\" src=\"https:\/\/www.ffrum.at\/website\/wp1\/wp-content\/uploads\/2024\/01\/2024_01_11_Person_eingeschlossen_004-150x150.jpg\" class=\"attachment-thumbnail size-thumbnail\" alt=\"2024_01_11_Person_eingeschlossen_004\" loading=\"lazy\" decoding=\"async\" \/><\/a>\n\t\t\t<\/div><\/figure><figure class='gallery-item'>\n\t\t\t<div class='gallery-icon portrait'>\n\t\t\t\t<a href='https:\/\/www.ffrum.at\/website\/wp1\/2024_01_11_person_eingeschlossen_007\/'><img loading=\"lazy\" width=\"150\" height=\"150\" src=\"https:\/\/www.ffrum.at\/website\/wp1\/wp-content\/uploads\/2024\/01\/2024_01_11_Person_eingeschlossen_007-150x150.jpg\" class=\"attachment-thumbnail size-thumbnail\" alt=\"2024_01_11_Person_eingeschlossen_007\" loading=\"lazy\" decoding=\"async\" \/><\/a>\n\t\t\t<\/div><\/figure>\n\t\t<\/div>\n\n","protected":false},"excerpt":{"rendered":"<p>Am Donnerstag, den 11.01.2024 um 19:31 Uhr wurde die Freiwillige Feuerwehr Rum zum ersten Einsatz&#8230;<\/p>\n","protected":false},"author":6,"featured_media":5543,"comment_status":"closed","ping_status":"open","sticky":false,"template":"","format":"standard","meta":{"footnotes":""},"categories":[49,34,35],"tags":[],"class_list":["post-5545","post","type-post","status-publish","format-standard","has-post-thumbnail","hentry","category-49","category-brandeinsatz","category-technischer-einsatz"],"_links":{"self":[{"href":"https:\/\/www.ffrum.at\/website\/wp1\/wp-json\/wp\/v2\/posts\/5545","targetHints":{"allow":["GET"]}}],"collection":[{"href":"https:\/\/www.ffrum.at\/website\/wp1\/wp-json\/wp\/v2\/posts"}],"about":[{"href":"https:\/\/www.ffrum.at\/website\/wp1\/wp-json\/wp\/v2\/types\/post"}],"author":[{"embeddable":true,"href":"https:\/\/www.ffrum.at\/website\/wp1\/wp-json\/wp\/v2\/users\/6"}],"replies":[{"embeddable":true,"href":"https:\/\/www.ffrum.at\/website\/wp1\/wp-json\/wp\/v2\/comments?post=5545"}],"version-history":[{"count":3,"href":"https:\/\/www.ffrum.at\/website\/wp1\/wp-json\/wp\/v2\/posts\/5545\/revisions"}],"predecessor-version":[{"id":5548,"href":"https:\/\/www.ffrum.at\/website\/wp1\/wp-json\/wp\/v2\/posts\/5545\/revisions\/5548"}],"wp:featuredmedia":[{"embeddable":true,"href":"https:\/\/www.ffrum.at\/website\/wp1\/wp-json\/wp\/v2\/media\/5543"}],"wp:attachment":[{"href":"https:\/\/www.ffrum.at\/website\/wp1\/wp-json\/wp\/v2\/media?parent=5545"}],"wp:term":[{"taxonomy":"category","embeddable":true,"href":"https:\/\/www.ffrum.at\/website\/wp1\/wp-json\/wp\/v2\/categories?post=5545"},{"taxonomy":"post_tag","embeddable":true,"href":"https:\/\/www.ffrum.at\/website\/wp1\/wp-json\/wp\/v2\/tags?post=5545"}],"curies":[{"name":"wp","href":"https:\/\/api.w.org\/{rel}","templated":true}]}}